{"id":340505,"date":"2026-09-03T16:27:12","date_gmt":"2026-09-03T16:27:12","guid":{"rendered":"https:\/\/www.europesays.com\/fi\/340505\/"},"modified":"2026-09-03T16:27:12","modified_gmt":"2026-09-03T16:27:12","slug":"yhdysvaltain-hallinnon-vaatimukset-ovat-liikaa-norjalaiselle-avustusjarjestolle-joka-lopettaa-usa-yhteistyon-eettisista-syista-uutissuomalainen","status":"publish","type":"post","link":"https:\/\/www.europesays.com\/fi\/340505\/","title":{"rendered":"Yhdysvaltain hallinnon vaatimukset ovat liikaa norjalaiselle avustusj\u00e4rjest\u00f6lle, joka lopettaa USA-yhteisty\u00f6n eettisist\u00e4 syist\u00e4 | Uutissuomalainen"},"content":{"rendered":"<p>Norjalainen avustusj\u00e4rjest\u00f6 lopettaa yhteisty\u00f6ns\u00e4 Yhdysvaltojen kanssa, koska ei voi hyv\u00e4ksy\u00e4 puuttumista eettisiin arvoihinsa.<\/p>\n<p>Norjan kansanapu on yksi maailman suurimmista miinanraivausta tekevist\u00e4 humanitaarisista j\u00e4rjest\u00f6ist\u00e4. Yhteisty\u00f6n lopettaminen Yhdysvaltojen kanssa merkitsee, ett\u00e4 j\u00e4rjest\u00f6 menett\u00e4\u00e4 noin 40 miljoonan dollarin tulot ja joutuu leikkaamaan 1\u2009700 ty\u00f6paikkaa.<\/p>\n<p>J\u00e4rjest\u00f6n mukaan sen on mahdotonta hyv\u00e4ksy\u00e4 Yhdysvaltojen ulkoministeri\u00f6n esitt\u00e4mi\u00e4 uusia ehtoja, joiden mukaan Yhdysvaltojen rahoittamat j\u00e4rjest\u00f6t eiv\u00e4t saa muun muassa edist\u00e4\u00e4 aborttia tai sukupuolten v\u00e4list\u00e4 tasa-arvoa.<\/p>\n<p>\u2013\u2009Tasa-arvo, ihmisarvo ja monimuotoisuus eiv\u00e4t ole uhkia: ne ovat arvoja, jotka vahvistavat ty\u00f6t\u00e4mme ja tekev\u00e4t yhteis\u00f6ist\u00e4 parempia. Ne ovat arvoja, joiden puolesta taistelemme, perusteli j\u00e4rjest\u00f6n p\u00e4\u00e4sihteeri Raymond Johansen p\u00e4\u00e4t\u00f6st\u00e4 lausunnossaan.<\/p>\n<p>Norjalaisorganisaatio on raivannut miinoja muun muassa Ukrainasta.<\/p>\n","protected":false},"excerpt":{"rendered":"Norjalainen avustusj\u00e4rjest\u00f6 lopettaa yhteisty\u00f6ns\u00e4 Yhdysvaltojen kanssa, koska ei voi hyv\u00e4ksy\u00e4 puuttumista eettisiin arvoihinsa. Norjan kansanapu on yksi maailman&hellip;\n","protected":false},"author":2,"featured_media":340506,"comment_status":"","ping_status":"","sticky":false,"template":"","format":"standard","meta":{"footnotes":"","_share_on_mastodon":"0"},"categories":[14],"tags":[22,23,26,27,33,31,30,17,24,25,28,29,15,18,21,637,103,32,19,20,860,56,16,59,60,61,796],"class_list":["post-340505","post","type-post","status-publish","format-standard","has-post-thumbnail","category-ulkomaat","tag-breaking-news","tag-breakingnews","tag-featured-news","tag-featurednews","tag-fi","tag-finland","tag-finnish","tag-headlines","tag-latest-news","tag-latestnews","tag-main-news","tag-mainnews","tag-news","tag-otsikot","tag-paauutiset","tag-politiikka","tag-sosiaalikysymykset","tag-suomi","tag-top-stories","tag-topstories","tag-tyoelama","tag-ulkomaat","tag-uutiset","tag-world","tag-world-news","tag-worldnews","tag-yhteiskunta"],"share_on_mastodon":{"url":"https:\/\/pubeurope.com\/@fi\/117208052347430358","error":""},"_links":{"self":[{"href":"https:\/\/www.europesays.com\/fi\/wp-json\/wp\/v2\/posts\/340505","targetHints":{"allow":["GET"]}}],"collection":[{"href":"https:\/\/www.europesays.com\/fi\/wp-json\/wp\/v2\/posts"}],"about":[{"href":"https:\/\/www.europesays.com\/fi\/wp-json\/wp\/v2\/types\/post"}],"author":[{"embeddable":true,"href":"https:\/\/www.europesays.com\/fi\/wp-json\/wp\/v2\/users\/2"}],"replies":[{"embeddable":true,"href":"https:\/\/www.europesays.com\/fi\/wp-json\/wp\/v2\/comments?post=340505"}],"version-history":[{"count":0,"href":"https:\/\/www.europesays.com\/fi\/wp-json\/wp\/v2\/posts\/340505\/revisions"}],"wp:featuredmedia":[{"embeddable":true,"href":"https:\/\/www.europesays.com\/fi\/wp-json\/wp\/v2\/media\/340506"}],"wp:attachment":[{"href":"https:\/\/www.europesays.com\/fi\/wp-json\/wp\/v2\/media?parent=340505"}],"wp:term":[{"taxonomy":"category","embeddable":true,"href":"https:\/\/www.europesays.com\/fi\/wp-json\/wp\/v2\/categories?post=340505"},{"taxonomy":"post_tag","embeddable":true,"href":"https:\/\/www.europesays.com\/fi\/wp-json\/wp\/v2\/tags?post=340505"}],"curies":[{"name":"wp","href":"https:\/\/api.w.org\/{rel}","templated":true}]}}