{"id":340525,"date":"2026-09-03T16:55:18","date_gmt":"2026-09-03T16:55:18","guid":{"rendered":"https:\/\/www.europesays.com\/fi\/340525\/"},"modified":"2026-09-03T16:55:18","modified_gmt":"2026-09-03T16:55:18","slug":"hiihdon-mm-kisoja-jarjestetaan-jatkossa-nykyista-useammin","status":"publish","type":"post","link":"https:\/\/www.europesays.com\/fi\/340525\/","title":{"rendered":"Hiihdon MM-kisoja j\u00e4rjestet\u00e4\u00e4n jatkossa nykyist\u00e4 useammin"},"content":{"rendered":"<p>Joko hiihdon MM-kisat tai olympialaiset kilpaillaan jatkossa joka vuosi.<\/p>\n<p><img decoding=\"async\" src=\"https:\/\/www.europesays.com\/fi\/wp-content\/uploads\/2026\/09\/1788454518_868_468.jpg\" alt=\"Hiihdon MM-kisat j\u00e4rjestet\u00e4\u00e4n jatkossa vuosittain. Kuva vuoden 2023 kisoista Slovenian Planicasta.\" class=\"_Img_1rerz_1\" style=\"aspect-ratio:1920\/1440\" loading=\"eager\"\/><\/p>\n<p class=\"font-(family-name:--picture-caption-font-family) text-(length:--picture-caption-font-size) leading-(--picture-caption-leading) font-(--picture-caption-font-weight) text-(color:--picture-caption-color)\">Hiihdon MM-kisat j\u00e4rjestet\u00e4\u00e4n jatkossa vuosittain. Kuva vuoden 2023 kisoista Slovenian Planicasta. Kuva:\u00a0Tatu Myllykoski<\/p>\n<p class=\"article-body mb-(--paragraph-margin-b) px-nof-16\">Kansainv\u00e4linen hiihtoliitto FIS on kokoustanut viimeisten kahden p\u00e4iv\u00e4n ajan Sveitsin Thunissa. Liitto k\u00e4sitteli muun muassa ven\u00e4l\u00e4isten ja valkoven\u00e4l\u00e4isten urheilijoiden osallistumisoikeutta tulevalle kaudelle (2026\u201327).<\/p>\n<p class=\"article-body mb-(--paragraph-margin-b) px-nof-16\">FIS p\u00e4\u00e4tti, ett\u00e4 ven\u00e4l\u00e4iset ja valkoven\u00e4l\u00e4iset urheilijat voivat osallistua sen j\u00e4rjest\u00e4miin kisoihin puolueettomalla statuksella.<\/p>\n<p class=\"article-body mb-(--paragraph-margin-b) px-nof-16\">Kansainv\u00e4linen hiihtoliitto teki my\u00f6s toisen merkitt\u00e4v\u00e4n p\u00e4\u00e4t\u00f6ksen, kun se p\u00e4\u00e4tti muuttaa hiihdon MM-kisojen j\u00e4rjest\u00e4mistahtia.<\/p>\n<p class=\"article-body mb-(--paragraph-margin-b) px-nof-16\">Kisat on j\u00e4rjestetty jo pidemm\u00e4n aikaa kahden vuoden v\u00e4lein. FIS p\u00e4\u00e4tti, ett\u00e4 jatkossa MM-kilpailut j\u00e4rjestet\u00e4\u00e4n jokaisena vuonna paitsi olympiavuonna.<\/p>\n<p class=\"article-body mb-(--paragraph-margin-b) px-nof-16\"><a class=\"underline underline-offset-[0.12em] [text-decoration-thickness:var(--generic-link-underline-thickness)] [text-decoration-color:var(--generic-link-underline-color)] [text-decoration-skip-ink:var(--generic-link-underline-skip-ink)] break-words\" href=\"https:\/\/www.fis-ski.com\/inside-fis\/news\/2026-27\/fis-council-concludes-two-day-meeting-in-thun?utm_source=sdrn%3Avg%3Aarticle%3Ay5Xb9g\" rel=\"nofollow noopener\" target=\"_blank\">FIS kertoi tiedotteessaan<\/a>, ett\u00e4 uusi j\u00e4rjestely voitaisiin ottaa k\u00e4ytt\u00f6\u00f6n vuonna 2032. FIS kuitenkin harkitsee, ett\u00e4 muutos astuisi voimaan jo vuonna 2028.<\/p>\n<p class=\"article-body mb-(--paragraph-margin-b) px-nof-16\">FIS perusteli muutosta muun muassa kaupallisilla ja mediaoikeuksiin liittyvill\u00e4 mahdollisuuksilla.<\/p>\n<p class=\"article-body mb-(--paragraph-margin-b) px-nof-16\">Hiihdon ensi vuoden MM-kisat j\u00e4rjestet\u00e4\u00e4n Ruotsin Falunissa. Vuonna 2029 MM-kisat k\u00e4yd\u00e4\u00e4n Lahdessa.<\/p>\n","protected":false},"excerpt":{"rendered":"Joko hiihdon MM-kisat tai olympialaiset kilpaillaan jatkossa joka vuosi. Hiihdon MM-kisat j\u00e4rjestet\u00e4\u00e4n jatkossa vuosittain. Kuva vuoden 2023 kisoista&hellip;\n","protected":false},"author":2,"featured_media":340526,"comment_status":"","ping_status":"","sticky":false,"template":"","format":"standard","meta":{"footnotes":"","_share_on_mastodon":"0"},"categories":[5],"tags":[157,22,23,26,27,33,31,30,17,24,25,28,29,15,18,21,32,19,20,16],"class_list":["post-340525","post","type-post","status-publish","format-standard","has-post-thumbnail","category-otsikot","tag-aamulehti","tag-breaking-news","tag-breakingnews","tag-featured-news","tag-featurednews","tag-fi","tag-finland","tag-finnish","tag-headlines","tag-latest-news","tag-latestnews","tag-main-news","tag-mainnews","tag-news","tag-otsikot","tag-paauutiset","tag-suomi","tag-top-stories","tag-topstories","tag-uutiset"],"share_on_mastodon":{"url":"https:\/\/pubeurope.com\/@fi\/117208162411696640","error":""},"_links":{"self":[{"href":"https:\/\/www.europesays.com\/fi\/wp-json\/wp\/v2\/posts\/340525","targetHints":{"allow":["GET"]}}],"collection":[{"href":"https:\/\/www.europesays.com\/fi\/wp-json\/wp\/v2\/posts"}],"about":[{"href":"https:\/\/www.europesays.com\/fi\/wp-json\/wp\/v2\/types\/post"}],"author":[{"embeddable":true,"href":"https:\/\/www.europesays.com\/fi\/wp-json\/wp\/v2\/users\/2"}],"replies":[{"embeddable":true,"href":"https:\/\/www.europesays.com\/fi\/wp-json\/wp\/v2\/comments?post=340525"}],"version-history":[{"count":0,"href":"https:\/\/www.europesays.com\/fi\/wp-json\/wp\/v2\/posts\/340525\/revisions"}],"wp:featuredmedia":[{"embeddable":true,"href":"https:\/\/www.europesays.com\/fi\/wp-json\/wp\/v2\/media\/340526"}],"wp:attachment":[{"href":"https:\/\/www.europesays.com\/fi\/wp-json\/wp\/v2\/media?parent=340525"}],"wp:term":[{"taxonomy":"category","embeddable":true,"href":"https:\/\/www.europesays.com\/fi\/wp-json\/wp\/v2\/categories?post=340525"},{"taxonomy":"post_tag","embeddable":true,"href":"https:\/\/www.europesays.com\/fi\/wp-json\/wp\/v2\/tags?post=340525"}],"curies":[{"name":"wp","href":"https:\/\/api.w.org\/{rel}","templated":true}]}}