{"id":340533,"date":"2026-09-03T17:09:34","date_gmt":"2026-09-03T17:09:34","guid":{"rendered":"https:\/\/www.europesays.com\/fi\/340533\/"},"modified":"2026-09-03T17:09:34","modified_gmt":"2026-09-03T17:09:34","slug":"retretti-sai-uudet-omistajat-taustayhtiossa-ovat-mukana-liikemies-thomas-zilliacus-ja-taiteilija-marko-hakkinen-etela-savo","status":"publish","type":"post","link":"https:\/\/www.europesays.com\/fi\/340533\/","title":{"rendered":"Retretti sai uudet omistajat \u2013 taustayhti\u00f6ss\u00e4 ovat mukana liikemies Thomas Zilliacus ja taiteilija Marko H\u00e4kkinen | Etel\u00e4-Savo"},"content":{"rendered":"<p class=\"aw__sc-1qwuw0s-0 aw__sc-1vg2sqm-0 epAWpq ecELkD yle__article__paragraph\">Retretti avataan j\u00e4lleen perjantaina, kun Marko H\u00e4kkisen Maan pulssi-teos saa jatkoaikaa kaupan my\u00f6t\u00e4.<\/p>\n<p><img decoding=\"async\" alt=\"Valo- ja \u00e4\u00e4niteos Maan pulssi Retretiss\u00e4 kes\u00e4ll\u00e4 2026.\" src=\"https:\/\/www.europesays.com\/fi\/wp-content\/uploads\/2026\/09\/1781703916.jpeg\" class=\"aw__sc-dklauk-0 LPzKX\"\/><\/p>\n<p>Avaa kuvien katselu<\/p>\n<p>Kuva: Kati Rantala \/ Yle<\/p>\n<p>10:35\u2022P\u00e4ivitetty 12:14<\/p>\n<p class=\"aw__sc-1qwuw0s-0 aw__sc-ngllmo-0 epAWpq fzYpjk yle__article__paragraph\">Sijoittaja <strong class=\"aw__sc-ngllmo-2 gdRrun yle__article__strong\">Thomas Zilliacus<\/strong> ja valotaiteilija <strong class=\"aw__sc-ngllmo-2 gdRrun yle__article__strong\">Marko H\u00e4kkinen<\/strong> ovat ostaneet Punkaharjulla sijaitsevan Taideluolasto Retretin.<\/p>\n<p class=\"aw__sc-1qwuw0s-0 aw__sc-ngllmo-0 epAWpq fzYpjk yle__article__paragraph\"><a class=\"aw__sc-ngllmo-1 bTDnwX yle__article__link\" href=\"https:\/\/yle.fi\/a\/74-20208049\" role=\"link\" rel=\"nofollow noopener\" target=\"_blank\">Zilliacus osti aiemmin t\u00e4n\u00e4 vuonna Hotelli Punkaharjun ja Keisarinnan Huvilan<\/a> sek\u00e4<a class=\"aw__sc-ngllmo-1 bTDnwX yle__article__link\" href=\"https:\/\/yle.fi\/a\/74-20234624\" role=\"link\" rel=\"nofollow noopener\" target=\"_blank\"> Savonlinnasta operoineen h\u00f6yrylaiva Paul Wahlin.<\/a><\/p>\n<p class=\"aw__sc-1qwuw0s-0 aw__sc-ngllmo-0 epAWpq fzYpjk yle__article__paragraph\">Retretiss\u00e4 on t\u00e4n\u00e4 kes\u00e4n\u00e4 n\u00e4hty <a class=\"aw__sc-ngllmo-1 bTDnwX yle__article__link\" href=\"https:\/\/yle.fi\/a\/74-20232063\" role=\"link\" rel=\"nofollow noopener\" target=\"_blank\">H\u00e4kkisen tekem\u00e4 valo- ja \u00e4\u00e4niteos Maan pulssi<\/a>. Taiden\u00e4yttely\u00e4 jatketaan kauppojen my\u00f6t\u00e4 ainakin syyskuun ajan perjantaista l\u00e4htien.<\/p>\n<p class=\"aw__sc-1qwuw0s-0 aw__sc-ngllmo-0 epAWpq fzYpjk yle__article__paragraph\">Zilliacus ja H\u00e4kkinen tapasivat ensimm\u00e4isen kerran noin kuukausi sitten, kun Zilliacus k\u00e4vi n\u00e4yttelyss\u00e4. Vierailun aikana kaksikko alkoi yhdess\u00e4 puhua Retretin tulevaisuudesta.<\/p>\n<p class=\"aw__sc-1qwuw0s-0 aw__sc-ngllmo-0 epAWpq fzYpjk yle__article__paragraph\">Kauppa virallistettiin t\u00e4n\u00e4\u00e4n. Kauppahintaa ei paljasteta.<\/p>\n<p class=\"aw__sc-1qwuw0s-0 aw__sc-ngllmo-0 epAWpq fzYpjk yle__article__paragraph\">\u2013 Tunnelma on ihan mahtava. Tulimme juuri kaupoilta eli astelin \u00e4sken pankista ulos, H\u00e4kkinen kertoo Ylelle puhelimitse.<\/p>\n<p class=\"aw__sc-1qwuw0s-0 aw__sc-ngllmo-0 epAWpq fzYpjk yle__article__paragraph\">H\u00e4kkinen on hieman h\u00e4mill\u00e4\u00e4n koko asiasta.<\/p>\n<p class=\"aw__sc-1qwuw0s-0 aw__sc-ngllmo-0 epAWpq fzYpjk yle__article__paragraph\">\u2013 Onhan t\u00e4m\u00e4 ihan hullu juttu. Itsekin v\u00e4h\u00e4n hymyilytt\u00e4\u00e4, ett\u00e4 yht\u00e4kki\u00e4 olen t\u00e4llaisen ison kohteen kanssa tekemisiss\u00e4 ja viel\u00e4 omistajan roolissa, H\u00e4kkinen toteaa.<\/p>\n<p><img decoding=\"async\" alt=\"Kaksi rennosti pukeutunutta miest\u00e4 vierekk\u00e4isiss\u00e4 kuvissa. \" src=\"https:\/\/www.europesays.com\/fi\/wp-content\/uploads\/2026\/09\/1788424808.jpeg\" loading=\"lazy\" class=\"aw__sc-dklauk-0 LPzKX\"\/><\/p>\n<p>Avaa kuvien katselu<\/p>\n<p>Retretin uudet omistajat ovat liikemies Thomas Zlliacus ja taiteilija Marko H\u00e4kkinen. Arkistokuva.  Kuva: Kati Rantala \/ YleSuunnitelmissa ymp\u00e4rivuotinen matkailukohde<\/p>\n<p class=\"aw__sc-1qwuw0s-0 aw__sc-ngllmo-0 epAWpq fzYpjk yle__article__paragraph\">Retretin taustalla on kaksikon perustama It\u00e4-Suomi Nousee -yritys. Uusien omistajien mukaan Retretist\u00e4 tehd\u00e4\u00e4n ymp\u00e4rivuotinen matkailukohde ja taideluola.<\/p>\n<p class=\"aw__sc-1qwuw0s-0 aw__sc-ngllmo-0 epAWpq fzYpjk yle__article__paragraph\">Maan pulssi -n\u00e4yttelyn j\u00e4lkeen on luvassa jo seuraava n\u00e4yttely. Tarkoitus on pit\u00e4\u00e4 Retretti auki samalla, kun tiloja kehitet\u00e4\u00e4n. Tarkoituksena on esimerkiksi avata luolastossa sijaitseva 1 200 -paikkainen konserttisali jossain vaiheessa uudelleen.<\/p>\n<p class=\"aw__sc-1qwuw0s-0 aw__sc-ngllmo-0 epAWpq fzYpjk yle__article__paragraph\">Retretin taiteellisesta suunnittelusta ja johtamisesta vastaa H\u00e4kkinen.<\/p>\n<p class=\"aw__sc-1qwuw0s-0 aw__sc-ngllmo-0 epAWpq fzYpjk yle__article__paragraph\">\u2013 Emme sulje pois klassisen taiteen n\u00e4yttelyit\u00e4, mutta t\u00e4ll\u00e4 hetkell\u00e4 itse n\u00e4en valotaiteen vahvana. Asiakaspalaute on ollut niin l\u00e4mmint\u00e4 ja vastaanottavaista, ett\u00e4 valotaidetta kannattaa jatkaa Retretiss\u00e4.<\/p>\n<p class=\"aw__sc-1qwuw0s-0 aw__sc-ngllmo-0 epAWpq fzYpjk yle__article__paragraph\">Taide ei tule j\u00e4\u00e4m\u00e4\u00e4n ainoastaan luolastoon. Luolastoa ymp\u00e4r\u00f6i noin viiden hehtaarin ulkoalue, jossa voidaan Zilliacuksen mukaan n\u00e4hd\u00e4 tulevaisuudessa esimerkiksi ymp\u00e4rivuotinen taidepolku, konsertteja ja ehk\u00e4 jopa festivaali.<\/p>\n<p class=\"aw__sc-1qwuw0s-0 aw__sc-ngllmo-0 epAWpq fzYpjk yle__article__paragraph\">Taideluolaston ja sen ymp\u00e4rist\u00f6n kehitt\u00e4miseen liittyv\u00e4t riskit eiv\u00e4t Zilliacusta pelota.<\/p>\n<p class=\"aw__sc-1qwuw0s-0 aw__sc-ngllmo-0 epAWpq fzYpjk yle__article__paragraph\">\u2013 Minulla ei ole tapana pel\u00e4t\u00e4.<\/p>\n<p class=\"aw__sc-1qwuw0s-0 aw__sc-ngllmo-0 epAWpq fzYpjk yle__article__paragraph\">H\u00e4nen mukaansa valttikorttina t\u00e4ss\u00e4 tapauksessa on se, ett\u00e4 mukana on liikemiehen lis\u00e4ksi my\u00f6s taiteilija. Samaan tapaan Hotelli Punkaharjun kehitt\u00e4misess\u00e4 on mukana alan tunteva <strong class=\"aw__sc-ngllmo-2 gdRrun yle__article__strong\">Saimi Hoyer<\/strong>.<\/p>\n<p class=\"aw__sc-1qwuw0s-0 aw__sc-ngllmo-0 epAWpq fzYpjk yle__article__paragraph\">\u2013 T\u00e4m\u00e4 on v\u00e4h\u00e4n kuin jalkapallojoukkueen kokoamista: pit\u00e4\u00e4 saada mukaan t\u00e4hti\u00e4, jotka toimivat hyvin yhteen. Uskon, ett\u00e4 t\u00e4ss\u00e4 ollaan luomassa jotain hyvin uniikkia.<\/p>\n<p class=\"aw__sc-1qwuw0s-0 aw__sc-ngllmo-0 epAWpq fzYpjk yle__article__paragraph\">Zilliacus n\u00e4kee koko Punkaharjun alueessa valtavan potentiaalin jopa kansainv\u00e4liseen matkailuun. H\u00e4nen mukaansa ulkomaalaiset matkailijat hakevat t\u00e4n\u00e4 p\u00e4iv\u00e4n\u00e4 niit\u00e4 asioita, jotka saattavat suomalaisille olla itsest\u00e4\u00e4nselvi\u00e4.<\/p>\n<p class=\"aw__sc-1qwuw0s-0 aw__sc-ngllmo-0 epAWpq fzYpjk yle__article__paragraph\">\u2013 Eiv\u00e4t ihmiset halua en\u00e4\u00e4 mit\u00e4\u00e4n sirkusel\u00e4myksi\u00e4 ja huvipuistoja, vaan he haluavat olla rauhassa sek\u00e4 nauttia luonnosta ja hiljaisuudesta.<\/p>\n<p class=\"aw__sc-1qwuw0s-0 aw__sc-ngllmo-0 epAWpq fzYpjk yle__article__paragraph\"><strong class=\"aw__sc-ngllmo-2 gdRrun yle__article__strong\">Katso videolta Marko H\u00e4kkisen Maan Pulssi -n\u00e4yttely rakentui Retrettiin alkukes\u00e4ll\u00e4:<\/strong><\/p>\n<p>Video: Kati Rantala \/ Yle, Esa Huuhko \/ YleKaupunginjohtaja tyytyv\u00e4isen\u00e4<\/p>\n<p class=\"aw__sc-1qwuw0s-0 aw__sc-ngllmo-0 epAWpq fzYpjk yle__article__paragraph\">Savonlinnan vt. kaupunginjohtaja <strong class=\"aw__sc-ngllmo-2 gdRrun yle__article__strong\">Ding Ma<\/strong> pit\u00e4\u00e4 tilannetta eritt\u00e4in tervetulleena.<\/p>\n<p class=\"aw__sc-1qwuw0s-0 aw__sc-ngllmo-0 epAWpq fzYpjk yle__article__paragraph\">\u2013 Retretin uuden tarinan alku on jo itsess\u00e4\u00e4n merkitt\u00e4v\u00e4 kulttuuriteko ja nousee varmasti yhdeksi ensi vuoden Suomi 110 -juhlavuoden kiinnostavimmista avauksista.<\/p>\n<p class=\"aw__sc-1qwuw0s-0 aw__sc-ngllmo-0 epAWpq fzYpjk yle__article__paragraph\">Man mielest\u00e4 kaupungin teht\u00e4v\u00e4 on panostaa siihen, ett\u00e4 Punkaharjun alueen kehitt\u00e4minen saadaan esiin kansallisessa p\u00e4\u00e4t\u00f6ksenteossa ja EU-tasolla.<\/p>\n<p class=\"aw__sc-1qwuw0s-0 aw__sc-ngllmo-0 epAWpq fzYpjk yle__article__paragraph\">\u2013 Meid\u00e4n t\u00e4ytyy pysty\u00e4 varmistamaan saavutettavuus Savonlinnan ja Punkaharjun alueelle. T\u00e4m\u00e4 l\u00e4htee siit\u00e4, ett\u00e4 tiet pit\u00e4\u00e4 olla kunnossa. Toisaalta Suomen vilkkain kiskobussiliikenne aluelle on s\u00e4ilytett\u00e4v\u00e4.<\/p>\n<p class=\"aw__sc-1qwuw0s-0 aw__sc-ngllmo-0 epAWpq fzYpjk yle__article__paragraph\">Toistaiseksi Savonlinnan kaupunki ei ole valmistautunut tukemaan taloudellisesti esimerkiksi Punkaharjun alueen matkailua.<\/p>\n<p class=\"aw__sc-1qwuw0s-0 aw__sc-ngllmo-0 epAWpq fzYpjk yle__article__paragraph\">\u2013 Siit\u00e4 ei ole ollut valmistelua tai keskusteluakaan viel\u00e4. N\u00e4kisin kaupungin roolina vahvan hankeosaamisen. Pystymme etsim\u00e4\u00e4n ulkopuolisia rahoituskanavia, jotka voivat soveltua Retretin kehitt\u00e4miseen.<\/p>\n","protected":false},"excerpt":{"rendered":"Retretti avataan j\u00e4lleen perjantaina, kun Marko H\u00e4kkisen Maan pulssi-teos saa jatkoaikaa kaupan my\u00f6t\u00e4. Avaa kuvien katselu Kuva: Kati&hellip;\n","protected":false},"author":2,"featured_media":340534,"comment_status":"","ping_status":"","sticky":false,"template":"","format":"standard","meta":{"footnotes":"","_share_on_mastodon":"0"},"categories":[135],"tags":[389,387,388,390,137,184,33,31,30,71,108,41985,1802,967,23266,4020,1000,2374,32,394,33641,393,391,392,13855,109],"class_list":["post-340533","post","type-post","status-publish","format-standard","has-post-thumbnail","category-taiteet-ja-suunnittelu","tag-arts","tag-arts-and-design","tag-artsanddesign","tag-design","tag-entertainment","tag-etela-savo","tag-fi","tag-finland","tag-finnish","tag-kotimaa","tag-kulttuuri","tag-kulttuuri-ja-taideinstituutiot-ja-paikat","tag-kulttuuritapahtumat","tag-nayttelyt","tag-punkaharju","tag-retretti","tag-savonlinna","tag-savonlinnan-seutukunta","tag-suomi","tag-suunnittelu","tag-taidekeskus-retretti","tag-taiteet","tag-taiteet-ja-suunnittelu","tag-taiteetsuunnittelu","tag-thomas-zilliacus","tag-viihde"],"share_on_mastodon":{"url":"","error":"Validation failed: Text character limit of 500 exceeded"},"_links":{"self":[{"href":"https:\/\/www.europesays.com\/fi\/wp-json\/wp\/v2\/posts\/340533","targetHints":{"allow":["GET"]}}],"collection":[{"href":"https:\/\/www.europesays.com\/fi\/wp-json\/wp\/v2\/posts"}],"about":[{"href":"https:\/\/www.europesays.com\/fi\/wp-json\/wp\/v2\/types\/post"}],"author":[{"embeddable":true,"href":"https:\/\/www.europesays.com\/fi\/wp-json\/wp\/v2\/users\/2"}],"replies":[{"embeddable":true,"href":"https:\/\/www.europesays.com\/fi\/wp-json\/wp\/v2\/comments?post=340533"}],"version-history":[{"count":0,"href":"https:\/\/www.europesays.com\/fi\/wp-json\/wp\/v2\/posts\/340533\/revisions"}],"wp:featuredmedia":[{"embeddable":true,"href":"https:\/\/www.europesays.com\/fi\/wp-json\/wp\/v2\/media\/340534"}],"wp:attachment":[{"href":"https:\/\/www.europesays.com\/fi\/wp-json\/wp\/v2\/media?parent=340533"}],"wp:term":[{"taxonomy":"category","embeddable":true,"href":"https:\/\/www.europesays.com\/fi\/wp-json\/wp\/v2\/categories?post=340533"},{"taxonomy":"post_tag","embeddable":true,"href":"https:\/\/www.europesays.com\/fi\/wp-json\/wp\/v2\/tags?post=340533"}],"curies":[{"name":"wp","href":"https:\/\/api.w.org\/{rel}","templated":true}]}}