{"id":340535,"date":"2026-09-03T17:11:16","date_gmt":"2026-09-03T17:11:16","guid":{"rendered":"https:\/\/www.europesays.com\/fi\/340535\/"},"modified":"2026-09-03T17:11:16","modified_gmt":"2026-09-03T17:11:16","slug":"oskar-lehtinen-ensimmaista-kertaa-televisioon-jannittaa","status":"publish","type":"post","link":"https:\/\/www.europesays.com\/fi\/340535\/","title":{"rendered":"Oskar Lehtinen ensimm\u00e4ist\u00e4 kertaa televisioon: \u201dJ\u00e4nnitt\u00e4\u00e4\u201d"},"content":{"rendered":"<p class=\"wp-block-paragraph\"><strong>Oskar Lehtisen<\/strong> syksy k\u00e4ynnistyy j\u00e4nnitt\u00e4viss\u00e4 merkeiss\u00e4, kun nuori iskelm\u00e4laulaja n\u00e4hd\u00e4\u00e4n tulevana sunnuntaina 6. syyskuuta ensimm\u00e4ist\u00e4 kertaa televisiol\u00e4hetyksess\u00e4.<\/p>\n<p class=\"wp-block-paragraph\">Lehtinen saapuu MTV3:n Huomenta Suomen vieraaksi yhdess\u00e4 pitk\u00e4\u00e4n h\u00e4nen uraansa tukeneen ja ohjanneen tangokuningas <strong>Aki Samulin<\/strong> kanssa.<\/p>\n<p class=\"wp-block-paragraph\">L\u00e4hetyksess\u00e4 palataan siihen, mist\u00e4 <a href=\"https:\/\/www.tanssiin.fi\/tag\/oskar-lehtinen\/\" rel=\"nofollow noopener\" target=\"_blank\">Oskarin<\/a> ura on saanut alkunsa, millainen merkitys Aki Samulilla on ollut matkan varrella ja kuinka tekeminen on vuosien aikana kehittynyt kohti nykyist\u00e4, itsen\u00e4isemp\u00e4\u00e4 artistiuraa.<\/p>\n<p class=\"wp-block-paragraph\"><strong>Lue my\u00f6s:<\/strong> <a href=\"https:\/\/www.tanssiin.fi\/oskar-lehtinen-laulaa-nuoren-miehen-ensi-ihastuksesta-kiittaa-aki-samulia-loytamisestaan\/\" rel=\"nofollow noopener\" target=\"_blank\">Oskar Lehtinen laulaa nuoren miehen ensi-ihastuksesta \u2013 kiitt\u00e4\u00e4 Aki Samulia l\u00f6yt\u00e4misest\u00e4\u00e4n<\/a><\/p>\n<p class=\"wp-block-paragraph\">\u201dEnsimm\u00e4inen televisiol\u00e4hetys j\u00e4nnitt\u00e4\u00e4 tietysti, mutta ennen kaikkea odotan sit\u00e4 todella paljon. On hienoa p\u00e4\u00e4st\u00e4 kertomaan meid\u00e4n matkasta ja siit\u00e4, miten t\u00e4h\u00e4n pisteeseen on p\u00e4\u00e4sty\u201d, Oskar kertoo.<\/p>\n<p class=\"wp-block-paragraph\">Vierailu ei j\u00e4\u00e4 pelk\u00e4st\u00e4\u00e4n keskusteluun, sill\u00e4 l\u00e4hetyksen p\u00e4\u00e4tteeksi\u00a0Oskar Lehtinen &amp; Kajo\u00a0nousee my\u00f6s esiintym\u00e4\u00e4n ja esitt\u00e4\u00e4 kappaleen suorassa l\u00e4hetyksess\u00e4.<\/p>\n<p><strong>Huippukes\u00e4 takana ja katse jo tulevassa<\/strong><\/p>\n<p class=\"wp-block-paragraph\">Televisiovierailu osuu hienoon hetkeen. Oskar Lehtinen &amp; Kajo on viett\u00e4nyt vauhdikkaan kes\u00e4n tanssilavoilla, tavannut valtavasti tanssikansaa ja saanut keikoilta paljon hienoja muistoja mukaan syksyyn.<\/p>\n<p class=\"wp-block-paragraph\">\u201dKes\u00e4 oli aivan huippu. Jokainen kohtaaminen yleis\u00f6n kanssa ja jokainen tanssilava muistuttaa siit\u00e4, miksi t\u00e4t\u00e4 tehd\u00e4\u00e4n. Olen todella kiitollinen siit\u00e4, miten hienosti meid\u00e4t on otettu vastaan.\u201d<\/p>\n<p class=\"wp-block-paragraph\">Tanssiin.fi uutisoi aiemmin t\u00e4n\u00e4 vuonna, kuinka Oskar teki ison p\u00e4\u00e4t\u00f6ksen ja j\u00e4tti p\u00e4iv\u00e4ty\u00f6ns\u00e4. H\u00e4n  halusi keskitty\u00e4 t\u00e4ysill\u00e4 musiikkiin. Toukokuussa 2026 nuori perheenis\u00e4 meni my\u00f6s naimisiin.<\/p>\n<p class=\"wp-block-paragraph\"><strong>Lue my\u00f6s:<\/strong> <a href=\"https:\/\/www.tanssiin.fi\/oskar-lehtisen-elaman-kevat-jatti-tyonsa-meni-nyt-naimisiin\/\" rel=\"nofollow noopener\" target=\"_blank\">Oskar Lehtisen el\u00e4m\u00e4n kev\u00e4t: j\u00e4tti ty\u00f6ns\u00e4 \u2013 meni nyt naimisiin<\/a><\/p>\n<p class=\"wp-block-paragraph\">Nyt my\u00f6s syksyn keikat on julkaistu, ja meno jatkuu ymp\u00e4ri Suomen. Vaikka loppuvuodessa riitt\u00e4\u00e4 viel\u00e4 paljon odotettavaa, ajatukset k\u00e4\u00e4ntyv\u00e4t jo hiljalleen my\u00f6s ensi vuoteen.<\/p>\n<blockquote>\n<p>\u201dHaluamme jatkaa tanssilavoilla mahdollisimman pitk\u00e4\u00e4n\u201d<\/p>\n<p>oskar lehtinen<\/p><\/blockquote>\n<p class=\"wp-block-paragraph\">\u201dTuntuu, ett\u00e4 olemme vasta p\u00e4\u00e4sem\u00e4ss\u00e4 vauhtiin. Odotan jo todella paljon ensi vuotta ja kaikkea sit\u00e4, mit\u00e4 tulevaisuus tuo tullessaan. Haluamme kehitty\u00e4 koko ajan, tehd\u00e4 uutta musiikkia ja ennen kaikkea jatkaa tanssilavoilla mahdollisimman pitk\u00e4\u00e4n.\u201d<\/p>\n<p class=\"wp-block-paragraph\">Katso Oskar Lehtisen keikat<a href=\"https:\/\/www.tanssiin.fi\/artistit\/miestahdet\/oskar-lehtinen\/\" rel=\"nofollow noopener\" target=\"_blank\"> t\u00e4st\u00e4<\/a>.<\/p>\n<p class=\"wp-block-paragraph\">Oskar Lehtinen &amp; Kajo n\u00e4hd\u00e4\u00e4n Huomenta Suomessa sunnuntaina 6.9.<\/p>\n<p><img decoding=\"async\" class=\"aioseo-author-bio-compact-image\" src=\"https:\/\/www.europesays.com\/fi\/wp-content\/uploads\/2026\/09\/1788455476_379_cropped-tanssiin-logo.jpg\" alt=\"author avatar\"\/><br \/>\nTanssi- ja iskelm\u00e4musiikin uutiset asiantuntevasti.<\/p>\n<p>67%<br \/>\nIhana<\/p>\n<p>0%<br \/>\nHauska<\/p>\n<p>33%<br \/>\nVau<\/p>\n<p>0%<br \/>\nSurullinen<\/p>\n<p>0%<br \/>\nVihainen\n<\/p>\n<p>Post navigation<\/p>\n","protected":false},"excerpt":{"rendered":"Oskar Lehtisen syksy k\u00e4ynnistyy j\u00e4nnitt\u00e4viss\u00e4 merkeiss\u00e4, kun nuori iskelm\u00e4laulaja n\u00e4hd\u00e4\u00e4n tulevana sunnuntaina 6. syyskuuta ensimm\u00e4ist\u00e4 kertaa televisiol\u00e4hetyksess\u00e4. Lehtinen&hellip;\n","protected":false},"author":2,"featured_media":340536,"comment_status":"","ping_status":"","sticky":false,"template":"","format":"standard","meta":{"footnotes":"","_share_on_mastodon":"0"},"categories":[133],"tags":[18816,137,33,31,30,7828,8972,41986,32,4049,206,156,16,109],"class_list":["post-340535","post","type-post","status-publish","format-standard","has-post-thumbnail","category-televisiot","tag-aki-samuli","tag-entertainment","tag-fi","tag-finland","tag-finnish","tag-huomenta-suomi","tag-keikat","tag-oskar-lehtinen","tag-suomi","tag-tanssitahdet","tag-televisiot","tag-tv","tag-uutiset","tag-viihde"],"share_on_mastodon":{"url":"https:\/\/pubeurope.com\/@fi\/117208225957579129","error":""},"_links":{"self":[{"href":"https:\/\/www.europesays.com\/fi\/wp-json\/wp\/v2\/posts\/340535","targetHints":{"allow":["GET"]}}],"collection":[{"href":"https:\/\/www.europesays.com\/fi\/wp-json\/wp\/v2\/posts"}],"about":[{"href":"https:\/\/www.europesays.com\/fi\/wp-json\/wp\/v2\/types\/post"}],"author":[{"embeddable":true,"href":"https:\/\/www.europesays.com\/fi\/wp-json\/wp\/v2\/users\/2"}],"replies":[{"embeddable":true,"href":"https:\/\/www.europesays.com\/fi\/wp-json\/wp\/v2\/comments?post=340535"}],"version-history":[{"count":0,"href":"https:\/\/www.europesays.com\/fi\/wp-json\/wp\/v2\/posts\/340535\/revisions"}],"wp:featuredmedia":[{"embeddable":true,"href":"https:\/\/www.europesays.com\/fi\/wp-json\/wp\/v2\/media\/340536"}],"wp:attachment":[{"href":"https:\/\/www.europesays.com\/fi\/wp-json\/wp\/v2\/media?parent=340535"}],"wp:term":[{"taxonomy":"category","embeddable":true,"href":"https:\/\/www.europesays.com\/fi\/wp-json\/wp\/v2\/categories?post=340535"},{"taxonomy":"post_tag","embeddable":true,"href":"https:\/\/www.europesays.com\/fi\/wp-json\/wp\/v2\/tags?post=340535"}],"curies":[{"name":"wp","href":"https:\/\/api.w.org\/{rel}","templated":true}]}}