{"id":340537,"date":"2026-09-03T17:12:13","date_gmt":"2026-09-03T17:12:13","guid":{"rendered":"https:\/\/www.europesays.com\/fi\/340537\/"},"modified":"2026-09-03T17:12:13","modified_gmt":"2026-09-03T17:12:13","slug":"ylen-uutuussarja-kaamos-suomalaisen-metallimusiikin-historia","status":"publish","type":"post","link":"https:\/\/www.europesays.com\/fi\/340537\/","title":{"rendered":"Ylen uutuussarja Kaamos: Suomalaisen metallimusiikin historia"},"content":{"rendered":"<p>\n            Lordi. ATTE KAJOVA.<br \/>\n            Atte Kajova\n        <\/p>\n<p class=\"subtitle \">Kaamos on Ylen viisiosainen dokumenttisarja suomalaisen metallimusiikin historiasta ja siin\u00e4 k\u00e4sitell\u00e4\u00e4n muun muassa Nigthwishin erodraamaa.<\/p>\n<p class=\"article-content article-content-width !bg-background\">Kaamos \u2013 suomalaisen metallin viisi vuodenaikaa on dokumenttisarja suomalaisen metallimusiikin aikakausista. Kertojina toimivat Nightwishin p\u00e4\u00e4hahmo , Battle Beastista joulukuussa 2025 lopullisesti soolouralle l\u00e4htenyt  sek\u00e4 \/Stone, \/Lost Society ja \/Swallow the Sun.<\/p>\n<p class=\"font-weight-bold m-font-weight-bold article-content article-content-width !bg-background\">Video: Mr. Lordi paljastaa raiderinsa sis\u00e4ll\u00f6n<\/p>\n<p class=\"article-content article-content-width !bg-background\">Eri vaiheet ovat saaneet otsikot Talvi, Kev\u00e4t, Kes\u00e4, Syksy ja Kaamos. Esimerkiksi Kes\u00e4-jakso kertoo siit\u00e4, kuinka Suomen maine metallimaana r\u00e4j\u00e4hti kansainv\u00e4lisesti.<\/p>\n<p>        <a itemprop=\"url\" href=\"https:\/\/www.seiska.fi\/katso\/nakokulma-tama-on-syksyn-paras-kotimainen-tv-sarja\/2239608\" rel=\"nofollow noopener\" target=\"_blank\"><\/p>\n<p>\nN\u00e4k\u00f6kulma:\n<\/p>\n<p class=\"section-date\">\n        <strong class=\"article-section\" data-section=\"katso\"><br \/>\n            katso<br \/>\n        <\/strong><br \/>\n        22.8. 15:15\n    <\/p>\n<p>N\u00e4k\u00f6kulma: T\u00e4m\u00e4 on syksyn paras kotimainen tv-sarja!\n    <\/p>\n<p itemprop=\"description\" class=\"subtitle \">\n    Odotin vuosikymmeni\u00e4 t\u00e4llaista sarjaa raskaasta rockista.\n<\/p>\n<p>        <\/a><\/p>\n<p class=\"article-content article-content-width !bg-background\">Aina ei ole silti tullut menestyst\u00e4, vaikka tunnustettua laatua on jo ollut. Esimerkiksi avausjaksossa my\u00f6hemmin itse maailmanmaineeseen Lordin keulilla noussut  eli Mr. Lordi puolustaa 1980-luvun alun Suomi-hevin pioneereja.<\/p>\n<p class=\"article-content article-content-width !bg-background\">\u2013 Sille pikkuj\u00e4tk\u00e4lle suomalaisissa b\u00e4ndeiss\u00e4 ei ollut mit\u00e4\u00e4n h\u00e4vett\u00e4v\u00e4\u00e4. Moni suomalainen b\u00e4ndi teki parempaa kamaa kuin ulkomaiset aikalaisensa, Tomi arvioi.<\/p>\n<p class=\"article-content article-content-width !bg-background\">\u2013 Tulee mieleen esimerkiksi (turkulainen) Iron Cross, joka oli aivan v**tu helmi! Jotenkin se vain Suomessa mollattiin. Ja aivan syytt\u00e4 suotta minun mielest\u00e4ni.<\/p>\n<p>                <img decoding=\"async\" src=\"https:\/\/www.europesays.com\/fi\/wp-content\/uploads\/2026\/09\/2251647.webp\" width=\"576\" height=\"346\" alt=\"Tuomas Holopainen kommentoi omaan tyyliins\u00e4 Tarja Turusen erottamista.\" loading=\"lazy\" \/>            <\/p>\n<p>\n            Tuomas Holopainen kommentoi omaan tyyliins\u00e4 Tarja Turusen erottamista.<br \/>\n            Rabbit Films\n        <\/p>\n<p>\u201dRaukkamainen\u201d<\/p>\n<p class=\"article-content article-content-width !bg-background\">Haastateltavia on kymmeni\u00e4 HIMin  edesmenneeseen Children Of Bodomin  ja ulkomaisiin kulttinimiin muun muassa b\u00e4ndeist\u00e4 Celtic Frost ja Sepultura.<\/p>\n<p>        <a itemprop=\"url\" href=\"https:\/\/www.seiska.fi\/katso\/nakokulma-lordin-ei-olisi-pitanyt-voittaa-euroviisuja\/2137524\" rel=\"nofollow noopener\" target=\"_blank\"><\/p>\n<p>\nN\u00e4k\u00f6kulma:\n<\/p>\n<p class=\"section-date\">\n        <strong class=\"article-section\" data-section=\"katso\"><br \/>\n            katso<br \/>\n        <\/strong><br \/>\n        11.5. 17:15\n    <\/p>\n<p>N\u00e4k\u00f6kulma: Lordin ei olisi pit\u00e4nyt voittaa Euroviisuja!\n    <\/p>\n<p itemprop=\"description\" class=\"subtitle \">\n    Lordin viisuvoitosta on kulunut tasan 20 vuotta.\n<\/p>\n<p>        <\/a><\/p>\n<p class=\"article-content article-content-width !bg-background\">K\u00e4sittelyss\u00e4 ovat my\u00f6s erilaiset draamat, kuten laulaja  yll\u00e4tt\u00e4v\u00e4 erottaminen Nightwishist\u00e4 vuonna 2005.  tyytyy kommentoimaan aihetta ymp\u00e4ripy\u00f6re\u00e4\u00e4n tyyliin, kun taas Tarja kuvailee omia muistojaan tunteikkaasti.<\/p>\n<p class=\"article-content article-content-width !bg-background\">\u2013 Minulla katosi t\u00e4ysin luottamus koko yhteiskuntaan. Ajattelin kaikesta, ett\u00e4 tuo ihminen varmasti piikitt\u00e4\u00e4 ja puukottaa selk\u00e4\u00e4n. Pystynk\u00f6 luottamaan h\u00e4neen? Tarja muistelee oloaan erottamisen j\u00e4lkeen.<\/p>\n<p class=\"article-content article-content-width !bg-background\">V\u00e4liss\u00e4 n\u00e4kemyksiss\u00e4 on  joka itse poistui Nightwishin rivist\u00f6st\u00e4 vuonna 2021.<\/p>\n<p class=\"article-content article-content-width !bg-background\">\u2013 Se oli v\u00e4h\u00e4n sellainen raukkamainen maton jalkojen alta veto ennen kuin mit\u00e4\u00e4n edes neuvoteltiin, Marko my\u00f6nt\u00e4\u00e4 nyt.<\/p>\n<p class=\"italic m-italic article-content article-content-width !bg-background\">Kaamos \u2013 suomalaisen metallin viisi vuodenaikaa alkaa Teema &amp; Femill\u00e4 torstaina 3.9. kello 21.00. Sarja on jo kokonaisuudessaan Areenassa.<\/p>\n<p>        <a itemprop=\"url\" href=\"https:\/\/www.seiska.fi\/katso\/vain-elamaa-mr-lordilta-hurja-paljastus-ohjelman-kulisseista\/2240263\" rel=\"nofollow noopener\" target=\"_blank\"><\/p>\n<p>\nVain el\u00e4m\u00e4\u00e4:\n<\/p>\n<p class=\"section-date\">\n        <strong class=\"article-section\" data-section=\"katso\"><br \/>\n            katso<br \/>\n        <\/strong><br \/>\n        22.8. 07:15\n    <\/p>\n<p>Vain el\u00e4m\u00e4\u00e4: Mr. Lordilta hurja paljastus ohjelman kulisseista\n    <\/p>\n<p itemprop=\"description\" class=\"subtitle \">\n    Mr. Lordi yll\u00e4tt\u00e4\u00e4 vaatimuksillaan.\n<\/p>\n<p>        <\/a><\/p>\n","protected":false},"excerpt":{"rendered":"Lordi. ATTE KAJOVA. Atte Kajova Kaamos on Ylen viisiosainen dokumenttisarja suomalaisen metallimusiikin historiasta ja siin\u00e4 k\u00e4sitell\u00e4\u00e4n muun muassa&hellip;\n","protected":false},"author":2,"featured_media":340538,"comment_status":"","ping_status":"","sticky":false,"template":"","format":"standard","meta":{"footnotes":"","_share_on_mastodon":"0"},"categories":[132],"tags":[6883,20813,4416,137,33,31,30,17890,23498,17235,23374,195,47,9984,36071,32,10182,21081,1746,17236,109,1149,913],"class_list":["post-340537","post","type-post","status-publish","format-standard","has-post-thumbnail","category-musiikki","tag-alexi-laiho","tag-areena","tag-dokumenttisarja","tag-entertainment","tag-fi","tag-finland","tag-finnish","tag-kaamos","tag-lordi","tag-marko-hietala","tag-mr-lordi","tag-music","tag-musiikki","tag-nightwish","tag-suomalainen-metallimusiikki","tag-suomi","tag-tarja-turunen","tag-teema","tag-teema-fem","tag-tuomas-holopainen","tag-viihde","tag-yle","tag-yle-areena"],"share_on_mastodon":{"url":"https:\/\/pubeurope.com\/@fi\/117208229806771095","error":""},"_links":{"self":[{"href":"https:\/\/www.europesays.com\/fi\/wp-json\/wp\/v2\/posts\/340537","targetHints":{"allow":["GET"]}}],"collection":[{"href":"https:\/\/www.europesays.com\/fi\/wp-json\/wp\/v2\/posts"}],"about":[{"href":"https:\/\/www.europesays.com\/fi\/wp-json\/wp\/v2\/types\/post"}],"author":[{"embeddable":true,"href":"https:\/\/www.europesays.com\/fi\/wp-json\/wp\/v2\/users\/2"}],"replies":[{"embeddable":true,"href":"https:\/\/www.europesays.com\/fi\/wp-json\/wp\/v2\/comments?post=340537"}],"version-history":[{"count":0,"href":"https:\/\/www.europesays.com\/fi\/wp-json\/wp\/v2\/posts\/340537\/revisions"}],"wp:featuredmedia":[{"embeddable":true,"href":"https:\/\/www.europesays.com\/fi\/wp-json\/wp\/v2\/media\/340538"}],"wp:attachment":[{"href":"https:\/\/www.europesays.com\/fi\/wp-json\/wp\/v2\/media?parent=340537"}],"wp:term":[{"taxonomy":"category","embeddable":true,"href":"https:\/\/www.europesays.com\/fi\/wp-json\/wp\/v2\/categories?post=340537"},{"taxonomy":"post_tag","embeddable":true,"href":"https:\/\/www.europesays.com\/fi\/wp-json\/wp\/v2\/tags?post=340537"}],"curies":[{"name":"wp","href":"https:\/\/api.w.org\/{rel}","templated":true}]}}