{"id":340545,"date":"2026-09-03T17:20:13","date_gmt":"2026-09-03T17:20:13","guid":{"rendered":"https:\/\/www.europesays.com\/fi\/340545\/"},"modified":"2026-09-03T17:20:13","modified_gmt":"2026-09-03T17:20:13","slug":"yhdysvallat-aikoo-vaatia-euroopalta-takaisinmaksua-ukrainan-avustamisesta-trump-sanoo-uutisia-lyhyesti","status":"publish","type":"post","link":"https:\/\/www.europesays.com\/fi\/340545\/","title":{"rendered":"Yhdysvallat aikoo vaatia Euroopalta takaisinmaksua Ukrainan avustamisesta, Trump sanoo | Uutisia lyhyesti"},"content":{"rendered":"<p class=\"aw__sc-1qwuw0s-0 aw__sc-1vg2sqm-0 epAWpq ecELkD yle__article__paragraph\">Reuters raportoi viime kuussa, ett\u00e4 Yhdysvaltain armeija on k\u00e4ytt\u00e4nyt suuren osan eritt\u00e4in tarkkojen pitk\u00e4n kantaman ohjustensa varastosta Iranin sodan aikana.<\/p>\n<p><img decoding=\"async\" alt=\"Mies puvussa puhuu mikrofonin edess\u00e4, taustalla Yhdysvaltojen lippuja.\" src=\"https:\/\/www.europesays.com\/fi\/wp-content\/uploads\/2026\/09\/1788452519.jpeg\" class=\"aw__sc-dklauk-0 LPzKX\"\/><\/p>\n<p>Avaa kuvien katselu<\/p>\n<p>Trump kertoi asiasta omassa sosiaalisen median alustallaan. Kuva: Brendan Smialowski \/ AFP<\/p>\n<p>19:17\u2022P\u00e4ivitetty 19:22<\/p>\n<p class=\"aw__sc-1qwuw0s-0 aw__sc-ngllmo-0 epAWpq fzYpjk yle__article__paragraph\">Yhdysvaltain presidentti <strong class=\"aw__sc-ngllmo-2 gdRrun yle__article__strong\">Donald Trump<\/strong> sanoi torstaina, ett\u00e4 h\u00e4n aikoo pyyt\u00e4\u00e4 Euroopan maita maksamaan takaisin Yhdysvalloille sotilaallista apua ja ammuksia, jotka on aiemmin l\u00e4hetetty Ukrainaan Ven\u00e4j\u00e4n hy\u00f6kk\u00e4yssodan aikana. Trump kertoi asiasta omassa sosiaalisen median alustallaan.<\/p>\n<p class=\"aw__sc-1qwuw0s-0 aw__sc-ngllmo-0 epAWpq fzYpjk yle__article__paragraph\">H\u00e4n my\u00f6s ilmeisesti viittasi, ett\u00e4 hetkeen liittolaisille ei myyt\u00e4isi lis\u00e4\u00e4 sotilaallista apua.<\/p>\n<p class=\"aw__sc-1qwuw0s-0 aw__sc-ngllmo-0 epAWpq fzYpjk yle__article__paragraph\">\u2013 Satoja miljardeja dollareita annettiin Ukrainalle ja Natolle ilmaiseksi, jotka Eurooppa olisi maksanut, jos heilt\u00e4 vain olisi kysytty. Me tulemme pyyt\u00e4m\u00e4\u00e4n ne rahat takaisin, vaikkakin hieman my\u00f6h\u00e4ss\u00e4! h\u00e4n lis\u00e4si. Trump syytti edelt\u00e4j\u00e4ns\u00e4 presidentti <strong class=\"aw__sc-ngllmo-2 gdRrun yle__article__strong\">Joe Bidenin<\/strong> hallintoa.<\/p>\n<p class=\"aw__sc-1qwuw0s-0 aw__sc-ngllmo-0 epAWpq fzYpjk yle__article__paragraph\">Sosiaalisen median julkaisussaan Trump my\u00f6s moitti raportteja Yhdysvaltain ehtyneiden ammusvarastojen tilasta.<\/p>\n<p class=\"aw__sc-1qwuw0s-0 aw__sc-ngllmo-0 epAWpq fzYpjk yle__article__paragraph\">Reuters raportoi viime kuussa, ett\u00e4 Yhdysvaltain armeija on k\u00e4ytt\u00e4nyt suuren osan eritt\u00e4in tarkkojen pitk\u00e4n kantaman ohjustensa varastosta Iranin sodan aikana, mik\u00e4 on her\u00e4tt\u00e4nyt huolta armeijan valmiudesta tulevissa konflikteissa.<\/p>\n<p class=\"aw__sc-1qwuw0s-0 aw__sc-ngllmo-0 epAWpq fzYpjk yle__article__paragraph\">Ukrainan ja Iranin sodat sek\u00e4 niiden taloudelliset vaikutukset voivat vaikuttaa siihen, s\u00e4ilytt\u00e4v\u00e4tk\u00f6 Trumpin republikaanit kontrollin molemmissa Yhdysvaltain kongressin kamareissa ensi vuonna.<\/p>\n<p class=\"aw__sc-1qwuw0s-0 aw__sc-ngllmo-0 epAWpq fzYpjk yle__article__paragraph\">\u00d6ljyn ja kaasun hinta on ollut nousussa torstaina. T\u00e4ll\u00e4 viikolla Iranin sota on j\u00e4lleen kiihtynyt ja Ukraina on iskenyt Ven\u00e4j\u00e4n \u00f6ljynjalostamoihin, mink\u00e4 katsotaan vaikuttaneen hintoihin.<\/p>\n<p class=\"aw__sc-1qwuw0s-0 aw__sc-ngllmo-0 epAWpq fzYpjk yle__article__paragraph\">L\u00e4hde: Reuters<\/p>\n","protected":false},"excerpt":{"rendered":"Reuters raportoi viime kuussa, ett\u00e4 Yhdysvaltain armeija on k\u00e4ytt\u00e4nyt suuren osan eritt\u00e4in tarkkojen pitk\u00e4n kantaman ohjustensa varastosta Iranin&hellip;\n","protected":false},"author":2,"featured_media":340546,"comment_status":"","ping_status":"","sticky":false,"template":"","format":"standard","meta":{"footnotes":"","_share_on_mastodon":"0"},"categories":[14],"tags":[804,22,23,585,26,27,33,31,30,17,3648,6694,24,25,28,29,15,18,21,32,19,20,1303,56,16,987,59,60,61,619,1867],"class_list":["post-340545","post","type-post","status-publish","format-standard","has-post-thumbnail","category-ulkomaat","tag-aseelliset-konfliktit","tag-breaking-news","tag-breakingnews","tag-donald-trump","tag-featured-news","tag-featurednews","tag-fi","tag-finland","tag-finnish","tag-headlines","tag-iran","tag-joe-biden","tag-latest-news","tag-latestnews","tag-main-news","tag-mainnews","tag-news","tag-otsikot","tag-paauutiset","tag-suomi","tag-top-stories","tag-topstories","tag-ukraina","tag-ulkomaat","tag-uutiset","tag-venajan-hyokkays","tag-world","tag-world-news","tag-worldnews","tag-yhdysvallat","tag-yhdysvaltojen-politiikka"],"share_on_mastodon":{"url":"https:\/\/pubeurope.com\/@fi\/117208261220467235","error":""},"_links":{"self":[{"href":"https:\/\/www.europesays.com\/fi\/wp-json\/wp\/v2\/posts\/340545","targetHints":{"allow":["GET"]}}],"collection":[{"href":"https:\/\/www.europesays.com\/fi\/wp-json\/wp\/v2\/posts"}],"about":[{"href":"https:\/\/www.europesays.com\/fi\/wp-json\/wp\/v2\/types\/post"}],"author":[{"embeddable":true,"href":"https:\/\/www.europesays.com\/fi\/wp-json\/wp\/v2\/users\/2"}],"replies":[{"embeddable":true,"href":"https:\/\/www.europesays.com\/fi\/wp-json\/wp\/v2\/comments?post=340545"}],"version-history":[{"count":0,"href":"https:\/\/www.europesays.com\/fi\/wp-json\/wp\/v2\/posts\/340545\/revisions"}],"wp:featuredmedia":[{"embeddable":true,"href":"https:\/\/www.europesays.com\/fi\/wp-json\/wp\/v2\/media\/340546"}],"wp:attachment":[{"href":"https:\/\/www.europesays.com\/fi\/wp-json\/wp\/v2\/media?parent=340545"}],"wp:term":[{"taxonomy":"category","embeddable":true,"href":"https:\/\/www.europesays.com\/fi\/wp-json\/wp\/v2\/categories?post=340545"},{"taxonomy":"post_tag","embeddable":true,"href":"https:\/\/www.europesays.com\/fi\/wp-json\/wp\/v2\/tags?post=340545"}],"curies":[{"name":"wp","href":"https:\/\/api.w.org\/{rel}","templated":true}]}}