{"id":340549,"date":"2026-09-03T17:22:15","date_gmt":"2026-09-03T17:22:15","guid":{"rendered":"https:\/\/www.europesays.com\/fi\/340549\/"},"modified":"2026-09-03T17:22:15","modified_gmt":"2026-09-03T17:22:15","slug":"wille-rydman-kehui-helsingin-sanomia-eduskunnassa","status":"publish","type":"post","link":"https:\/\/www.europesays.com\/fi\/340549\/","title":{"rendered":"Wille Rydman kehui Helsingin Sanomia eduskunnassa"},"content":{"rendered":"<p>Eduskunnassa k\u00e4ytiin kiivasta keskustelua syyskauden ensimm\u00e4isell\u00e4 kyselytunnilla.<\/p>\n<p class=\"font-(family-name:--picture-caption-font-family) text-(length:--picture-caption-font-size) leading-(--picture-caption-leading) font-(--picture-caption-font-weight) text-(color:--picture-caption-color)\">N\u00e4in Wille Rydman kommentoi Helsingin Sanomien artikkelia. Video:\u00a0Eduskunta<\/p>\n<p class=\"article-body mb-(--paragraph-margin-b) px-nof-16\">Sosiaali- ja terveysministeri <a class=\"font-bold underline-offset-[0.12em] [text-decoration:var(--person-link-text-decoration)] [text-decoration-color:var(--person-link-text-decoration-color)]!\" href=\"https:\/\/www.is.fi\/haku\/?query=Wille%20Rydman\" rel=\"nofollow noopener\" target=\"_blank\">Wille Rydman<\/a> (ps) j\u00e4rjesti kyselytunnin suurimman yll\u00e4tyksen. Perussuomalainen, ja viel\u00e4 Rydman kehui julkisesti Helsingin Sanomia.<\/p>\n<p class=\"article-body mb-(--paragraph-margin-b) px-nof-16\">Kyselytunnilla oli taitettu peist\u00e4 muun muassa sosiaalij\u00e4rjest\u00f6jen leikkauksista.<\/p>\n<p class=\"article-body mb-(--paragraph-margin-b) px-nof-16\">Kansanedustaja <a class=\"font-bold underline-offset-[0.12em] [text-decoration:var(--person-link-text-decoration)] [text-decoration-color:var(--person-link-text-decoration-color)]!\" href=\"https:\/\/www.is.fi\/haku\/?query=Mai%20Kivel%C3%A4\" rel=\"nofollow noopener\" target=\"_blank\">Mai Kivel\u00e4<\/a> (vas) sai kysymysvuoronsa kyselytunnin loppupuolella ja my\u00f6s h\u00e4n kysyi, miksi hallitus on leikkaamassa kaikkein heikompiosaisilta ja rahaa riitt\u00e4\u00e4 rikkaimmille.<\/p>\n<p class=\"article-body mb-(--paragraph-margin-b) px-nof-16\">\u2013 Koko hallitus, nyt my\u00f6s kokoomus ja Rkp, ovat pit\u00e4m\u00e4ss\u00e4 kiinni j\u00e4ttim\u00e4isist\u00e4 sotej\u00e4rjest\u00f6jen leikkauksista. Leikkauksista, joita jopa Helsingin Sanomien p\u00e4\u00e4kirjoitussivuilla kutsuttiin t\u00e4ysin kohtuuttomiksi, Kivel\u00e4 aloitti kysymyksens\u00e4.<\/p>\n<p><img decoding=\"async\" src=\"https:\/\/www.europesays.com\/fi\/wp-content\/uploads\/2026\/09\/1788456134_241_468.jpg\" alt=\"Kansanedustaja Mai Kivel\u00e4 oli yksi monista opposition edustajista, joka kysyi kyselytunnilla sotej\u00e4rjest\u00f6jen leikkauksista.\" class=\"_Img_1rerz_1\" style=\"aspect-ratio:1920\/1279\" loading=\"eager\"\/><\/p>\n<p class=\"font-(family-name:--picture-caption-font-family) text-(length:--picture-caption-font-size) leading-(--picture-caption-leading) font-(--picture-caption-font-weight) text-(color:--picture-caption-color) picture-with-caption__caption picture-with-caption__caption--default-full\">Kansanedustaja Mai Kivel\u00e4 oli yksi monista opposition edustajista, joka kysyi kyselytunnilla sotej\u00e4rjest\u00f6jen leikkauksista. Kuva:\u00a0Seppo K\u00e4rki \/ IS<\/p>\n<p class=\"article-body mb-(--paragraph-margin-b) px-nof-16\">Ministeri Rydman silminn\u00e4hden ilahtui Kivel\u00e4n kysymyksest\u00e4 ja valmistautui vastausvuoroonsa.<\/p>\n<p class=\"article-body mb-(--paragraph-margin-b) px-nof-16\">\u2013 Edustaja totesi, ett\u00e4 jopa HS p\u00e4\u00e4kirjoituksessaan kritisoi oikeistohallituksen politiikkaa. Jo on aikoihin eletty! T\u00e4llaista ei ole varmaan koskaan n\u00e4hnyt, Rydman aloitti ironisesti vastauksensa.<\/p>\n<p class=\"article-body mb-(--paragraph-margin-b) px-nof-16\">Rydman oli kysymyksen aikana kaivanut k\u00e4nnyk\u00e4st\u00e4\u00e4n esiin HS:n keskiviikon p\u00e4\u00e4kirjoituksen, jonka h\u00e4n hyvin muisti ja alkoi lukea sit\u00e4 innokkaasti.<\/p>\n<p class=\"article-body mb-(--paragraph-margin-b) px-nof-16\">\u2013 Rydman on linjannut, mink\u00e4laista j\u00e4rjest\u00f6toimintaa valtio rahoittaa. Tavoitteena on selke\u00e4sti kaventaa j\u00e4rjest\u00f6jen ty\u00f6 vain konkreettiseen auttamiseen ja vied\u00e4 niilt\u00e4 roolia ihmisten vaatimusten ja tarpeiden v\u00e4litt\u00e4j\u00e4n\u00e4 poliittiseen p\u00e4\u00e4t\u00f6ksentekoon, Rydman luki HS:n p\u00e4\u00e4kirjoitusta.<\/p>\n<p class=\"article-body mb-(--paragraph-margin-b) px-nof-16\">\u2013 Juuri n\u00e4in, Rydman sanoi ja tehosti sanomistaan t\u00f6m\u00e4ytt\u00e4m\u00e4ll\u00e4 sormenp\u00e4ill\u00e4\u00e4n ministeriaitiota muutamaan kertaan.<\/p>\n<p class=\"article-body mb-(--paragraph-margin-b) px-nof-16\">\u2013 HS on t\u00e4ysin oikeassa. T\u00e4m\u00e4 on hallituksen tavoite. Me haluamme suojata konkreettista, kohtaavaa, auttavaa ty\u00f6t\u00e4 ja leikata sen sijaan poliittisesta, ideologiselta r\u00e4lssilt\u00e4, jota j\u00e4rjest\u00f6kentt\u00e4 on hyv\u00e4\u00e4 tarkoittavan tarkoituksen varjossa harjoittanut. L\u00f6ys\u00e4t pois, rahat konkreettiseen auttamiseen, Rydman vastasi.<\/p>\n<ul class=\"mb-nof-16 px-nof-16 article-unordered-list unordered-list\">\n<li class=\"unordered-list-item\">\n<p class=\"article-body\">Videon Kivel\u00e4n kysymyksest\u00e4 ja Rydmanin vastauksesta voit katsoa artikkelin ylt\u00e4 l\u00f6ytyv\u00e4lt\u00e4 videolta. <\/p>\n<\/li>\n<\/ul>\n<p class=\"article-body mb-(--paragraph-margin-b) px-nof-16\">Rydman ja p\u00e4\u00e4ministeri <a class=\"font-bold underline-offset-[0.12em] [text-decoration:var(--person-link-text-decoration)] [text-decoration-color:var(--person-link-text-decoration-color)]!\" href=\"https:\/\/www.is.fi\/haku\/?query=Petteri%20Orpo\" rel=\"nofollow noopener\" target=\"_blank\">Petteri Orpo<\/a> (kok) sanoivat kyselytunnilla moneen kertaan, ett\u00e4 hallitus ei ole viel\u00e4 p\u00e4\u00e4tt\u00e4nyt, miten leikkaukset kohdistuvat eri sotej\u00e4rjest\u00f6ille.<\/p>\n<p><img decoding=\"async\" src=\"https:\/\/www.europesays.com\/fi\/wp-content\/uploads\/2026\/09\/1788456135_130_468.jpg\" alt=\"Wille Rydman on kehottanut j\u00e4rjest\u00f6j\u00e4 yhdistym\u00e4\u00e4n ja karsimaan hallintoaan.\" class=\"_Img_1rerz_1\" style=\"aspect-ratio:1280\/1920\" loading=\"eager\"\/><\/p>\n<p class=\"font-(family-name:--picture-caption-font-family) text-(length:--picture-caption-font-size) leading-(--picture-caption-leading) font-(--picture-caption-font-weight) text-(color:--picture-caption-color) picture-with-caption__caption picture-with-caption__caption--default-full\">Wille Rydman on kehottanut j\u00e4rjest\u00f6j\u00e4 yhdistym\u00e4\u00e4n ja karsimaan hallintoaan. Kuva:\u00a0Petteri Tuohinen \/ HS<\/p>\n<p class=\"article-body mb-(--paragraph-margin-b) px-nof-16\">Rydman kehotti j\u00e4rjest\u00f6j\u00e4 fuusioitumaan yhteen ja karsimaan hallinnostaan.<\/p>\n<p class=\"article-body mb-(--paragraph-margin-b) px-nof-16\">J\u00e4rjest\u00f6leikkaukset ovat seurausta Veikkauksen tuottojen v\u00e4henemisest\u00e4. Ennen koronaa Veikkaus tuotti vuosittain yli miljardi euroa. Korona-aikana Veikkauksen tuotot romahtivat, ne on sittemmin siirretty budjetin katteeksi ja viime vuodelta Veikkaus tuloutti valtiolle vajaat 580 miljoonaa euroa.<\/p>\n<p class=\"article-body mb-(--paragraph-margin-b) px-nof-16\">Wille Rydmanin ja Helsingin Sanomien v\u00e4lit ovat olleet kire\u00e4t. Rydman teki HS:n h\u00e4nt\u00e4 koskeneesta vuonna 2022 julkaistusta artikkelista tutkintapyynn\u00f6n. Tapaus eteni poliisin esitutkinnan kautta syyteharkintaan vuonna 2024. <a class=\"underline underline-offset-[0.12em] [text-decoration-thickness:var(--generic-link-underline-thickness)] [text-decoration-color:var(--generic-link-underline-color)] [text-decoration-skip-ink:var(--generic-link-underline-skip-ink)] break-words\" href=\"https:\/\/www.is.fi\/kotimaa\/art-2000010482990.html\" rel=\"nofollow noopener\" target=\"_blank\">Syytt\u00e4j\u00e4t p\u00e4\u00e4ttiv\u00e4t olla nostamatta syytett\u00e4<\/a> Helsingin Sanomien toimittajia vastaan.<\/p>\n","protected":false},"excerpt":{"rendered":"Eduskunnassa k\u00e4ytiin kiivasta keskustelua syyskauden ensimm\u00e4isell\u00e4 kyselytunnilla. N\u00e4in Wille Rydman kommentoi Helsingin Sanomien artikkelia. Video:\u00a0Eduskunta Sosiaali- ja terveysministeri&hellip;\n","protected":false},"author":2,"featured_media":340550,"comment_status":"","ping_status":"","sticky":false,"template":"","format":"standard","meta":{"footnotes":"","_share_on_mastodon":"0"},"categories":[5],"tags":[22,23,26,27,33,31,30,17,34,24,25,28,29,15,18,21,32,19,20,16],"class_list":["post-340549","post","type-post","status-publish","format-standard","has-post-thumbnail","category-otsikot","tag-breaking-news","tag-breakingnews","tag-featured-news","tag-featurednews","tag-fi","tag-finland","tag-finnish","tag-headlines","tag-ilta-sanomat","tag-latest-news","tag-latestnews","tag-main-news","tag-mainnews","tag-news","tag-otsikot","tag-paauutiset","tag-suomi","tag-top-stories","tag-topstories","tag-uutiset"],"share_on_mastodon":{"url":"https:\/\/pubeurope.com\/@fi\/117208268872058514","error":""},"_links":{"self":[{"href":"https:\/\/www.europesays.com\/fi\/wp-json\/wp\/v2\/posts\/340549","targetHints":{"allow":["GET"]}}],"collection":[{"href":"https:\/\/www.europesays.com\/fi\/wp-json\/wp\/v2\/posts"}],"about":[{"href":"https:\/\/www.europesays.com\/fi\/wp-json\/wp\/v2\/types\/post"}],"author":[{"embeddable":true,"href":"https:\/\/www.europesays.com\/fi\/wp-json\/wp\/v2\/users\/2"}],"replies":[{"embeddable":true,"href":"https:\/\/www.europesays.com\/fi\/wp-json\/wp\/v2\/comments?post=340549"}],"version-history":[{"count":0,"href":"https:\/\/www.europesays.com\/fi\/wp-json\/wp\/v2\/posts\/340549\/revisions"}],"wp:featuredmedia":[{"embeddable":true,"href":"https:\/\/www.europesays.com\/fi\/wp-json\/wp\/v2\/media\/340550"}],"wp:attachment":[{"href":"https:\/\/www.europesays.com\/fi\/wp-json\/wp\/v2\/media?parent=340549"}],"wp:term":[{"taxonomy":"category","embeddable":true,"href":"https:\/\/www.europesays.com\/fi\/wp-json\/wp\/v2\/categories?post=340549"},{"taxonomy":"post_tag","embeddable":true,"href":"https:\/\/www.europesays.com\/fi\/wp-json\/wp\/v2\/tags?post=340549"}],"curies":[{"name":"wp","href":"https:\/\/api.w.org\/{rel}","templated":true}]}}