{"id":340553,"date":"2026-09-03T17:27:08","date_gmt":"2026-09-03T17:27:08","guid":{"rendered":"https:\/\/www.europesays.com\/fi\/340553\/"},"modified":"2026-09-03T17:27:08","modified_gmt":"2026-09-03T17:27:08","slug":"jo-kahdeksan-vuotta-matkaa-tehnyt-avaruusalus-saapuu-viimein-merkuriuksen-laheisyyteen","status":"publish","type":"post","link":"https:\/\/www.europesays.com\/fi\/340553\/","title":{"rendered":"Jo kahdeksan vuotta matkaa tehnyt avaruusalus saapuu viimein Merkuriuksen l\u00e4heisyyteen"},"content":{"rendered":"<p>\n\tSuomenmaa\u2013STT\t3.9.2026 14:11, muokattu<br \/>\n\t3.9.2026 14:11\n<\/p>\n<p>\t\t\t\t\t\t\t\t\tAvaruus<\/p>\n<p class=\"wp-block-paragraph\">Eurooppalaista ja japanilaista avaruusluotainta kuljettavan miehitt\u00e4m\u00e4tt\u00f6m\u00e4n BepiColombo-avaruuslennon on m\u00e4\u00e4r\u00e4 saapua torstaina Merkuriuksen l\u00e4heisyyteen. Avaruusalus on ollut matkalla kahdeksan vuotta.<\/p>\n<p class=\"wp-block-paragraph\">Aluksen kahden luotaimen on tarkoitus lopulta p\u00e4\u00e4ty\u00e4 Merkuriuksen kiertoradalle tutkimaan l\u00e4himp\u00e4n\u00e4 Aurinkoa sijaitsevaa planeettaa. <\/p>\n<p class=\"wp-block-paragraph\">Ensin aluksen on kuitenkin selviydytt\u00e4v\u00e4 kuukausia kest\u00e4v\u00e4st\u00e4 l\u00e4hestymisvaiheesta. Euroopan avaruusj\u00e4rjest\u00f6n mukaan kyseess\u00e4 on \u201dhaastavin koskaan yritetty planeetan l\u00e4hestyminen\u201d.<\/p>\n<p class=\"wp-block-paragraph\">\u2013\u2009T\u00e4m\u00e4 on hyvin kunnianhimoinen operaatio. Merkurius on hyvin haastava m\u00e4\u00e4r\u00e4np\u00e4\u00e4, koska olosuhteet n\u00e4in l\u00e4hell\u00e4 Aurinkoa ovat \u00e4\u00e4rimm\u00e4iset, kiteytti operaatiota johtava <strong>Santa Martinez <\/strong>lehdist\u00f6tilaisuudessa.<\/p>\n<p class=\"wp-block-paragraph\">Koska Merkurius on verrattain pieni, vain hieman Kuuta suurempi, sen vetovoimakentt\u00e4 on eritt\u00e4in heikko verrattuna Aurinkoon. T\u00e4m\u00e4n vuoksi sit\u00e4 l\u00e4hestyv\u00e4 avaruusalus joko palaa helposti poroksi tai p\u00e4\u00e4tyy harhaileman avaruuteen.<\/p>\n<p class=\"wp-block-paragraph\">Jos kaikki sujuu suunnitellusti, kahden luotaimen on m\u00e4\u00e4r\u00e4 alkaa tutkia Merkuriusta huhtikuussa. L\u00e4himmill\u00e4\u00e4n luotaimet ovat vain 480 kilometrin p\u00e4\u00e4ss\u00e4 planeetan pinnasta.<\/p>\n<p class=\"wp-block-paragraph\">Merkuriusta on t\u00e4t\u00e4 ennen kuvattu vuonna 1974 ja 1975 Yhdysvaltain avaruushallinnon Nasan Mariner 10 -luotaimella sen kolmella ohilennolla. My\u00f6s Nasan Messenger-luotain tutki planeettaa vuosina 2011\u2009\u2013\u20092015.<\/p>\n","protected":false},"excerpt":{"rendered":"Suomenmaa\u2013STT 3.9.2026 14:11, muokattu 3.9.2026 14:11 Avaruus Eurooppalaista ja japanilaista avaruusluotainta kuljettavan miehitt\u00e4m\u00e4tt\u00f6m\u00e4n BepiColombo-avaruuslennon on m\u00e4\u00e4r\u00e4 saapua torstaina&hellip;\n","protected":false},"author":2,"featured_media":340554,"comment_status":"","ping_status":"","sticky":false,"template":"","format":"standard","meta":{"footnotes":"","_share_on_mastodon":"0"},"categories":[114],"tags":[453,33,31,30,118,452,32,119,56],"class_list":["post-340553","post","type-post","status-publish","format-standard","has-post-thumbnail","category-avaruus","tag-avaruus","tag-fi","tag-finland","tag-finnish","tag-science","tag-space","tag-suomi","tag-tiede","tag-ulkomaat"],"share_on_mastodon":{"url":"https:\/\/pubeurope.com\/@fi\/117208288042044583","error":""},"_links":{"self":[{"href":"https:\/\/www.europesays.com\/fi\/wp-json\/wp\/v2\/posts\/340553","targetHints":{"allow":["GET"]}}],"collection":[{"href":"https:\/\/www.europesays.com\/fi\/wp-json\/wp\/v2\/posts"}],"about":[{"href":"https:\/\/www.europesays.com\/fi\/wp-json\/wp\/v2\/types\/post"}],"author":[{"embeddable":true,"href":"https:\/\/www.europesays.com\/fi\/wp-json\/wp\/v2\/users\/2"}],"replies":[{"embeddable":true,"href":"https:\/\/www.europesays.com\/fi\/wp-json\/wp\/v2\/comments?post=340553"}],"version-history":[{"count":0,"href":"https:\/\/www.europesays.com\/fi\/wp-json\/wp\/v2\/posts\/340553\/revisions"}],"wp:featuredmedia":[{"embeddable":true,"href":"https:\/\/www.europesays.com\/fi\/wp-json\/wp\/v2\/media\/340554"}],"wp:attachment":[{"href":"https:\/\/www.europesays.com\/fi\/wp-json\/wp\/v2\/media?parent=340553"}],"wp:term":[{"taxonomy":"category","embeddable":true,"href":"https:\/\/www.europesays.com\/fi\/wp-json\/wp\/v2\/categories?post=340553"},{"taxonomy":"post_tag","embeddable":true,"href":"https:\/\/www.europesays.com\/fi\/wp-json\/wp\/v2\/tags?post=340553"}],"curies":[{"name":"wp","href":"https:\/\/api.w.org\/{rel}","templated":true}]}}