{"id":340559,"date":"2026-09-03T17:42:14","date_gmt":"2026-09-03T17:42:14","guid":{"rendered":"https:\/\/www.europesays.com\/fi\/340559\/"},"modified":"2026-09-03T17:42:14","modified_gmt":"2026-09-03T17:42:14","slug":"hyundain-wrc-talli-rajujen-huhujen-keskella-uutta-tietoa-tilanteeseen","status":"publish","type":"post","link":"https:\/\/www.europesays.com\/fi\/340559\/","title":{"rendered":"Hyundain WRC-talli rajujen huhujen keskell\u00e4 \u2013 uutta tietoa tilanteeseen"},"content":{"rendered":"<p class=\"wp-block-paragraph\">Rallin MM-sarja valmistautuu kohti ensi vuoden muodonmuutostaan, mutta Hyundai pimitt\u00e4\u00e4 edelleen p\u00e4\u00e4t\u00f6st\u00e4\u00e4n. Talli ei ole viel\u00e4 vahvistanut, jatkaako se rallin MM-sarjassa virallisena tehdastiimin\u00e4 vai ei.<\/p>\n<p class=\"wp-block-paragraph\">Se tiedet\u00e4\u00e4n varmaksi, ettei Hyundai ole kehitt\u00e4m\u00e4ss\u00e4 WRC27-s\u00e4\u00e4nt\u00f6jen mukaista uutta autoa ensi vuodelle \u2013 kuten arkkivihollisensa Toyota. Hyundai voisi toki edelleen jatkaa tehdastiimin\u00e4 ja ajattaa sen alla Rally2-autoja, jotka eiv\u00e4t ole teknisesti kovin kaukana virallisen p\u00e4\u00e4luokan kilpureista.<\/p>\n<p class=\"wp-block-paragraph\">Mahdollista on my\u00f6s se, ett\u00e4 Hyundai luopuu tehdastiimist\u00e4\u00e4n ja j\u00e4tt\u00e4\u00e4 Rally2-autojensa ajattamisen niin sanotulle satelliittitiimille. Espanjalainen AS-lehti uutisoikin hiljattain, ett\u00e4 Hyundain virallinen tehdastalli on vet\u00e4ytym\u00e4ss\u00e4 MM-sarjasta kahdeksi seuraavaksi vuodeksi.<\/p>\n<p class=\"wp-block-paragraph\"><strong>Lue lis\u00e4\u00e4: <a href=\"https:\/\/www.rallit.fi\/lahde-hyundai-vetaa-topselin-irti-wrc-ohjelmastaan-kulisseissa-jo-suunnitelma-paluusta\/\" rel=\"nofollow noopener\" target=\"_blank\">L\u00e4hde: Hyundai vet\u00e4\u00e4 t\u00f6pselin irti WRC-ohjelmastaan \u2013 kulisseissa jo suunnitelma paluusta<\/a><\/strong><\/p>\n<p class=\"wp-block-paragraph\">Nyt Belgiasta on kantautunut uutta tietoa Hyundain tilanteeseen. La DH Les Sports+ -lehden tietojen mukaan Hyundailla olisi tosiaan ensi kaudella satelliittitiimi, joka ajattaisi <strong>Thierry Neuvillea<\/strong>, <strong>Adrien Fourmaux\u2019ta<\/strong> sek\u00e4 kolmatta kuljettajaa Hyundain Rally2-autolla.<\/p>\n<p class=\"wp-block-paragraph\">Lehti kertoo, ett\u00e4 tiimin suunnitelmissa on osallistua ensi kaudella kymmeneen MM-ralliin. Ohjelmassa ei olisi siis t\u00e4ysi kausi, sill\u00e4 ensi vuonna ajettaneen 14 tai 15 osakilpailua.<\/p>\n<p class=\"wp-block-paragraph\">Hyundailta odotetaan p\u00e4\u00e4t\u00f6ksi\u00e4 l\u00e4hitulevaisuudessa. Urheilutoimenjohtaja <strong>Andrew Wheatley<\/strong> kertoi Rallit.fille kuukausi sitten ajetun Suomen MM-rallin yhteydess\u00e4, ett\u00e4 seuraavaksi WRC-tallin pomot aloittavat keskustelut etel\u00e4korealaisen autonvalmistajan johtoportaan kanssa.<\/p>\n<p class=\"wp-block-paragraph\">\u2013 Meill\u00e4 on paljon vaihtoehtoja. Nyt meid\u00e4n pit\u00e4\u00e4 vain saada tarkka kuva kilpailullisesta formaatista, jotta voimme tehd\u00e4 selke\u00e4n esityksen, Wheatley sanoi.<\/p>\n<p class=\"wp-block-paragraph\"><strong>Lue lis\u00e4\u00e4: <a href=\"https:\/\/www.rallit.fi\/hyundain-wrc-tallin-paa-polkylla-tama-on-tiimin-tilanne-nyt\/\" rel=\"nofollow noopener\" target=\"_blank\">Hyundain WRC-tallin p\u00e4\u00e4 p\u00f6lkyll\u00e4 \u2013 t\u00e4m\u00e4 on tiimin tilanne nyt<\/a><\/strong><\/p>\n<p class=\"wp-block-paragraph\">Rallin MM-kauden seuraava osakilpailu ajetaan ensi viikolla Chiless\u00e4.<\/p>\n","protected":false},"excerpt":{"rendered":"Rallin MM-sarja valmistautuu kohti ensi vuoden muodonmuutostaan, mutta Hyundai pimitt\u00e4\u00e4 edelleen p\u00e4\u00e4t\u00f6st\u00e4\u00e4n. Talli ei ole viel\u00e4 vahvistanut, jatkaako&hellip;\n","protected":false},"author":2,"featured_media":340560,"comment_status":"","ping_status":"","sticky":false,"template":"","format":"standard","meta":{"footnotes":"","_share_on_mastodon":"0"},"categories":[158],"tags":[7357,17445,33,31,30,3539,3540,159,32,7358,160],"class_list":["post-340559","post","type-post","status-publish","format-standard","has-post-thumbnail","category-urheilu","tag-adrien-fourmaux","tag-andrew-wheatley","tag-fi","tag-finland","tag-finnish","tag-hyundai-motorsport","tag-rallin-mm-sarja","tag-sports","tag-suomi","tag-thierry-neuville","tag-urheilu"],"share_on_mastodon":{"url":"https:\/\/pubeurope.com\/@fi\/117208347610047737","error":""},"_links":{"self":[{"href":"https:\/\/www.europesays.com\/fi\/wp-json\/wp\/v2\/posts\/340559","targetHints":{"allow":["GET"]}}],"collection":[{"href":"https:\/\/www.europesays.com\/fi\/wp-json\/wp\/v2\/posts"}],"about":[{"href":"https:\/\/www.europesays.com\/fi\/wp-json\/wp\/v2\/types\/post"}],"author":[{"embeddable":true,"href":"https:\/\/www.europesays.com\/fi\/wp-json\/wp\/v2\/users\/2"}],"replies":[{"embeddable":true,"href":"https:\/\/www.europesays.com\/fi\/wp-json\/wp\/v2\/comments?post=340559"}],"version-history":[{"count":0,"href":"https:\/\/www.europesays.com\/fi\/wp-json\/wp\/v2\/posts\/340559\/revisions"}],"wp:featuredmedia":[{"embeddable":true,"href":"https:\/\/www.europesays.com\/fi\/wp-json\/wp\/v2\/media\/340560"}],"wp:attachment":[{"href":"https:\/\/www.europesays.com\/fi\/wp-json\/wp\/v2\/media?parent=340559"}],"wp:term":[{"taxonomy":"category","embeddable":true,"href":"https:\/\/www.europesays.com\/fi\/wp-json\/wp\/v2\/categories?post=340559"},{"taxonomy":"post_tag","embeddable":true,"href":"https:\/\/www.europesays.com\/fi\/wp-json\/wp\/v2\/tags?post=340559"}],"curies":[{"name":"wp","href":"https:\/\/api.w.org\/{rel}","templated":true}]}}