{"id":340565,"date":"2026-09-03T17:46:12","date_gmt":"2026-09-03T17:46:12","guid":{"rendered":"https:\/\/www.europesays.com\/fi\/340565\/"},"modified":"2026-09-03T17:46:12","modified_gmt":"2026-09-03T17:46:12","slug":"varikkaista-vaiheista-tunnettu-tamperelainen-panimoyhtio-lopettaa-toimintansa-pirkanmaa","status":"publish","type":"post","link":"https:\/\/www.europesays.com\/fi\/340565\/","title":{"rendered":"V\u00e4rikk\u00e4ist\u00e4 vaiheista tunnettu tamperelainen panimoyhti\u00f6 lopettaa toimintansa | Pirkanmaa"},"content":{"rendered":"<p class=\"aw__sc-1qwuw0s-0 aw__sc-1vg2sqm-0 epAWpq ecELkD yle__article__paragraph\">Pyynikin Brewing onnistui pienent\u00e4m\u00e4\u00e4n satojen tuhansien eurojen tappiota ennen lopettamista. Panimon johtajan mukaan kaikki mahdollinen on myyty pois.<\/p>\n<p><img decoding=\"async\" alt=\"Kyltti, jossa lukee 'Pyynikin Brewhouse', kiinnitettyn\u00e4 tiilisein\u00e4\u00e4n ravintolan ulkopuolella.\" src=\"https:\/\/www.europesays.com\/fi\/wp-content\/uploads\/2026\/09\/1736243523.jpeg\" class=\"aw__sc-dklauk-0 LPzKX\"\/><\/p>\n<p>Avaa kuvien katselu<\/p>\n<p>Juhani Tamminen muistuttaa, ett\u00e4 vaikka panimon toiminta on loppunut, br\u00e4ndill\u00e4 on viel\u00e4 arvoa. Panimon nime\u00e4 kantavat esimerkiksi Tampereella ja Jyv\u00e4skyl\u00e4ss\u00e4 toimivat Pyynikin Brewhouse -ravintolat. Kuva: Anni Hyypi\u00f6 \/ Yle<\/p>\n<p class=\"aw__sc-1qwuw0s-0 aw__sc-ngllmo-0 epAWpq fzYpjk yle__article__paragraph\">Tamperelaisen panimoyhti\u00f6 Pyynikin Brewingin toiminta p\u00e4\u00e4ttyy.<\/p>\n<p class=\"aw__sc-1qwuw0s-0 aw__sc-ngllmo-0 epAWpq fzYpjk yle__article__paragraph\">Oluen tuottaminen Virossa on loppunut ja henkil\u00f6kunta irtisanottu.<\/p>\n<p class=\"aw__sc-1qwuw0s-0 aw__sc-ngllmo-0 epAWpq fzYpjk yle__article__paragraph\">Yhteen asiaan yhti\u00f6n johtaja <strong class=\"aw__sc-ngllmo-2 gdRrun yle__article__strong\">Juhani Tamminen<\/strong> on tyytyv\u00e4inen: yhti\u00f6 onnistui pienent\u00e4m\u00e4\u00e4n tappiollista tulosta alasajon aikana satoja tuhansia euroja.<\/p>\n<p class=\"aw__sc-1qwuw0s-0 aw__sc-ngllmo-0 epAWpq fzYpjk yle__article__paragraph\">\u2013 Herranjumala, seh\u00e4n on mielet\u00f6n saavutus, Tamminen kuvailee Ylelle.<\/p>\n<p class=\"aw__sc-1qwuw0s-0 aw__sc-ngllmo-0 epAWpq fzYpjk yle__article__paragraph\">Pyynikin Brewing teki tappiota vuoden 2025 tilinp\u00e4\u00e4t\u00f6ksen mukaan 98\u00a0000 euroa. Vuonna 2024, kun panimo toimi viel\u00e4 aktiivisesti, yhti\u00f6 teki tappiota reilu 620\u00a0000 euroa ja vuonna 2023 noin 240\u00a0000 euroa.<\/p>\n<p class=\"aw__sc-1qwuw0s-0 aw__sc-ngllmo-0 epAWpq fzYpjk yle__article__paragraph\">Yhti\u00f6n p\u00e4\u00e4oma oli vuoden 2025 lopulla l\u00e4hes 800\u00a0000 euroa pakkasella. Sill\u00e4 ei kuitenkaan ollut verovelkaa tai maksuh\u00e4iri\u00f6merkint\u00f6j\u00e4.<\/p>\n<p class=\"aw__sc-1qwuw0s-0 aw__sc-ngllmo-0 epAWpq fzYpjk yle__article__paragraph\">Tamminen kertoo, ett\u00e4 tappiota saatiin pienennetty\u00e4, kun toimintaan tehtiin merkitt\u00e4vi\u00e4 muutoksia. Tamminen esimerkiksi pys\u00e4ytti tuotannon kesken tuotantoprosessin.<\/p>\n<p class=\"aw__sc-1qwuw0s-0 aw__sc-ngllmo-0 epAWpq fzYpjk yle__article__paragraph\">Lis\u00e4ksi kaikki mahdollinen myytiin pois.<\/p>\n<p class=\"aw__sc-1qwuw0s-0 aw__sc-ngllmo-0 epAWpq fzYpjk yle__article__paragraph\">\u2013 Kannattamaton toiminta lopetettiin. Muutin kaiken mahdollisen rahaksi.<\/p>\n<p class=\"aw__sc-1qwuw0s-0 aw__sc-ngllmo-0 epAWpq fzYpjk yle__article__paragraph\">Yhti\u00f6n lopettamisesta kertoi ensin <a class=\"aw__sc-ngllmo-1 bTDnwX yle__article__link\" href=\"https:\/\/www.aamulehti.fi\/talous\/art-2000012247691.html\" role=\"link\" rel=\"nofollow noopener\" target=\"_blank\">Aamulehti<\/a>.<\/p>\n<p>Takana v\u00e4rik\u00e4s historia<\/p>\n<p class=\"aw__sc-1qwuw0s-0 aw__sc-ngllmo-0 epAWpq fzYpjk yle__article__paragraph\">Pyynikin Brewingi\u00e4 edelt\u00e4nyt Pyynikin <a class=\"aw__sc-ngllmo-1 bTDnwX yle__article__link\" href=\"https:\/\/yle.fi\/a\/3-12622647\" role=\"link\" rel=\"nofollow noopener\" target=\"_blank\">k\u00e4sity\u00f6l\u00e4is\u00adpanimo meni konkurssiin vuonna 2022.<\/a> Nopeasti kasvaneella panimolla oli yli 10\u00a0000 osakasta ja moni oli sijoittanut siihen. Yhti\u00f6 teki sen olemassaolon aikana suuret tappiot ja<a class=\"aw__sc-ngllmo-1 bTDnwX yle__article__link\" href=\"https:\/\/yle.fi\/a\/3-12486456\" role=\"link\" rel=\"nofollow noopener\" target=\"_blank\"> k\u00e4rsi pitk\u00e4\u00e4n talousvaikeuksista.<\/a><\/p>\n<p class=\"aw__sc-1qwuw0s-0 aw__sc-ngllmo-0 epAWpq fzYpjk yle__article__paragraph\">K\u00e4sity\u00f6l\u00e4ispanimon oluentuotanto alkoi Tampereella, <a class=\"aw__sc-ngllmo-1 bTDnwX yle__article__link\" href=\"https:\/\/yle.fi\/a\/3-11803273\" role=\"link\" rel=\"nofollow noopener\" target=\"_blank\">mutta siirtyi sittemmin Viroon.<\/a><\/p>\n<p class=\"aw__sc-1qwuw0s-0 aw__sc-ngllmo-0 epAWpq fzYpjk yle__article__paragraph\">Pyynikin k\u00e4sity\u00f6l\u00e4ispanimon perustaja <strong class=\"aw__sc-ngllmo-2 gdRrun yle__article__strong\">Tuomas Pere<\/strong> <a class=\"aw__sc-ngllmo-1 bTDnwX yle__article__link\" href=\"https:\/\/yle.fi\/a\/74-20227392\" role=\"link\" rel=\"nofollow noopener\" target=\"_blank\">tuomittiin t\u00e4n\u00e4 vuonna talousrikoksista ehdolliseen vankeustuomioon<\/a>.<\/p>\n<p class=\"aw__sc-1qwuw0s-0 aw__sc-ngllmo-0 epAWpq fzYpjk yle__article__paragraph\">Rikokset liittyv\u00e4t kolmeen yhti\u00f6\u00f6n, joissa Pereell\u00e4 oli p\u00e4\u00e4t\u00f6svaltaa: Global Brewing Solutions, Global Brewing Solutions Estonia ja Kauttuan Kievari.<\/p>\n<p class=\"aw__sc-1qwuw0s-0 aw__sc-ngllmo-0 epAWpq fzYpjk yle__article__paragraph\">Tamminen muistuttaa, ett\u00e4 vaikka panimon toiminta on loppunut, br\u00e4ndill\u00e4 on viel\u00e4 arvoa.<\/p>\n<p class=\"aw__sc-1qwuw0s-0 aw__sc-ngllmo-0 epAWpq fzYpjk yle__article__paragraph\">Panimon nime\u00e4 kantavat esimerkiksi Tampereella ja Jyv\u00e4skyl\u00e4ss\u00e4 toimivat Pyynikin Brewhouse -ravintolat.<\/p>\n<p class=\"aw__sc-1qwuw0s-0 aw__sc-ngllmo-0 epAWpq fzYpjk yle__article__paragraph\">\u2013 Uskon, ett\u00e4 Pyynikki palaa kehiin, Tamminen pohtii.<\/p>\n","protected":false},"excerpt":{"rendered":"Pyynikin Brewing onnistui pienent\u00e4m\u00e4\u00e4n satojen tuhansien eurojen tappiota ennen lopettamista. Panimon johtajan mukaan kaikki mahdollinen on myyty pois.&hellip;\n","protected":false},"author":2,"featured_media":340566,"comment_status":"","ping_status":"","sticky":false,"template":"","format":"standard","meta":{"footnotes":"","_share_on_mastodon":"0"},"categories":[76],"tags":[79,77,33,31,30,8961,71,8963,553,41988,32,78,551,1992],"class_list":["post-340565","post","type-post","status-publish","format-standard","has-post-thumbnail","category-talous","tag-business","tag-economy","tag-fi","tag-finland","tag-finnish","tag-juomateollisuus","tag-kotimaa","tag-oluenvalmistus","tag-pirkanmaa","tag-pyynikki","tag-suomi","tag-talous","tag-tampere","tag-yritystiedot"],"share_on_mastodon":{"url":"https:\/\/pubeurope.com\/@fi\/117208363567009003","error":""},"_links":{"self":[{"href":"https:\/\/www.europesays.com\/fi\/wp-json\/wp\/v2\/posts\/340565","targetHints":{"allow":["GET"]}}],"collection":[{"href":"https:\/\/www.europesays.com\/fi\/wp-json\/wp\/v2\/posts"}],"about":[{"href":"https:\/\/www.europesays.com\/fi\/wp-json\/wp\/v2\/types\/post"}],"author":[{"embeddable":true,"href":"https:\/\/www.europesays.com\/fi\/wp-json\/wp\/v2\/users\/2"}],"replies":[{"embeddable":true,"href":"https:\/\/www.europesays.com\/fi\/wp-json\/wp\/v2\/comments?post=340565"}],"version-history":[{"count":0,"href":"https:\/\/www.europesays.com\/fi\/wp-json\/wp\/v2\/posts\/340565\/revisions"}],"wp:featuredmedia":[{"embeddable":true,"href":"https:\/\/www.europesays.com\/fi\/wp-json\/wp\/v2\/media\/340566"}],"wp:attachment":[{"href":"https:\/\/www.europesays.com\/fi\/wp-json\/wp\/v2\/media?parent=340565"}],"wp:term":[{"taxonomy":"category","embeddable":true,"href":"https:\/\/www.europesays.com\/fi\/wp-json\/wp\/v2\/categories?post=340565"},{"taxonomy":"post_tag","embeddable":true,"href":"https:\/\/www.europesays.com\/fi\/wp-json\/wp\/v2\/tags?post=340565"}],"curies":[{"name":"wp","href":"https:\/\/api.w.org\/{rel}","templated":true}]}}