{"id":340577,"date":"2026-09-03T17:57:13","date_gmt":"2026-09-03T17:57:13","guid":{"rendered":"https:\/\/www.europesays.com\/fi\/340577\/"},"modified":"2026-09-03T17:57:13","modified_gmt":"2026-09-03T17:57:13","slug":"htc-toi-vive-eagle-tekoalylasit-myyntiin-suomeen-varustettu-kaiuttimilla-ja-12-megapikselin-kameralla","status":"publish","type":"post","link":"https:\/\/www.europesays.com\/fi\/340577\/","title":{"rendered":"HTC toi Vive Eagle -teko\u00e4lylasit myyntiin Suomeen \u2013 varustettu kaiuttimilla ja 12 megapikselin kameralla"},"content":{"rendered":"<p><a href=\"https:\/\/www.europesays.com\/fi\/wp-content\/uploads\/2026\/09\/htc_vive_eagle_1.jpg\" data-lightbox=\"image\"><img fetchpriority=\"high\" decoding=\"async\" aria-describedby=\"caption-attachment-263684\" class=\"size-full wp-image-263684\" src=\"data:image\/svg+xml,%3Csvg%20xmlns=\" http:=\"\" alt=\"HTC Vive Eagle.\" width=\"1200\" height=\"841\" data-lazy- data-lazy- data-lazy-src=\"https:\/\/www.europesays.com\/fi\/wp-content\/uploads\/2026\/09\/htc_vive_eagle_1.jpg\"\/><\/a><\/p>\n<p id=\"caption-attachment-263684\" class=\"wp-caption-text\">HTC Vive Eagle.<\/p>\n<p>HTC on ilmoittanut tuovansa Vive Eagle -\u00e4lylasit kansainv\u00e4lisille markkinoille. <a href=\"https:\/\/mobiili.fi\/2025\/08\/14\/htc-julkisti-vive-eagle-tekoalylasit-varustettu-kaiuttimilla-ja-12-megapikselin-kameralla\/\" rel=\"nofollow noopener\" target=\"_blank\">Kotimarkkinoillaan Taiwanissa HTC julkaisi lasit jo elokuussa<\/a>.<\/p>\n<p>Vive Eagle -\u00e4lylasit ovat varustettu kaiuttimilla, mikrofonilla ja kameralla. N\u00e4in ollen ne muistuttavat siis esimerkiksi Metan Ray-Ban- ja Oakley-br\u00e4ndien kanssa toteuttamia \u00e4lylaseja.<\/p>\n<p>Vive Eaglesta on tarjolla kaksi muotoa (Square ja Pantos) sek\u00e4 viisi v\u00e4rivaihtoehtoa Charcoal Black, Black, Clear Brown, Berry ja Coffee. <a href=\"https:\/\/myshop.vive.com\/vive_eu\/1920779.html\" rel=\"nofollow noopener\" target=\"_blank\">HTC:n omassa Vive-verkkokaupassa hinnaksi Suomeen ilmoitetaan alkaen 480 euroa<\/a>. Laajemmin Euroopassa hinta on alkaen 469 euroa.<\/p>\n<p style=\"width: 98%; text-align: center; font-size:13px; border-bottom: 1px solid #C8C8C8; line-height: 0.1em; margin: 8px 1% 16px 1%;\">MAINOS (ARTIKKELI JATKUU ALLA)<\/p>\n<p>Saataville Vive Eagle -lasit tulevat uusilla markkinoilla 21. syyskuuta alkaen.<\/p>\n<p>Lasien kaiuttimilla voi kuunnella musiikkia ja muita sis\u00e4lt\u00f6j\u00e4 sek\u00e4 kameralla kuvata valokuvia ja videoita, mink\u00e4 ohella lasien keskeinen toiminnallisuus rakentuukin puhuen k\u00e4ytett\u00e4v\u00e4n teko\u00e4lyn ymp\u00e4rille. Lis\u00e4ksi laseja voi k\u00e4ytt\u00e4\u00e4 puhelujen puhumiseen paritetun puhelimen kautta.<\/p>\n<p>Vive Eagle -lasit painavat 48,5 grammaa. Laseissa on s\u00e4\u00e4dett\u00e4v\u00e4t nen\u00e4tyynyt sek\u00e4 ergomisesti muotoillut sangat. Linssit tulevat Zeissilta, ja tarjolla on kirkkaita linssej\u00e4, aurinkolasilinssej\u00e4 sek\u00e4 mukautuvia linssej\u00e4.<\/p>\n<p><a href=\"https:\/\/www.europesays.com\/fi\/wp-content\/uploads\/2026\/09\/htc_vive_eagle_2.jpg\" data-lightbox=\"image\"><img loading=\"lazy\" decoding=\"async\" aria-describedby=\"caption-attachment-263683\" class=\"size-full wp-image-263683\" src=\"data:image\/svg+xml,%3Csvg%20xmlns=\" http:=\"\" alt=\"HTC Vive Eagle -lasit k\u00e4yt\u00f6ss\u00e4.\" width=\"1105\" height=\"1200\" data-lazy- data-lazy- data-lazy-src=\"https:\/\/www.europesays.com\/fi\/wp-content\/uploads\/2026\/09\/htc_vive_eagle_2.jpg\"\/><\/a><\/p>\n<p id=\"caption-attachment-263683\" class=\"wp-caption-text\">HTC Vive Eagle -lasit k\u00e4yt\u00f6ss\u00e4.<\/p>\n<p style=\"width: 98%; text-align: center; font-size:13px; border-bottom: 1px solid #C8C8C8; line-height: 0.1em; margin: 8px 1% 16px 1%;\">MAINOS (ARTIKKELI JATKUU ALLA)<\/p>\n<p>Vive Eagle lasien \u00e4\u00e4nentoisto on toteutettu niin sanotulla avoimella tavalla, joka mahdollistaa mukavan k\u00e4yt\u00f6n. Lasien kerrotaan sis\u00e4lt\u00e4v\u00e4n suurikokoiset kaiutinelementit sek\u00e4 virtuaalisen bassovahvistuksen. Design on suunniteltu minimoimaan \u00e4\u00e4nen kuuluminen ulkopuolisille.<\/p>\n<p>Vive Eaglen ultralaajakulmakameran tarkkuus on 12 megapikseli\u00e4.<\/p>\n<p>\u00c4\u00e4nikomentoihin Vive Eagle tarjoaa HTC:n oman Vive AI -avustajan, joka hy\u00f6dynt\u00e4\u00e4 joustavasti tarpeen mukaan johtavia teko\u00e4lyalustoja, kuten OpenAI:n GPT-malleja sek\u00e4 Googlen Gemini\u00e4.<\/p>\n<p>Esimerkiksi kuvan nappaaminen k\u00e4y yksinkertaisesti komennolla\u00a0 \u201cHey Vive, take a photo\u201d, mink\u00e4 lis\u00e4ksi laseilla voi tallentaa muistutuksia, tehd\u00e4 muistiinpanoja tai pyyt\u00e4\u00e4 vaikka ravintolasuosituksia.<\/p>\n<p style=\"width: 98%; text-align: center; font-size:13px; border-bottom: 1px solid #C8C8C8; line-height: 0.1em; margin: 8px 1% 16px 1%;\">MAINOS (ARTIKKELI JATKUU ALLA)<\/p>\n<p>Lis\u00e4ksi tuettuna ovat reaaliaikaiset k\u00e4\u00e4nn\u00f6kset, jotka voivat k\u00e4\u00e4nt\u00e4\u00e4 kameralla kuvatut tekstit puhuttuna eri kielelle. Tuettuja kieli\u00e4 ovat arabia, englanti, espanja, italia, japani, kiina, korea, kreikka, portugali, ranska, saksa, thai ja turkki.<\/p>\n<p>Vive Eagle -lasit sis\u00e4lt\u00e4v\u00e4t 235 milliampeeritunnin akun, joka tarjoaa 36 tunnin valmiusajan ja noin 4,5 tuntia musiikin kuunteluaikaa. Teknisen\u00e4 perustana on Qualcomm Snapdragon AR Gen 1 -j\u00e4rjestelm\u00e4piiri, jonka rinnalta l\u00f6ytyy 4 gigatavua RAM-k\u00e4ytt\u00f6muistia ja 32 gigatavua tallennusmuistia. Tuettuna on magneettinen lataus, jolla vain 10 minuutissa akku latautuu jo 50 prosentin varaukseen asti.<\/p>\n<p>Kaikki k\u00e4ytt\u00e4j\u00e4tiedot tallennetaan salatussa muoossa paikallisesti laitteessa eik\u00e4 niit\u00e4 ladata verkkoon, seurata tai k\u00e4ytet\u00e4 teko\u00e4lymallien kouluttamiseen HTC:n toimesta. Kolmansien osapuolten teko\u00e4ly\u00e4 pyynt\u00f6ihin vastaamiseen k\u00e4ytett\u00e4ess\u00e4 data anonymisoidaan.<\/p>\n<p>Laseilla kuvaamisesta kertoo niiden sis\u00e4lt\u00e4m\u00e4 LED-merkkivalo.<\/p>\n<p><a href=\"https:\/\/www.europesays.com\/fi\/wp-content\/uploads\/2026\/09\/htc_vive_eagle_5.jpg\" data-lightbox=\"image\"><img loading=\"lazy\" decoding=\"async\" aria-describedby=\"caption-attachment-263680\" class=\"size-full wp-image-263680\" src=\"data:image\/svg+xml,%3Csvg%20xmlns=\" http:=\"\" alt=\"HTC Vive Eagle -lasit k\u00e4yt\u00f6ss\u00e4.\" width=\"1200\" height=\"1161\" data-lazy- data-lazy- data-lazy-src=\"https:\/\/www.europesays.com\/fi\/wp-content\/uploads\/2026\/09\/htc_vive_eagle_5.jpg\"\/><\/a><\/p>\n<p id=\"caption-attachment-263680\" class=\"wp-caption-text\">HTC Vive Eagle -lasit k\u00e4yt\u00f6ss\u00e4.<\/p>\n<p>Mainos: <a href=\"https:\/\/hinta.fi\/?src=gPp6fX03\" target=\"_blank\" rel=\"nofollow noopener\">Noin 1 600 000 tuotteen hintavertailu ja hintaseuranta &#8211; katso Hinta.fist\u00e4 mist\u00e4 saat halvimmalla<\/a><\/p>\n","protected":false},"excerpt":{"rendered":"HTC Vive Eagle. HTC on ilmoittanut tuovansa Vive Eagle -\u00e4lylasit kansainv\u00e4lisille markkinoille. Kotimarkkinoillaan Taiwanissa HTC julkaisi lasit jo&hellip;\n","protected":false},"author":2,"featured_media":340578,"comment_status":"","ping_status":"","sticky":false,"template":"","format":"standard","meta":{"footnotes":"","_share_on_mastodon":"0"},"categories":[88],"tags":[33,31,30,32,91,92,424,422,423],"class_list":["post-340577","post","type-post","status-publish","format-standard","has-post-thumbnail","category-virtuaalitodellisuus","tag-fi","tag-finland","tag-finnish","tag-suomi","tag-technology","tag-teknologia","tag-virtuaalitodellisuus","tag-virtual-reality","tag-vr"],"share_on_mastodon":{"url":"https:\/\/pubeurope.com\/@fi\/117208405984195543","error":""},"_links":{"self":[{"href":"https:\/\/www.europesays.com\/fi\/wp-json\/wp\/v2\/posts\/340577","targetHints":{"allow":["GET"]}}],"collection":[{"href":"https:\/\/www.europesays.com\/fi\/wp-json\/wp\/v2\/posts"}],"about":[{"href":"https:\/\/www.europesays.com\/fi\/wp-json\/wp\/v2\/types\/post"}],"author":[{"embeddable":true,"href":"https:\/\/www.europesays.com\/fi\/wp-json\/wp\/v2\/users\/2"}],"replies":[{"embeddable":true,"href":"https:\/\/www.europesays.com\/fi\/wp-json\/wp\/v2\/comments?post=340577"}],"version-history":[{"count":0,"href":"https:\/\/www.europesays.com\/fi\/wp-json\/wp\/v2\/posts\/340577\/revisions"}],"wp:featuredmedia":[{"embeddable":true,"href":"https:\/\/www.europesays.com\/fi\/wp-json\/wp\/v2\/media\/340578"}],"wp:attachment":[{"href":"https:\/\/www.europesays.com\/fi\/wp-json\/wp\/v2\/media?parent=340577"}],"wp:term":[{"taxonomy":"category","embeddable":true,"href":"https:\/\/www.europesays.com\/fi\/wp-json\/wp\/v2\/categories?post=340577"},{"taxonomy":"post_tag","embeddable":true,"href":"https:\/\/www.europesays.com\/fi\/wp-json\/wp\/v2\/tags?post=340577"}],"curies":[{"name":"wp","href":"https:\/\/api.w.org\/{rel}","templated":true}]}}