{"id":340589,"date":"2026-09-03T18:13:07","date_gmt":"2026-09-03T18:13:07","guid":{"rendered":"https:\/\/www.europesays.com\/fi\/340589\/"},"modified":"2026-09-03T18:13:07","modified_gmt":"2026-09-03T18:13:07","slug":"venalaista-sotilaskomentajaa-ammuttiin-saratovin-alueella-yle","status":"publish","type":"post","link":"https:\/\/www.europesays.com\/fi\/340589\/","title":{"rendered":"Ven\u00e4l\u00e4ist\u00e4 sotilaskomentajaa ammuttiin Saratovin alueella &#8211; Yle"},"content":{"rendered":"<ol>\n<li><a href=\"https:\/\/news.google.com\/rss\/articles\/CBMiUkFVX3lxTFBHR0Y5TTRVd0lzcTEycjNnNFFqcXNEbEl1V3RWUVhWZjVuN3ZFYlRDUkM5WTFWQ2FGcGNvYll3czFiR0dyZFgwVFNzOFlPZ044emc?oc=5\" target=\"_blank\" rel=\"nofollow noopener\">Ven\u00e4l\u00e4ist\u00e4 sotilaskomentajaa ammuttiin Saratovin alueella<\/a>&nbsp;&nbsp;Yle<\/li>\n<li><a href=\"https:\/\/news.google.com\/rss\/articles\/CBMiUkFVX3lxTE53cVNKbmlqc1Rfb3dzZVA2alhtcUlEUU4zSzJQemkyR0dERDJvTm5ISTR6YkJqbUFEZkttSG5IYXQ3S1d4U1NzcFhzdVA0RkRjZmc?oc=5\" target=\"_blank\" rel=\"nofollow noopener\">Ven\u00e4j\u00e4 valittaa oikeuteen Norjan takavarikoitua aluksen Huippuvuorilla<\/a>&nbsp;&nbsp;Yle<\/li>\n<li><a href=\"https:\/\/news.google.com\/rss\/articles\/CBMiUkFVX3lxTFA3YmxOSUF2MDBFOV9CWUljX0VQb0NLMzhDM0lwTXZxck1tTzNZeHdEbC1sS0NvYWxoSGh2YWdBYlYwNzk3RC1YWno1amJLTDRQd0E?oc=5\" target=\"_blank\" rel=\"nofollow noopener\">Ven\u00e4j\u00e4n ilmaisku vahingoitti kerrostaloa Odessassa<\/a>&nbsp;&nbsp;Yle<\/li>\n<li><a href=\"https:\/\/news.google.com\/rss\/articles\/CBMiUkFVX3lxTE9qM19IZkc2SmVJMm81ejBRdU5fQnJ6S29VM0t2ZG5sbENKTl8yYTRONDlKSms3VVhwaE5ROUVzelhBa1JBXzg4czIzYUpMZkZhNGc?oc=5\" target=\"_blank\" rel=\"nofollow noopener\">Von der Leyen: Ven\u00e4j\u00e4n drooni-iskun yritys Leipzigiss\u00e4 merkitsee uutta eskalaatiota Euroopan maaper\u00e4ll\u00e4<\/a>&nbsp;&nbsp;Yle<\/li>\n<li><a href=\"https:\/\/news.google.com\/rss\/articles\/CBMiUkFVX3lxTFBRa1NaZGpoTWJvbkxOcWxYdERMa0lSalZ4SXdDYUxRdURKWC1PbnlKYmo4bkhIbFFWY3NjYV9yb21tWXUzS2VvNF9IbTZkQzBXaHc?oc=5\" target=\"_blank\" rel=\"nofollow noopener\">Ven\u00e4j\u00e4n valtiovarainministeri teki yll\u00e4tysvierailun G20-kokoukseen<\/a>&nbsp;&nbsp;Yle<\/li>\n<\/ol>\n","protected":false},"excerpt":{"rendered":"Ven\u00e4l\u00e4ist\u00e4 sotilaskomentajaa ammuttiin Saratovin alueella&nbsp;&nbsp;Yle Ven\u00e4j\u00e4 valittaa oikeuteen Norjan takavarikoitua aluksen Huippuvuorilla&nbsp;&nbsp;Yle Ven\u00e4j\u00e4n ilmaisku vahingoitti kerrostaloa Odessassa&nbsp;&nbsp;Yle Von&hellip;\n","protected":false},"author":2,"featured_media":340590,"comment_status":"","ping_status":"","sticky":false,"template":"","format":"standard","meta":{"footnotes":"","_share_on_mastodon":"0"},"categories":[14],"tags":[22,23,26,27,33,31,30,17,70,24,25,28,29,15,18,21,32,19,20,1303,56,16,547,987,59,60,61],"class_list":["post-340589","post","type-post","status-publish","format-standard","has-post-thumbnail","category-ulkomaat","tag-breaking-news","tag-breakingnews","tag-featured-news","tag-featurednews","tag-fi","tag-finland","tag-finnish","tag-headlines","tag-kansainvalinen-politiikka","tag-latest-news","tag-latestnews","tag-main-news","tag-mainnews","tag-news","tag-otsikot","tag-paauutiset","tag-suomi","tag-top-stories","tag-topstories","tag-ukraina","tag-ulkomaat","tag-uutiset","tag-venaja","tag-venajan-hyokkays","tag-world","tag-world-news","tag-worldnews"],"share_on_mastodon":{"url":"https:\/\/pubeurope.com\/@fi\/117208469029992833","error":""},"_links":{"self":[{"href":"https:\/\/www.europesays.com\/fi\/wp-json\/wp\/v2\/posts\/340589","targetHints":{"allow":["GET"]}}],"collection":[{"href":"https:\/\/www.europesays.com\/fi\/wp-json\/wp\/v2\/posts"}],"about":[{"href":"https:\/\/www.europesays.com\/fi\/wp-json\/wp\/v2\/types\/post"}],"author":[{"embeddable":true,"href":"https:\/\/www.europesays.com\/fi\/wp-json\/wp\/v2\/users\/2"}],"replies":[{"embeddable":true,"href":"https:\/\/www.europesays.com\/fi\/wp-json\/wp\/v2\/comments?post=340589"}],"version-history":[{"count":0,"href":"https:\/\/www.europesays.com\/fi\/wp-json\/wp\/v2\/posts\/340589\/revisions"}],"wp:featuredmedia":[{"embeddable":true,"href":"https:\/\/www.europesays.com\/fi\/wp-json\/wp\/v2\/media\/340590"}],"wp:attachment":[{"href":"https:\/\/www.europesays.com\/fi\/wp-json\/wp\/v2\/media?parent=340589"}],"wp:term":[{"taxonomy":"category","embeddable":true,"href":"https:\/\/www.europesays.com\/fi\/wp-json\/wp\/v2\/categories?post=340589"},{"taxonomy":"post_tag","embeddable":true,"href":"https:\/\/www.europesays.com\/fi\/wp-json\/wp\/v2\/tags?post=340589"}],"curies":[{"name":"wp","href":"https:\/\/api.w.org\/{rel}","templated":true}]}}