{"id":340593,"date":"2026-09-03T18:15:14","date_gmt":"2026-09-03T18:15:14","guid":{"rendered":"https:\/\/www.europesays.com\/fi\/340593\/"},"modified":"2026-09-03T18:15:14","modified_gmt":"2026-09-03T18:15:14","slug":"juoksuvalmentaja-janne-ukonmaanahoa-syytetaan-seksuaalisesta-ahdistelusta","status":"publish","type":"post","link":"https:\/\/www.europesays.com\/fi\/340593\/","title":{"rendered":"Juoksuvalmentaja Janne Ukonmaanahoa syytet\u00e4\u00e4n seksuaalisesta ahdistelusta"},"content":{"rendered":"<p>Syytteen tarkemmasta sis\u00e4ll\u00f6st\u00e4 ei ole tietoa.<\/p>\n<p><img decoding=\"async\" src=\"https:\/\/www.europesays.com\/fi\/wp-content\/uploads\/2026\/09\/1788459314_325_468.jpg\" alt=\"Janne Ukonmaanaho kuvattuna Yleisurheilugaalassa marraskuussa 2025.\" class=\"_Img_1rerz_1\" style=\"aspect-ratio:1920\/1080\" loading=\"eager\"\/><\/p>\n<p class=\"font-(family-name:--picture-caption-font-family) text-(length:--picture-caption-font-size) leading-(--picture-caption-leading) font-(--picture-caption-font-weight) text-(color:--picture-caption-color)\">Janne Ukonmaanaho kuvattuna Yleisurheilugaalassa marraskuussa 2025. Kuva:\u00a0Tomi Natri \/ All Over Press<\/p>\n<p class=\"article-body mb-(--paragraph-margin-b) px-nof-16\">Juoksuvalmentaja <a class=\"font-bold underline-offset-[0.12em] [text-decoration:var(--person-link-text-decoration)] [text-decoration-color:var(--person-link-text-decoration-color)]!\" href=\"https:\/\/www.is.fi\/haku\/?query=Janne%20Ukonmaanahoa\" rel=\"nofollow noopener\" target=\"_blank\">Janne Ukonmaanahoa<\/a> vastaan on nostettu syyte seksuaalisesta ahdistelusta.<\/p>\n<p class=\"article-body mb-(--paragraph-margin-b) px-nof-16\">Syyte on nostettu Helsingin k\u00e4r\u00e4j\u00e4oikeudessa 20. elokuuta.<\/p>\n<p class=\"article-body mb-(--paragraph-margin-b) px-nof-16\"><a class=\"underline underline-offset-[0.12em] [text-decoration-thickness:var(--generic-link-underline-thickness)] [text-decoration-color:var(--generic-link-underline-color)] [text-decoration-skip-ink:var(--generic-link-underline-skip-ink)] break-words\" href=\"https:\/\/www.iltalehti.fi\/yleisurheilu\/a\/9cf9c467-1066-4f3c-a6da-d5100c2c21c9\" rel=\"nofollow noopener\" target=\"_blank\">Iltalehden <\/a>mukaan ep\u00e4ilty teko on tapahtunut Helsingiss\u00e4 1. syyskuuta 2024. IL:n mukaan Ukonmaanaho on jutun ainoa syytetty ja asianomistajia on yksi.<\/p>\n<p class=\"article-body mb-(--paragraph-margin-b) px-nof-16\">Ukonmaanaho on 3\u202f000 metrin estejuoksun EM-kultaa vuonna 2022 voittaneen <a class=\"font-bold underline-offset-[0.12em] [text-decoration:var(--person-link-text-decoration)] [text-decoration-color:var(--person-link-text-decoration-color)]!\" href=\"https:\/\/www.is.fi\/haku\/?query=Topi%20Raitasen\" rel=\"nofollow noopener\" target=\"_blank\">Topi Raitasen<\/a> valmentaja. H\u00e4n on my\u00f6s entinen estejuoksija, joka on edustanut Suomea EM-tasolla.<\/p>\n<p class=\"article-body mb-(--paragraph-margin-b) px-nof-16\">Ukonmaanaho on Ylen yleisurheiluasiantuntija ja oli kommentoimassa muun muassa <a class=\"font-bold underline-offset-[0.12em] [text-decoration:var(--person-link-text-decoration)] [text-decoration-color:var(--person-link-text-decoration-color)]!\" href=\"https:\/\/www.is.fi\/haku\/?query=Alisa%20Vainion\" rel=\"nofollow noopener\" target=\"_blank\">Alisa Vainion<\/a> EM-kultajuoksua Birminghamissa.<\/p>\n<p class=\"article-body mb-(--paragraph-margin-b) px-nof-16\">Ilta-Sanomat on yritt\u00e4nyt tavoittaa Ukonmaanahoa. H\u00e4n ei vastannut IS:n yhteydenottoihin.<\/p>\n<p class=\"nof-ui-body-medium break-words mb-(--paragraph-margin-b) px-nof-16\">P\u00e4ivitys 3.9.2026 klo 19.33: Lis\u00e4tty Iltalehden tiedot tapauksesta.<\/p>\n","protected":false},"excerpt":{"rendered":"Syytteen tarkemmasta sis\u00e4ll\u00f6st\u00e4 ei ole tietoa. Janne Ukonmaanaho kuvattuna Yleisurheilugaalassa marraskuussa 2025. Kuva:\u00a0Tomi Natri \/ All Over Press&hellip;\n","protected":false},"author":2,"featured_media":340594,"comment_status":"","ping_status":"","sticky":false,"template":"","format":"standard","meta":{"footnotes":"","_share_on_mastodon":"0"},"categories":[5],"tags":[22,23,26,27,33,31,30,17,34,24,25,28,29,15,18,21,32,19,20,16],"class_list":["post-340593","post","type-post","status-publish","format-standard","has-post-thumbnail","category-otsikot","tag-breaking-news","tag-breakingnews","tag-featured-news","tag-featurednews","tag-fi","tag-finland","tag-finnish","tag-headlines","tag-ilta-sanomat","tag-latest-news","tag-latestnews","tag-main-news","tag-mainnews","tag-news","tag-otsikot","tag-paauutiset","tag-suomi","tag-top-stories","tag-topstories","tag-uutiset"],"share_on_mastodon":{"url":"https:\/\/pubeurope.com\/@fi\/117208477578983817","error":""},"_links":{"self":[{"href":"https:\/\/www.europesays.com\/fi\/wp-json\/wp\/v2\/posts\/340593","targetHints":{"allow":["GET"]}}],"collection":[{"href":"https:\/\/www.europesays.com\/fi\/wp-json\/wp\/v2\/posts"}],"about":[{"href":"https:\/\/www.europesays.com\/fi\/wp-json\/wp\/v2\/types\/post"}],"author":[{"embeddable":true,"href":"https:\/\/www.europesays.com\/fi\/wp-json\/wp\/v2\/users\/2"}],"replies":[{"embeddable":true,"href":"https:\/\/www.europesays.com\/fi\/wp-json\/wp\/v2\/comments?post=340593"}],"version-history":[{"count":0,"href":"https:\/\/www.europesays.com\/fi\/wp-json\/wp\/v2\/posts\/340593\/revisions"}],"wp:featuredmedia":[{"embeddable":true,"href":"https:\/\/www.europesays.com\/fi\/wp-json\/wp\/v2\/media\/340594"}],"wp:attachment":[{"href":"https:\/\/www.europesays.com\/fi\/wp-json\/wp\/v2\/media?parent=340593"}],"wp:term":[{"taxonomy":"category","embeddable":true,"href":"https:\/\/www.europesays.com\/fi\/wp-json\/wp\/v2\/categories?post=340593"},{"taxonomy":"post_tag","embeddable":true,"href":"https:\/\/www.europesays.com\/fi\/wp-json\/wp\/v2\/tags?post=340593"}],"curies":[{"name":"wp","href":"https:\/\/api.w.org\/{rel}","templated":true}]}}