{"id":340599,"date":"2026-09-03T18:23:37","date_gmt":"2026-09-03T18:23:37","guid":{"rendered":"https:\/\/www.europesays.com\/fi\/340599\/"},"modified":"2026-09-03T18:23:37","modified_gmt":"2026-09-03T18:23:37","slug":"kaleva-live-tiedon-valossa-sarjassa-kasitellaan-virtuaalitodellisuuden-haasteita-ja-mahdollisuuksia-seuraa-maksutonta-lahetysta-taalta","status":"publish","type":"post","link":"https:\/\/www.europesays.com\/fi\/340599\/","title":{"rendered":"Kaleva Live: Tiedon valossa -sarjassa k\u00e4sitell\u00e4\u00e4n virtuaalitodellisuuden haasteita ja mahdollisuuksia \u2013 seuraa maksutonta l\u00e4hetyst\u00e4 t\u00e4\u00e4lt\u00e4"},"content":{"rendered":"<p class=\"article__paragraph\">\n      Mit\u00e4 virtuaalitodellisuus on ja mihin sit\u00e4 tarvitaan? Miten virtuaalitodellisuus vaikuttaa ihmisen aisteihin ja tunteisiin? Millaisia illuusioita sill\u00e4 voidaan aiheuttaa?\n    <\/p>\n<p class=\"article__paragraph\">\n      Tutkijatohtori Matti Pouke kertoo kello 17 alkavassa l\u00e4hetyksess\u00e4 virtuaalitodellisuuden haasteista ja mahdollisuuksista.\n    <\/p>\n<p>\n      L\u00e4hetykseen voi osallistua l\u00e4hett\u00e4m\u00e4ll\u00e4 kysymyksi\u00e4 osoitteeseen viestiseina.fi\/unioulu\n    <\/p>\n<p>      Tiedon valossa: Virtuaalitodellisuuden uudet maailmat<\/p>\n","protected":false},"excerpt":{"rendered":"Mit\u00e4 virtuaalitodellisuus on ja mihin sit\u00e4 tarvitaan? Miten virtuaalitodellisuus vaikuttaa ihmisen aisteihin ja tunteisiin? Millaisia illuusioita sill\u00e4 voidaan&hellip;\n","protected":false},"author":2,"featured_media":340600,"comment_status":"","ping_status":"","sticky":false,"template":"","format":"standard","meta":{"footnotes":"","_share_on_mastodon":"0"},"categories":[88],"tags":[33,31,30,32,91,92,424,422,423],"class_list":["post-340599","post","type-post","status-publish","format-standard","has-post-thumbnail","category-virtuaalitodellisuus","tag-fi","tag-finland","tag-finnish","tag-suomi","tag-technology","tag-teknologia","tag-virtuaalitodellisuus","tag-virtual-reality","tag-vr"],"share_on_mastodon":{"url":"https:\/\/pubeurope.com\/@fi\/117208508356858175","error":""},"_links":{"self":[{"href":"https:\/\/www.europesays.com\/fi\/wp-json\/wp\/v2\/posts\/340599","targetHints":{"allow":["GET"]}}],"collection":[{"href":"https:\/\/www.europesays.com\/fi\/wp-json\/wp\/v2\/posts"}],"about":[{"href":"https:\/\/www.europesays.com\/fi\/wp-json\/wp\/v2\/types\/post"}],"author":[{"embeddable":true,"href":"https:\/\/www.europesays.com\/fi\/wp-json\/wp\/v2\/users\/2"}],"replies":[{"embeddable":true,"href":"https:\/\/www.europesays.com\/fi\/wp-json\/wp\/v2\/comments?post=340599"}],"version-history":[{"count":0,"href":"https:\/\/www.europesays.com\/fi\/wp-json\/wp\/v2\/posts\/340599\/revisions"}],"wp:featuredmedia":[{"embeddable":true,"href":"https:\/\/www.europesays.com\/fi\/wp-json\/wp\/v2\/media\/340600"}],"wp:attachment":[{"href":"https:\/\/www.europesays.com\/fi\/wp-json\/wp\/v2\/media?parent=340599"}],"wp:term":[{"taxonomy":"category","embeddable":true,"href":"https:\/\/www.europesays.com\/fi\/wp-json\/wp\/v2\/categories?post=340599"},{"taxonomy":"post_tag","embeddable":true,"href":"https:\/\/www.europesays.com\/fi\/wp-json\/wp\/v2\/tags?post=340599"}],"curies":[{"name":"wp","href":"https:\/\/api.w.org\/{rel}","templated":true}]}}