{"id":340601,"date":"2026-09-03T18:27:18","date_gmt":"2026-09-03T18:27:18","guid":{"rendered":"https:\/\/www.europesays.com\/fi\/340601\/"},"modified":"2026-09-03T18:27:18","modified_gmt":"2026-09-03T18:27:18","slug":"talta-nayttaa-taman-hetken-hittilaukku-coach-tabby","status":"publish","type":"post","link":"https:\/\/www.europesays.com\/fi\/340601\/","title":{"rendered":"T\u00e4lt\u00e4 n\u00e4ytt\u00e4\u00e4 t\u00e4m\u00e4n hetken hittilaukku: Coach Tabby"},"content":{"rendered":"<p>Julkkikset ja tavikset ovat hullaantuneet yhdest\u00e4 ja samasta laukkumallista.<\/p>\n<p><img decoding=\"async\" src=\"https:\/\/www.europesays.com\/fi\/wp-content\/uploads\/2026\/09\/1788460035_612_468.jpg\" alt=\"N\u00e4yttelij\u00e4 Elle Fanning ja artisti Charli XCX on bongattu hittilaukku olallaan. \" class=\"_Img_1rerz_1\" style=\"aspect-ratio:1920\/1080\" loading=\"eager\"\/><\/p>\n<p class=\"font-(family-name:--picture-caption-font-family) text-(length:--picture-caption-font-size) leading-(--picture-caption-leading) font-(--picture-caption-font-weight) text-(color:--picture-caption-color)\">N\u00e4yttelij\u00e4 Elle Fanning ja artisti Charli XCX on bongattu hittilaukku olallaan.  Kuva:\u00a0Getty Images, Shutterstock<\/p>\n<p class=\"article-body mb-(--paragraph-margin-b) px-nof-16\">T\u00e4m\u00e4n hetken hittilaukku on k\u00e4yt\u00e4nn\u00f6llinen ja huolettoman tyylik\u00e4s. N\u00e4in raportoi muotilehti <a class=\"underline underline-offset-[0.12em] [text-decoration-thickness:var(--generic-link-underline-thickness)] [text-decoration-color:var(--generic-link-underline-color)] [text-decoration-skip-ink:var(--generic-link-underline-skip-ink)] break-words italic\" href=\"https:\/\/www.harpersbazaar.com\/fashion\/trends\/a73453018\/celebrity-loved-coach-tabby-bag\/\" rel=\"nofollow noopener\" target=\"_blank\">Harper\u2019s Bazaar<\/a>.<\/p>\n<p class=\"article-body mb-(--paragraph-margin-b) px-nof-16\">Kyseess\u00e4 on Coach-merkin Tabby-laukku. Selke\u00e4linjainen, suorakaiteen muotoinen laukku ammentaa inspiraatiota merkin 1970-luvun malleista.<\/p>\n<p class=\"article-body mb-(--paragraph-margin-b) px-nof-16\">Hittilaukku on n\u00e4hty viime aikoina muun muassa laulaja <a class=\"font-bold underline-offset-[0.12em] [text-decoration:var(--person-link-text-decoration)] [text-decoration-color:var(--person-link-text-decoration-color)]!\" href=\"https:\/\/www.is.fi\/haku\/?query=Charli%20XCX\" rel=\"nofollow noopener\" target=\"_blank\">Charli XCX<\/a>:n ja n\u00e4yttelij\u00e4 <a class=\"font-bold underline-offset-[0.12em] [text-decoration:var(--person-link-text-decoration)] [text-decoration-color:var(--person-link-text-decoration-color)]!\" href=\"https:\/\/www.is.fi\/haku\/?query=Florence%20Pugh\" rel=\"nofollow noopener\" target=\"_blank\">Florence Pugh<\/a>\u2019n olalla.<\/p>\n<p><img decoding=\"async\" src=\"https:\/\/www.europesays.com\/fi\/wp-content\/uploads\/2026\/09\/1788460035_369_468.jpg\" alt=\"Monipuolinen laukku k\u00e4y arkeen ja juhlaan. Kuvassa n\u00e4yttelij\u00e4 Florence Pugh.\" class=\"_Img_1rerz_1\" style=\"aspect-ratio:1280\/1920\" loading=\"eager\"\/><\/p>\n<p class=\"font-(family-name:--picture-caption-font-family) text-(length:--picture-caption-font-size) leading-(--picture-caption-leading) font-(--picture-caption-font-weight) text-(color:--picture-caption-color) picture-with-caption__caption picture-with-caption__caption--default-full\">Monipuolinen laukku k\u00e4y arkeen ja juhlaan. Kuvassa n\u00e4yttelij\u00e4 Florence Pugh. Kuva:\u00a0Getty Images<\/p>\n<p><img decoding=\"async\" src=\"https:\/\/www.europesays.com\/fi\/wp-content\/uploads\/2026\/09\/1788460036_412_468.jpg\" alt=\"Laulaja Charli XCX on n\u00e4hty ulkoiluttamassa laukun isointa versiota.\" class=\"_Img_1rerz_1\" style=\"aspect-ratio:1280\/1920\" loading=\"eager\"\/><\/p>\n<p class=\"font-(family-name:--picture-caption-font-family) text-(length:--picture-caption-font-size) leading-(--picture-caption-leading) font-(--picture-caption-font-weight) text-(color:--picture-caption-color) picture-with-caption__caption picture-with-caption__caption--default-full\">Laulaja Charli XCX on n\u00e4hty ulkoiluttamassa laukun isointa versiota. Kuva:\u00a0Getty Images<\/p>\n<p><img decoding=\"async\" src=\"https:\/\/www.europesays.com\/fi\/wp-content\/uploads\/2026\/09\/1788460036_801_468.jpg\" alt=\"N\u00e4yttelij\u00e4 Elle Fanningin olalla keikkuu suosittu keskikokoinen Tabby.\" class=\"_Img_1rerz_1\" style=\"aspect-ratio:1280\/1920\" loading=\"eager\"\/><\/p>\n<p class=\"font-(family-name:--picture-caption-font-family) text-(length:--picture-caption-font-size) leading-(--picture-caption-leading) font-(--picture-caption-font-weight) text-(color:--picture-caption-color) picture-with-caption__caption picture-with-caption__caption--default-full\">N\u00e4yttelij\u00e4 Elle Fanningin olalla keikkuu suosittu keskikokoinen Tabby. Kuva:\u00a0Getty Images<\/p>\n<p class=\"article-body mb-(--paragraph-margin-b) px-nof-16\">Harper\u2019s Bazaarin mukaan laukkua voi pit\u00e4\u00e4 jopa hyv\u00e4n\u00e4 investointina, sill\u00e4 lehden arvion mukaan se saattaa muuttua tulevaisuudessa halutuksi vintage-laukuksi.<\/p>\n<p class=\"article-body mb-(--paragraph-margin-b) px-nof-16\">Laukkua myyd\u00e4\u00e4n kolmessa koossa, jotka ovat nimelt\u00e4\u00e4n 20, 26 ja 36. N\u00e4ist\u00e4 suosituimmaksi Harper\u2019s Bazaar nime\u00e4\u00e4 keskikokoisen Tabby 26:n.<\/p>\n<p class=\"article-body mb-(--paragraph-margin-b) px-nof-16\">Laukkua myy Suomessa muun muassa Stockmann, ja siit\u00e4 on saatavilla useita versioita ja v\u00e4rej\u00e4.<\/p>\n<p class=\"article-body mb-(--paragraph-margin-b) px-nof-16\">Uusi laukku kustantaa l\u00e4hes 500 euroa, mutta k\u00e4ytettyn\u00e4 sellaisen voi l\u00f6yt\u00e4\u00e4 nettikirppiksilt\u00e4. Esimerkiksi Vintediss\u00e4 hyv\u00e4kuntoisia yksil\u00f6it\u00e4 on kaupan noin 130 eurosta alkaen.<\/p>\n<p><img decoding=\"async\" src=\"https:\/\/www.europesays.com\/fi\/wp-content\/uploads\/2026\/09\/1788460036_446_468.jpg\" alt=\"Nahkaisessa k\u00e4silaukussa on tilaa muun muassa puhelimelle, lompakolle ja meikeille. Saatavilla tummanruskean lis\u00e4ksi muun muassa mustana, valkoisena ja konjakin v\u00e4risen\u00e4. Coach Pebbled Leather Tabby 26, 495 \u20ac, Stockmann.\" class=\"_Img_1rerz_1\" style=\"aspect-ratio:1920\/1270\" loading=\"eager\"\/><\/p>\n<p class=\"font-(family-name:--picture-caption-font-family) text-(length:--picture-caption-font-size) leading-(--picture-caption-leading) font-(--picture-caption-font-weight) text-(color:--picture-caption-color) picture-with-caption__caption picture-with-caption__caption--default-full\">Nahkaisessa k\u00e4silaukussa on tilaa muun muassa puhelimelle, lompakolle ja meikeille. Saatavilla tummanruskean lis\u00e4ksi muun muassa mustana, valkoisena ja konjakin v\u00e4risen\u00e4. Coach Pebbled Leather Tabby 26, 495 \u20ac, Stockmann.<\/p>\n<p class=\"article-body mb-(--paragraph-margin-b) px-nof-16\">Me Naiset <a class=\"underline underline-offset-[0.12em] [text-decoration-thickness:var(--generic-link-underline-thickness)] [text-decoration-color:var(--generic-link-underline-color)] [text-decoration-skip-ink:var(--generic-link-underline-skip-ink)] break-words\" href=\"https:\/\/www.is.fi\/menaiset\/tyyli\/art-2000011922551.html\" rel=\"nofollow noopener\" target=\"_blank\">kertoi <\/a>aiemmin, ett\u00e4 monenlaiset minimalistiset ja selke\u00e4linjaiset laukut ovat t\u00e4ll\u00e4 hetkell\u00e4 erityisen himoittuja. Jos Coachin hittilaukku tuntuu liian tyyriilt\u00e4 tai se ei muuten miellyt\u00e4 silm\u00e4\u00e4, voi vastaavanlaisia laukkuja bongailla muiltakin merkeilt\u00e4.<\/p>\n<p class=\"article-body mb-(--paragraph-margin-b) px-nof-16\">Kirppareillakin kannattaa pit\u00e4\u00e4 silm\u00e4t auki, sill\u00e4 samantyylinen veska voi hyvinkin l\u00f6yty\u00e4 k\u00e4ytettyn\u00e4.<\/p>\n<p><img decoding=\"async\" src=\"https:\/\/www.europesays.com\/fi\/wp-content\/uploads\/2026\/09\/1788460037_831_468.jpg\" alt=\"Trendik\u00e4st\u00e4 laukkumallia saa my\u00f6s muilta merkeilt\u00e4.\" class=\"_Img_1rerz_1\" style=\"aspect-ratio:1280\/1920\" loading=\"eager\"\/><\/p>\n<p class=\"font-(family-name:--picture-caption-font-family) text-(length:--picture-caption-font-size) leading-(--picture-caption-leading) font-(--picture-caption-font-weight) text-(color:--picture-caption-color) picture-with-caption__caption picture-with-caption__caption--default-full\">Trendik\u00e4st\u00e4 laukkumallia saa my\u00f6s muilta merkeilt\u00e4. Kuva:\u00a0Launchmetrics\/Spotlight<\/p>\n<p><img decoding=\"async\" src=\"https:\/\/www.europesays.com\/fi\/wp-content\/uploads\/2026\/09\/1788460037_237_468.jpg\" alt=\"Suorakaiteen malliset laukut ovat nyt muotiv\u00e4en suosiossa.\" class=\"_Img_1rerz_1\" style=\"aspect-ratio:1280\/1920\" loading=\"eager\"\/><\/p>\n<p class=\"font-(family-name:--picture-caption-font-family) text-(length:--picture-caption-font-size) leading-(--picture-caption-leading) font-(--picture-caption-font-weight) text-(color:--picture-caption-color) picture-with-caption__caption picture-with-caption__caption--default-full\">Suorakaiteen malliset laukut ovat nyt muotiv\u00e4en suosiossa. Kuva:\u00a0Launchmetrics\/Spotlight<\/p>\n<p>Kopioi tyyli<img decoding=\"async\" src=\"https:\/\/www.europesays.com\/fi\/wp-content\/uploads\/2026\/09\/1788460038_353_468.jpg\" alt=\"Nahkaisessa olkalaukussa on ketjukahva, 79,99 \u20ac, Mango.\" class=\"_Img_1rerz_1\" style=\"aspect-ratio:1371\/1920\" loading=\"eager\"\/><\/p>\n<p class=\"font-(family-name:--picture-caption-font-family) text-(length:--picture-caption-font-size) leading-(--picture-caption-leading) font-(--picture-caption-font-weight) text-(color:--picture-caption-color) picture-with-caption__caption picture-with-caption__caption--default-full\">Nahkaisessa olkalaukussa on ketjukahva, 79,99 \u20ac, Mango.<\/p>\n<p><img decoding=\"async\" src=\"https:\/\/www.europesays.com\/fi\/wp-content\/uploads\/2026\/09\/1788460038_216_468.jpg\" alt=\"Polyuretaanista valmistetussa laukussa on kookas solki ja s\u00e4\u00e4dett\u00e4v\u00e4 olkain, 129,99 \u20ac, Steve Madden\/Zalando.\" class=\"_Img_1rerz_1\" style=\"aspect-ratio:1274\/1920\" loading=\"eager\"\/><\/p>\n<p class=\"font-(family-name:--picture-caption-font-family) text-(length:--picture-caption-font-size) leading-(--picture-caption-leading) font-(--picture-caption-font-weight) text-(color:--picture-caption-color) picture-with-caption__caption picture-with-caption__caption--default-full\">Polyuretaanista valmistetussa laukussa on kookas solki ja s\u00e4\u00e4dett\u00e4v\u00e4 olkain, 129,99 \u20ac, Steve Madden\/Zalando.<\/p>\n<p><img decoding=\"async\" src=\"https:\/\/www.europesays.com\/fi\/wp-content\/uploads\/2026\/09\/1788460038_219_468.jpg\" alt=\"T\u00e4ss\u00e4 ruotsalaisbr\u00e4ndin nahkalaukussa on tikattu pinta ja koristeellinen ketjuolkain, 154 \u20ac, Ulrika\/Boozt.\" class=\"_Img_1rerz_1\" style=\"aspect-ratio:1469\/1920\" loading=\"eager\"\/><\/p>\n<p class=\"font-(family-name:--picture-caption-font-family) text-(length:--picture-caption-font-size) leading-(--picture-caption-leading) font-(--picture-caption-font-weight) text-(color:--picture-caption-color) picture-with-caption__caption picture-with-caption__caption--default-full\">T\u00e4ss\u00e4 ruotsalaisbr\u00e4ndin nahkalaukussa on tikattu pinta ja koristeellinen ketjuolkain, 154 \u20ac, Ulrika\/Boozt.<\/p>\n","protected":false},"excerpt":{"rendered":"Julkkikset ja tavikset ovat hullaantuneet yhdest\u00e4 ja samasta laukkumallista. N\u00e4yttelij\u00e4 Elle Fanning ja artisti Charli XCX on bongattu&hellip;\n","protected":false},"author":2,"featured_media":340602,"comment_status":"","ping_status":"","sticky":false,"template":"","format":"standard","meta":{"footnotes":"","_share_on_mastodon":"0"},"categories":[136],"tags":[407,137,33,31,30,34,408,32,109],"class_list":["post-340601","post","type-post","status-publish","format-standard","has-post-thumbnail","category-julkkikset","tag-celebrities","tag-entertainment","tag-fi","tag-finland","tag-finnish","tag-ilta-sanomat","tag-julkkikset","tag-suomi","tag-viihde"],"share_on_mastodon":{"url":"https:\/\/pubeurope.com\/@fi\/117208524609719381","error":""},"_links":{"self":[{"href":"https:\/\/www.europesays.com\/fi\/wp-json\/wp\/v2\/posts\/340601","targetHints":{"allow":["GET"]}}],"collection":[{"href":"https:\/\/www.europesays.com\/fi\/wp-json\/wp\/v2\/posts"}],"about":[{"href":"https:\/\/www.europesays.com\/fi\/wp-json\/wp\/v2\/types\/post"}],"author":[{"embeddable":true,"href":"https:\/\/www.europesays.com\/fi\/wp-json\/wp\/v2\/users\/2"}],"replies":[{"embeddable":true,"href":"https:\/\/www.europesays.com\/fi\/wp-json\/wp\/v2\/comments?post=340601"}],"version-history":[{"count":0,"href":"https:\/\/www.europesays.com\/fi\/wp-json\/wp\/v2\/posts\/340601\/revisions"}],"wp:featuredmedia":[{"embeddable":true,"href":"https:\/\/www.europesays.com\/fi\/wp-json\/wp\/v2\/media\/340602"}],"wp:attachment":[{"href":"https:\/\/www.europesays.com\/fi\/wp-json\/wp\/v2\/media?parent=340601"}],"wp:term":[{"taxonomy":"category","embeddable":true,"href":"https:\/\/www.europesays.com\/fi\/wp-json\/wp\/v2\/categories?post=340601"},{"taxonomy":"post_tag","embeddable":true,"href":"https:\/\/www.europesays.com\/fi\/wp-json\/wp\/v2\/tags?post=340601"}],"curies":[{"name":"wp","href":"https:\/\/api.w.org\/{rel}","templated":true}]}}