{"id":340603,"date":"2026-09-03T18:34:14","date_gmt":"2026-09-03T18:34:14","guid":{"rendered":"https:\/\/www.europesays.com\/fi\/340603\/"},"modified":"2026-09-03T18:34:14","modified_gmt":"2026-09-03T18:34:14","slug":"mtv-teemu-tainiosta-fc-lahden-seuraava-paavalmentaja-urheilua-lyhyesti","status":"publish","type":"post","link":"https:\/\/www.europesays.com\/fi\/340603\/","title":{"rendered":"MTV: Teemu Tainiosta FC Lahden seuraava p\u00e4\u00e4valmentaja | Urheilua lyhyesti"},"content":{"rendered":"<p class=\"aw__sc-1qwuw0s-0 aw__sc-1vg2sqm-0 epAWpq ecELkD yle__article__paragraph\">FC Lahden nykyinen p\u00e4\u00e4valmentaja Concalo Pereira ei jatka teht\u00e4v\u00e4ss\u00e4\u00e4n.<\/p>\n<p><img decoding=\"async\" alt=\"Teemu Tainio tittar \u00e5t sidan.\" src=\"https:\/\/www.europesays.com\/fi\/wp-content\/uploads\/2026\/09\/1680013480.jpeg\" class=\"aw__sc-dklauk-0 LPzKX\"\/><\/p>\n<p>Avaa kuvien katselu<\/p>\n<p>Teemu Tainio kuvattuna 2023 Veikkausliiga-kauden avausinfossa. Kuva: Walter Kronqvist \/ Yle<\/p>\n<p class=\"aw__sc-1qwuw0s-0 aw__sc-ngllmo-0 epAWpq fzYpjk yle__article__paragraph\">V\u00e4kev\u00e4sti jalkapallon Veikkausliigassa t\u00e4ll\u00e4 kaudella pelannut FC Lahti tiedotti torstaina, ettei seuran nykyinen p\u00e4\u00e4valmentaja <strong class=\"aw__sc-ngllmo-2 gdRrun yle__article__strong\">Goncalo Pereira<\/strong> jatka ruorissa en\u00e4\u00e4 t\u00e4m\u00e4n kauden j\u00e4lkeen.<\/p>\n<p class=\"aw__sc-1qwuw0s-0 aw__sc-ngllmo-0 epAWpq fzYpjk yle__article__paragraph\">Lahti oli runkosarjassa seitsem\u00e4s ja l\u00e4htee nyt loppukaudella pelattavaan alempaan runkosarjaan piikkipaikalta.<\/p>\n<p class=\"aw__sc-1qwuw0s-0 aw__sc-ngllmo-0 epAWpq fzYpjk yle__article__paragraph\"><a class=\"aw__sc-ngllmo-1 bTDnwX yle__article__link\" href=\"https:\/\/www.mtvuutiset.fi\/artikkeli\/huuhkajat-ikoni-on-fc-lahden-uusi-paavalmentaja\/9387652\" role=\"link\" rel=\"nofollow noopener\" target=\"_blank\">MTV Urheilun <\/a>mukaan seuran ensi kauden valmentaja on <strong class=\"aw__sc-ngllmo-2 gdRrun yle__article__strong\">Teemu Tainio<\/strong>, joka muistetaan muun muassa hyv\u00e4n\u00e4 maajoukkuepelaajana Huuhkajissa. 47-vuotias Tainio on toiminut Veikkausliigassa aiemmin FC Hakan p\u00e4\u00e4valmentajana.<\/p>\n","protected":false},"excerpt":{"rendered":"FC Lahden nykyinen p\u00e4\u00e4valmentaja Concalo Pereira ei jatka teht\u00e4v\u00e4ss\u00e4\u00e4n. Avaa kuvien katselu Teemu Tainio kuvattuna 2023 Veikkausliiga-kauden avausinfossa.&hellip;\n","protected":false},"author":2,"featured_media":340604,"comment_status":"","ping_status":"","sticky":false,"template":"","format":"standard","meta":{"footnotes":"","_share_on_mastodon":"0"},"categories":[158],"tags":[14646,33,31,30,43,159,32,41989,160,45],"class_list":["post-340603","post","type-post","status-publish","format-standard","has-post-thumbnail","category-urheilu","tag-fc-lahti","tag-fi","tag-finland","tag-finnish","tag-jalkapallo","tag-sports","tag-suomi","tag-teemu-tainio","tag-urheilu","tag-veikkausliiga"],"share_on_mastodon":{"url":"https:\/\/pubeurope.com\/@fi\/117208552359186680","error":""},"_links":{"self":[{"href":"https:\/\/www.europesays.com\/fi\/wp-json\/wp\/v2\/posts\/340603","targetHints":{"allow":["GET"]}}],"collection":[{"href":"https:\/\/www.europesays.com\/fi\/wp-json\/wp\/v2\/posts"}],"about":[{"href":"https:\/\/www.europesays.com\/fi\/wp-json\/wp\/v2\/types\/post"}],"author":[{"embeddable":true,"href":"https:\/\/www.europesays.com\/fi\/wp-json\/wp\/v2\/users\/2"}],"replies":[{"embeddable":true,"href":"https:\/\/www.europesays.com\/fi\/wp-json\/wp\/v2\/comments?post=340603"}],"version-history":[{"count":0,"href":"https:\/\/www.europesays.com\/fi\/wp-json\/wp\/v2\/posts\/340603\/revisions"}],"wp:featuredmedia":[{"embeddable":true,"href":"https:\/\/www.europesays.com\/fi\/wp-json\/wp\/v2\/media\/340604"}],"wp:attachment":[{"href":"https:\/\/www.europesays.com\/fi\/wp-json\/wp\/v2\/media?parent=340603"}],"wp:term":[{"taxonomy":"category","embeddable":true,"href":"https:\/\/www.europesays.com\/fi\/wp-json\/wp\/v2\/categories?post=340603"},{"taxonomy":"post_tag","embeddable":true,"href":"https:\/\/www.europesays.com\/fi\/wp-json\/wp\/v2\/tags?post=340603"}],"curies":[{"name":"wp","href":"https:\/\/api.w.org\/{rel}","templated":true}]}}