{"id":340605,"date":"2026-09-03T18:35:15","date_gmt":"2026-09-03T18:35:15","guid":{"rendered":"https:\/\/www.europesays.com\/fi\/340605\/"},"modified":"2026-09-03T18:35:15","modified_gmt":"2026-09-03T18:35:15","slug":"tulevaisuuteen-on-pakko-uskoa-etta-on-mitaan-jarkea-olla-elossa-toteaa-riina-tanskanen-yle-luonto","status":"publish","type":"post","link":"https:\/\/www.europesays.com\/fi\/340605\/","title":{"rendered":"\u201dTulevaisuuteen on pakko uskoa, ett\u00e4 on mit\u00e4\u00e4n j\u00e4rke\u00e4 olla elossa\u201d, toteaa Riina Tanskanen | Yle Luonto"},"content":{"rendered":"<p class=\"aw__sc-1qwuw0s-0 aw__sc-ngllmo-0 epAWpq fzYpjk yle__article__paragraph\">Avohakkuualueet olivat loistavia leikkipaikkoja, muistelee 28-vuotias taiteilija <strong class=\"aw__sc-ngllmo-2 gdRrun yle__article__strong\">Riina Tanskanen<\/strong>. Suosikkeja olivat erilaiset mielikuvitusleikit ryteik\u00f6iss\u00e4.<\/p>\n<p class=\"aw__sc-1qwuw0s-0 aw__sc-ngllmo-0 epAWpq fzYpjk yle__article__paragraph\">Tanskasta hakkuualueet eiv\u00e4t koskaan j\u00e4rkytt\u00e4neet. Ne olivat osa tuttua etel\u00e4karjalaista lapsuuden maisemaa.<\/p>\n<p class=\"aw__sc-1qwuw0s-0 aw__sc-ngllmo-0 epAWpq fzYpjk yle__article__paragraph\">\u2013 Siin\u00e4 on h\u00e4iritsev\u00e4 ristiriita, miten lapsi voi tottua el\u00e4m\u00e4\u00e4n tuhon keskell\u00e4.<\/p>\n<p class=\"aw__sc-1qwuw0s-0 aw__sc-ngllmo-0 epAWpq fzYpjk yle__article__paragraph\">Tanskanen on taiteilija, joka tunnetaan erityisesti Tympe\u00e4t tyt\u00f6t -sarjakuvista. H\u00e4n haluaa ottaa kantaa ja tekee yhteiskuntakriittist\u00e4 taidetta: maalaa, piirt\u00e4\u00e4 ja kirjoittaa.<\/p>\n<p><img decoding=\"async\" alt=\"Kuva maalauksesta, jossa kaksi tytt\u00f6\u00e4 leikkii nukeilla hakkuualueella. \" src=\"https:\/\/www.europesays.com\/fi\/wp-content\/uploads\/2026\/09\/1788258280.jpeg\" loading=\"lazy\" class=\"aw__sc-dklauk-0 LPzKX\"\/><\/p>\n<p>Avaa kuvien katselu<\/p>\n<p>Kes\u00e4ll\u00e4 Riina Tanskanen aloitti maalaamaan teosta, jossa kaksi tytt\u00f6\u00e4 leikkii Bratz-nukeilla hakkuuaukealla.  Kuva: Jussi Meling <\/p>\n<p class=\"aw__sc-1qwuw0s-0 aw__sc-ngllmo-0 epAWpq fzYpjk yle__article__paragraph\">Turtuneen tottunut on my\u00f6s h\u00e4nen sukupolvensa, toteaa vuonna 1998 syntynyt Tanskanen.<\/p>\n<p class=\"aw__sc-1qwuw0s-0 aw__sc-ngllmo-0 epAWpq fzYpjk yle__article__paragraph\">H\u00e4n ajattelee, ett\u00e4 2000-luvun lapsen mielenmaisema on ollut se, ett\u00e4 kaikki menee pikkuhiljaa huonompaan suuntaan.<\/p>\n<blockquote>\n<p class=\"aw__sc-1qwuw0s-0 aw__sc-8ixnw9-1 epAWpq giPAyn\">Kaiken ymm\u00e4rryskyvyn ylitt\u00e4vi\u00e4 kauheita juttuja tuntuu tulevan jatkuvana virtana.<\/p>\n<\/blockquote>\n<p>Riina Tanskanen<\/p>\n<p class=\"aw__sc-1qwuw0s-0 aw__sc-ngllmo-0 epAWpq fzYpjk yle__article__paragraph\">Tanskasen mielest\u00e4 erityisesti t\u00e4m\u00e4 vuosikymmen on ollut kriisi\u00e4 toisensa per\u00e4\u00e4n: pandemiaa, sotia ja j\u00e4rjett\u00f6mi\u00e4 p\u00e4\u00e4tt\u00e4ji\u00e4.<\/p>\n<p class=\"aw__sc-1qwuw0s-0 aw__sc-ngllmo-0 epAWpq fzYpjk yle__article__paragraph\">El\u00e4mme kauhujen \u201dtuuttausputkessa\u201d, kuvailee Tanskanen.<\/p>\n<p class=\"aw__sc-1qwuw0s-0 aw__sc-ngllmo-0 epAWpq fzYpjk yle__article__paragraph\">\u2013 Kaiken ymm\u00e4rryskyvyn ylitt\u00e4vi\u00e4 kauheita juttuja tuntuu tulevan jatkuvana virtana.<\/p>\n<p><img decoding=\"async\" alt=\"Nainen seisoo talon edess\u00e4 ja katsoo kameraan. \" src=\"https:\/\/www.europesays.com\/fi\/wp-content\/uploads\/2026\/09\/1788257166.jpeg\" loading=\"lazy\" class=\"aw__sc-dklauk-0 LPzKX\"\/><\/p>\n<p>Avaa kuvien katselu<\/p>\n<p>Riina Tanskasen sukupolvi tunnetaan my\u00f6s Z-sukupolvena eli zoomereina.  Kuva: Jussi Meling<\/p>\n<p class=\"aw__sc-1qwuw0s-0 aw__sc-ngllmo-0 epAWpq fzYpjk yle__article__paragraph\">Ilmastonmuutos ja ymp\u00e4rist\u00f6katastrofit huolestuttavat Tanskasta, mutta samaan aikaan ne eiv\u00e4t tunnu yht\u00e4 isoilta ongelmilta kuin ennen 2020-lukua.<\/p>\n<p class=\"aw__sc-1qwuw0s-0 aw__sc-ngllmo-0 epAWpq fzYpjk yle__article__paragraph\">\u2013 On aika hurjaa, ett\u00e4 noin iso asia, kuten ymp\u00e4rist\u00f6n kriisi voi muuttua pieneksi ja yhdeksi kriisiksi muiden joukossa, taustakohinaksi. Se kuvaa millaisessa py\u00f6rityksess\u00e4 nykyihminen on.<\/p>\n<p class=\"aw__sc-1qwuw0s-0 aw__sc-ngllmo-0 epAWpq fzYpjk yle__article__paragraph\">Toisaalta Tanskanen ajattelee, ett\u00e4 on v\u00e4ltt\u00e4m\u00e4t\u00f6nt\u00e4, ett\u00e4 kriiseihin my\u00f6s turtuu.<\/p>\n<p class=\"aw__sc-1qwuw0s-0 aw__sc-ngllmo-0 epAWpq fzYpjk yle__article__paragraph\">\u2013 On vaikea jatkaa el\u00e4m\u00e4\u00e4, jos on jatkuvasti kauhun ja shokin tilassa.<\/p>\n<p class=\"aw__sc-1qwuw0s-0 aw__sc-ngllmo-0 epAWpq fzYpjk yle__article__paragraph\"><strong class=\"aw__sc-ngllmo-2 gdRrun yle__article__strong\">Riina Tanskanen on ensimm\u00e4inen vieras Yle Luonnon uudessa ilmastoaiheisessa videopodcastissa<\/strong> <a class=\"aw__sc-ngllmo-1 bTDnwX yle__article__link\" href=\"https:\/\/areena.yle.fi\/1-78323268\" role=\"link\" rel=\"nofollow noopener\" target=\"_blank\"><strong class=\"aw__sc-ngllmo-2 gdRrun yle__article__strong\">Me kuollaan kaikki<\/strong><\/a><strong class=\"aw__sc-ngllmo-2 gdRrun yle__article__strong\">.<\/strong> <strong class=\"aw__sc-ngllmo-2 gdRrun yle__article__strong\">N\u00e4in h\u00e4n kuvailee ajatuksiaan tulevaisuudesta:<\/strong><\/p>\n<p>Uutta vodcastia luotsaavat Ylen luontotoimittajat Markku Sipi ja Kerttu Kotakorpi.<\/p>\n<p>Sosiaalinen media on muuttanut sukupolvikokemusta<\/p>\n<p class=\"aw__sc-1qwuw0s-0 aw__sc-ngllmo-0 epAWpq fzYpjk yle__article__paragraph\">Tanskasen mielest\u00e4 sukupolvien v\u00e4lill\u00e4 on iso ero siin\u00e4, miten tulevaisuus n\u00e4hd\u00e4\u00e4n.<\/p>\n<p class=\"aw__sc-1qwuw0s-0 aw__sc-ngllmo-0 epAWpq fzYpjk yle__article__paragraph\">H\u00e4n ajattelee, ett\u00e4 vanhemmat sukupolvet eiv\u00e4t usein ymm\u00e4rr\u00e4, ettei nuorille ole syntynyt tietynlaista perusluottamusta tulevaisuuteen.<\/p>\n<p class=\"aw__sc-1qwuw0s-0 aw__sc-ngllmo-0 epAWpq fzYpjk yle__article__paragraph\">\u2013 Koen, ett\u00e4 vanhemmat sukupolvet eiv\u00e4t ole yht\u00e4\u00e4n niin lannistuneita kuin nuoremmat. Se johtuu k\u00e4sitykseni mukaan siit\u00e4, ett\u00e4 he ovat saaneet kasvaa ihan erilaiseen maailmaan.<\/p>\n<p class=\"aw__sc-1qwuw0s-0 aw__sc-ngllmo-0 epAWpq fzYpjk yle__article__paragraph\">H\u00e4n tiedostaa, ett\u00e4 my\u00f6s aiemmilla sukupolvilla on ollut isoja globaaleja kriisej\u00e4.<\/p>\n<p class=\"aw__sc-1qwuw0s-0 aw__sc-ngllmo-0 epAWpq fzYpjk yle__article__paragraph\">Yksi suuri ero sukupolvilla on kuitenkin sosiaalinen media: se tekee sukupolvikokemuksesta erilaisen, v\u00e4itt\u00e4\u00e4 Tanskanen.<\/p>\n<p class=\"aw__sc-1qwuw0s-0 aw__sc-ngllmo-0 epAWpq fzYpjk yle__article__paragraph\">\u2013 Aikaisemmin ajattelin, ett\u00e4 kaikkein t\u00e4rkeint\u00e4 on levitt\u00e4\u00e4 tietoisuutta. Se on my\u00f6s t\u00e4rke\u00e4\u00e4, mutta jos tiedolla ei tehd\u00e4 mit\u00e4\u00e4n vaan se vaan pys\u00e4ytt\u00e4\u00e4 meid\u00e4t, mik\u00e4 merkitys sill\u00e4 on silloin, Tanskanen pohtii.<\/p>\n<p><img decoding=\"async\" alt=\"Nainen piirt\u00e4\u00e4 p\u00f6yd\u00e4n \u00e4\u00e4ress\u00e4. \" src=\"https:\/\/www.europesays.com\/fi\/wp-content\/uploads\/2026\/09\/1788179211.jpeg\" loading=\"lazy\" class=\"aw__sc-dklauk-0 LPzKX\"\/><\/p>\n<p>Avaa kuvien katselu<\/p>\n<p>Joskus Riina Tanskasta turhauttaa pelkk\u00e4 asioista puhuminen ja kuvien piirt\u00e4minen. Kuva: Jussi Meling<\/p>\n<p class=\"aw__sc-1qwuw0s-0 aw__sc-ngllmo-0 epAWpq fzYpjk yle__article__paragraph\">Tanskanen ajattelee, ett\u00e4 on aiempien sukupolvien tuotosta, millaisessa maailmassa nuoret sukupolvet nyt el\u00e4v\u00e4t.<\/p>\n<p class=\"aw__sc-1qwuw0s-0 aw__sc-ngllmo-0 epAWpq fzYpjk yle__article__paragraph\">H\u00e4n ei kuitenkaan syyt\u00e4 yksitt\u00e4isi\u00e4 ihmisi\u00e4, sill\u00e4 kaikki ik\u00e4polvet ovat oman aikansa tuotoksia. H\u00e4n ajattelee, ett\u00e4 pohjimmiltaan ihmiset yritt\u00e4v\u00e4t vaan p\u00e4rj\u00e4t\u00e4 ja tehd\u00e4 parhaansa.<\/p>\n<blockquote>\n<p class=\"aw__sc-1qwuw0s-0 aw__sc-8ixnw9-1 epAWpq giPAyn\">Mie rakastin kaikkea Tiimarin muovikr\u00e4s\u00e4\u00e4 ja halusin t\u00e4ytt\u00e4\u00e4 huoneeni kaikella \u201dtinkelitankelilla\u201d.<\/p>\n<\/blockquote>\n<p>Riina Tanskanen<\/p>\n<p class=\"aw__sc-1qwuw0s-0 aw__sc-ngllmo-0 epAWpq fzYpjk yle__article__paragraph\">Tanskanen sanoo, ett\u00e4 my\u00f6s h\u00e4n on hullaantunut aikoinaan asioista, joita katsotaan nyt eri tavalla. Kun h\u00e4n oli 2010-luvulla teini, niin Imatralle saapuivat pikamuotiliikkeet.<\/p>\n<p class=\"aw__sc-1qwuw0s-0 aw__sc-ngllmo-0 epAWpq fzYpjk yle__article__paragraph\">\u2013 Ai, ett\u00e4 se oli parasta koskaan ostaa niit\u00e4 toppeja, hameita, koruja ja kaikkea sit\u00e4 tilpeh\u00f6\u00f6ri\u00e4. Mie rakastin kaikkea Tiimarin muovikr\u00e4s\u00e4\u00e4 ja halusin t\u00e4ytt\u00e4\u00e4 huoneeni kaikella \u201dtinkelitankelilla\u201d.<\/p>\n<p>Tulevaisuuteen on pakko uskoa<\/p>\n<p class=\"aw__sc-1qwuw0s-0 aw__sc-ngllmo-0 epAWpq fzYpjk yle__article__paragraph\">Tanskanen ajattelee, ett\u00e4 on vaikea l\u00f6yt\u00e4\u00e4 merkityst\u00e4 el\u00e4\u00e4, jos ei ole uskoa tulevaisuuteen.<\/p>\n<p class=\"aw__sc-1qwuw0s-0 aw__sc-ngllmo-0 epAWpq fzYpjk yle__article__paragraph\">\u2013 Miun mielest\u00e4 tulevaisuuteen on pakko uskoa, ett\u00e4 on mit\u00e4\u00e4n j\u00e4rke\u00e4 olla elossa.<\/p>\n<p class=\"aw__sc-1qwuw0s-0 aw__sc-ngllmo-0 epAWpq fzYpjk yle__article__paragraph\">Lopulta se on perusta kaikelle, mit\u00e4 h\u00e4n piirt\u00e4\u00e4 ja kirjoittaa.<\/p>\n<p class=\"aw__sc-1qwuw0s-0 aw__sc-ngllmo-0 epAWpq fzYpjk yle__article__paragraph\">\u2013 Vaikka puhun vaikeista ja hirveist\u00e4 jutuista, en puhu niist\u00e4 huvikseni vaan sen takia, ett\u00e4 voisi olla jotain muuta.<\/p>\n<p>Tanskanen kertoo tulevaisuuden uskostaan Me kuollaan kaikki -videopodcastissa.<\/p>\n<p>Pelkk\u00e4 tiedon olemassaolo ei auta<\/p>\n<p class=\"aw__sc-1qwuw0s-0 aw__sc-ngllmo-0 epAWpq fzYpjk yle__article__paragraph\">Tanskanen on yritt\u00e4nyt koko el\u00e4m\u00e4ns\u00e4 etsi\u00e4 erilaisia reittej\u00e4 vaikuttaa. Taiteen kautta h\u00e4n k\u00e4sittelee kauheuksia, ja tekee niist\u00e4 l\u00e4hestytt\u00e4v\u00e4mpi\u00e4.<\/p>\n<p class=\"aw__sc-1qwuw0s-0 aw__sc-ngllmo-0 epAWpq fzYpjk yle__article__paragraph\">\u2013 Se on miun tapa pysy\u00e4 j\u00e4rjiss\u00e4ni t\u00e4m\u00e4n kaiken kanssa.<\/p>\n<p class=\"aw__sc-1qwuw0s-0 aw__sc-ngllmo-0 epAWpq fzYpjk yle__article__paragraph\">Tanskanen voitti vuonna 2022 tiedonjulkistamisen valtionpalkinnon. Taiteilija kokee, ett\u00e4 h\u00e4nen kaltaisilleen tiedon v\u00e4litt\u00e4jille on tarvetta yhteiskunnassa, jotta tutkimustieto ei j\u00e4\u00e4 vain akateemisiin piireihin.<\/p>\n<p class=\"aw__sc-1qwuw0s-0 aw__sc-ngllmo-0 epAWpq fzYpjk yle__article__paragraph\">\u2013 Tiedon olemassaolo ei ole se ongelma. Meill\u00e4 on se ongelma, ett\u00e4 se ei k\u00e4\u00e4nny ihmisten kielelle.<\/p>\n<p class=\"aw__sc-1qwuw0s-0 aw__sc-ngllmo-0 epAWpq fzYpjk yle__article__paragraph\">Silti Tanskanenkin ep\u00e4ilee ajoittain itse\u00e4\u00e4n ja ty\u00f6t\u00e4\u00e4n, ja onko h\u00e4nen piirustuksillaan ja ajatuksillaan mit\u00e4\u00e4n v\u00e4li\u00e4.<\/p>\n<p class=\"aw__sc-1qwuw0s-0 aw__sc-ngllmo-0 epAWpq fzYpjk yle__article__paragraph\">H\u00e4n toteaa, ett\u00e4 todenn\u00e4k\u00f6isesti t\u00e4m\u00e4nkin haastattelun j\u00e4lkeen h\u00e4vett\u00e4\u00e4.<\/p>\n<p class=\"aw__sc-1qwuw0s-0 aw__sc-ngllmo-0 epAWpq fzYpjk yle__article__paragraph\">\u2013 Ei se ole luontevin asia olla toitottamassa mielipiteit\u00e4\u00e4n, mutta samaan aikaan koen, ett\u00e4 miulla on annettavaa ja sanottavaa.<\/p>\n<p><img decoding=\"async\" alt=\"Nainen istuu katse kohti kameraan ty\u00f6p\u00f6yd\u00e4n edess\u00e4. \" src=\"https:\/\/www.europesays.com\/fi\/wp-content\/uploads\/2026\/09\/1788257282.jpeg\" loading=\"lazy\" class=\"aw__sc-dklauk-0 LPzKX\"\/><\/p>\n<p>Avaa kuvien katselu<\/p>\n<p>Riina Tanskanen asuu nykyisin Tampereella ja tekee taidettaan ty\u00f6huoneellaan. Kuva: Jussi Meling<\/p>\n<p class=\"aw__sc-1qwuw0s-0 aw__sc-ngllmo-0 epAWpq fzYpjk yle__article__paragraph\">Tanskanen kertoo, ett\u00e4 ihmiset ottavat h\u00e4nen asiansa vastaan l\u00e4hes poikkeuksetta l\u00e4mm\u00f6ll\u00e4. Kritiikkikin on usein keskustelevaa, mik\u00e4 on harvinaista t\u00e4ss\u00e4 ajassa. Se tuo h\u00e4nelle toivoa.<\/p>\n<p class=\"aw__sc-1qwuw0s-0 aw__sc-ngllmo-0 epAWpq fzYpjk yle__article__paragraph\">H\u00e4n keskustelee paljon ihmisten kanssa esimerkiksi koulu- ja kirjastovierailuilla.<\/p>\n<p class=\"aw__sc-1qwuw0s-0 aw__sc-ngllmo-0 epAWpq fzYpjk yle__article__paragraph\">\u2013 On ihan hirve\u00e4sti ihmisi\u00e4, jotka ajattelevat samalla tavalla, ja jotka ovat kiitollisia siit\u00e4, ett\u00e4 joku puhuu.<\/p>\n<p class=\"aw__sc-1qwuw0s-0 aw__sc-ngllmo-0 epAWpq fzYpjk yle__article__paragraph\"><strong class=\"aw__sc-ngllmo-2 gdRrun yle__article__strong\">Katso<\/strong> <strong class=\"aw__sc-ngllmo-2 gdRrun yle__article__strong\">Me kuollaan kaikki<\/strong> <strong class=\"aw__sc-ngllmo-2 gdRrun yle__article__strong\">-vodcastin ensimm\u00e4inen jakso ja Riina Tanskasen haastattelu:<\/strong><\/p>\n","protected":false},"excerpt":{"rendered":"Avohakkuualueet olivat loistavia leikkipaikkoja, muistelee 28-vuotias taiteilija Riina Tanskanen. Suosikkeja olivat erilaiset mielikuvitusleikit ryteik\u00f6iss\u00e4. Tanskasta hakkuualueet eiv\u00e4t koskaan&hellip;\n","protected":false},"author":2,"featured_media":340606,"comment_status":"","ping_status":"","sticky":false,"template":"","format":"standard","meta":{"footnotes":"","_share_on_mastodon":"0"},"categories":[130],"tags":[137,33,31,30,440,38705,1776,108,72,814,33360,27188,32,1479,109],"class_list":["post-340605","post","type-post","status-publish","format-standard","has-post-thumbnail","category-viihde","tag-entertainment","tag-fi","tag-finland","tag-finnish","tag-ihmiset","tag-ilmastokriisi","tag-ilmastonmuutos","tag-kulttuuri","tag-luonto","tag-nuoret","tag-riina-tanskanen","tag-sukupolvet","tag-suomi","tag-tulevaisuus","tag-viihde"],"share_on_mastodon":{"url":"https:\/\/pubeurope.com\/@fi\/117208555847615923","error":""},"_links":{"self":[{"href":"https:\/\/www.europesays.com\/fi\/wp-json\/wp\/v2\/posts\/340605","targetHints":{"allow":["GET"]}}],"collection":[{"href":"https:\/\/www.europesays.com\/fi\/wp-json\/wp\/v2\/posts"}],"about":[{"href":"https:\/\/www.europesays.com\/fi\/wp-json\/wp\/v2\/types\/post"}],"author":[{"embeddable":true,"href":"https:\/\/www.europesays.com\/fi\/wp-json\/wp\/v2\/users\/2"}],"replies":[{"embeddable":true,"href":"https:\/\/www.europesays.com\/fi\/wp-json\/wp\/v2\/comments?post=340605"}],"version-history":[{"count":0,"href":"https:\/\/www.europesays.com\/fi\/wp-json\/wp\/v2\/posts\/340605\/revisions"}],"wp:featuredmedia":[{"embeddable":true,"href":"https:\/\/www.europesays.com\/fi\/wp-json\/wp\/v2\/media\/340606"}],"wp:attachment":[{"href":"https:\/\/www.europesays.com\/fi\/wp-json\/wp\/v2\/media?parent=340605"}],"wp:term":[{"taxonomy":"category","embeddable":true,"href":"https:\/\/www.europesays.com\/fi\/wp-json\/wp\/v2\/categories?post=340605"},{"taxonomy":"post_tag","embeddable":true,"href":"https:\/\/www.europesays.com\/fi\/wp-json\/wp\/v2\/tags?post=340605"}],"curies":[{"name":"wp","href":"https:\/\/api.w.org\/{rel}","templated":true}]}}