{"id":340609,"date":"2026-09-03T18:39:15","date_gmt":"2026-09-03T18:39:15","guid":{"rendered":"https:\/\/www.europesays.com\/fi\/340609\/"},"modified":"2026-09-03T18:39:15","modified_gmt":"2026-09-03T18:39:15","slug":"tuomitun-mariuksen-muuttunut-ulkonako-kiinnitti-huomiota","status":"publish","type":"post","link":"https:\/\/www.europesays.com\/fi\/340609\/","title":{"rendered":"Tuomitun Mariuksen muuttunut ulkon\u00e4k\u00f6 kiinnitti huomiota"},"content":{"rendered":"<p>Tuomion saanut Marius Borg H\u00f8iby oli alkuviikosta kantamassa kuningas Haraldin arkkua ja her\u00e4tti huomiota muuttuneella ulkon\u00e4\u00f6ll\u00e4\u00e4n.<\/p>\n<p class=\"paragraph\">Norjan kuningattaren <strong>Mette-Maritin<\/strong> pojan <strong>Marius Borg H\u00f8ibyn<\/strong>, 29, ulkon\u00e4k\u00f6 kiinnitti huomion alkuviikosta, kun h\u00e4n osallistui kuningas <strong>Haraldin<\/strong> arkun kantamiseen.<\/p>\n<p class=\"paragraph\"><a href=\"https:\/\/www.seher.no\/kongelig\/den-store-forvandlingen\/85095105?pwo\" target=\"_blank\" rel=\"noopener nofollow\">Se &amp; H\u00f8r<\/a> -norjalaismedia pani merkille, ett\u00e4 tuomion saanut Marius vaikutti lihaksikkaammalta kuin aiemmin julkisuudessa n\u00e4hdyiss\u00e4 kuvissa.<\/p>\n<p class=\"paragraph\">Sivusto kertoo saamiinsa tietoihin vedoten, ett\u00e4 Marius on k\u00e4ytt\u00e4nyt ahkerasti kuntoiluv\u00e4lineit\u00e4 koko tutkintavankeutensa ajan Oslon vankilassa ja Skaugumissa sijaitsevassa kuningasperheen kotikartanossa. Lehden mukaan Mariuksella oli my\u00f6s k\u00e4ytt\u00f6oikeus kuningasparin uima-altaaseen.<\/p>\n<p><img decoding=\"async\" class=\"image image-show image-preview\" src=\"https:\/\/www.europesays.com\/fi\/wp-content\/uploads\/2026\/09\/3a2d22e2f01a29c85a645d0577603ec916afbb31c49e5dcbecdba468e927c433.jpg\" alt=\"\"\/><img decoding=\"async\" class=\"image image-show\" src=\"https:\/\/www.europesays.com\/fi\/wp-content\/uploads\/2026\/09\/1788460755_473_3a2d22e2f01a29c85a645d0577603ec916afbb31c49e5dcbecdba468e927c433.jpg\" alt=\"\"\/><\/p>\n<p>Marius Borg H\u00f8ibyn ulkon\u00e4k\u00f6 kiinnitti norjalaislehden huomion. Lehtikuva\/Lise Aaserud\/NTB<\/p>\n<p class=\"paragraph\">Lehden mukaan my\u00f6s Mariuksen hiustyyli oli muuttunut aiempaa pidemm\u00e4ksi ja kihartuvammaksi. Se &amp; H\u00f8r kiinnitti huomiota my\u00f6s Mariuksen pukeutumistyylin muutokseen. Aiemmin hupparissa ja farkuissa n\u00e4hty Marius oli pukeutunut tilaisuutta varten tummaan pukuun.<\/p>\n<p class=\"paragraph\">Lehti ei nime\u00e4 Mariuksen ulkon\u00e4k\u00f6muutoksen syit\u00e4. Samaan aikaan lehti huomauttaa, ett\u00e4 Mariuksen arki on muuttunut dramaattisesti erilaiseksi vangitsemisensa j\u00e4lkeen.<\/p>\n<p class=\"paragraph\">Aiemmin t\u00e4n\u00e4 vuonna Marius kertoi avoimesti Oslon k\u00e4r\u00e4j\u00e4oikeudessa, miten oli aiemmin el\u00e4nyt. H\u00e4n kuvaili suuren hyv\u00e4ksynn\u00e4n tarpeensa johtaneen tiettyihin el\u00e4m\u00e4nvalintoihin.<\/p>\n<p class=\"paragraph\">\u2013 Se on johtanut paljon seksiin, paljon huumeisiin ja paljon alkoholiin, Marius sanoi oikeudessa.<\/p>\n<p>Kuva Mariuksesta vuodelta 2022. LISE ASERUD, All Over Press<\/p>\n<p class=\"paragraph\">Marius<a href=\"https:\/\/www.iltalehti.fi\/kuninkaalliset\/9146b58c-0436-4eaa-803a-a5cd692ca898\" rel=\"nofollow noopener\" target=\"_blank\"> tuomittiin<\/a> aiemmin t\u00e4n\u00e4 vuonna useista rikoksista nelj\u00e4ksi vuodeksi vankeuteen. Osan rikoksista Marius my\u00f6nsi, mutta raiskaukset ja pahoinpitelyt h\u00e4n kiist\u00e4\u00e4, ja niiden osalta h\u00e4n on valittanut tuomiostaan. Syytt\u00e4j\u00e4 hakee Mariukselle nelj\u00e4n viikon jatkoa tutkintavankeudelle.<\/p>\n<p class=\"paragraph\">Mariuksella on nilkkapanta, ja h\u00e4n on saanut olla kotona sek\u00e4 osallistua kuningas Haraldin poismenoon liittyviin tilaisuuksiin.<\/p>\n<p>Marius kantoi kuningas Haraldin arkkua takariviss\u00e4 kuninkaan lasten ja lastenlasten rinnalla. AOP<\/p>\n","protected":false},"excerpt":{"rendered":"Tuomion saanut Marius Borg H\u00f8iby oli alkuviikosta kantamassa kuningas Haraldin arkkua ja her\u00e4tti huomiota muuttuneella ulkon\u00e4\u00f6ll\u00e4\u00e4n. Norjan kuningattaren&hellip;\n","protected":false},"author":2,"featured_media":340610,"comment_status":"","ping_status":"","sticky":false,"template":"","format":"standard","meta":{"footnotes":"","_share_on_mastodon":"0"},"categories":[14],"tags":[35,22,23,26,27,33,31,30,17,53,24,25,28,29,15,976,18,21,38,32,19,20,1727,56,16,8170,59,60,61],"class_list":["post-340609","post","type-post","status-publish","format-standard","has-post-thumbnail","category-ulkomaat","tag-24h","tag-breaking-news","tag-breakingnews","tag-featured-news","tag-featurednews","tag-fi","tag-finland","tag-finnish","tag-headlines","tag-laki-oikeus-ja-rikos","tag-latest-news","tag-latestnews","tag-main-news","tag-mainnews","tag-news","tag-oikeusprosessit","tag-otsikot","tag-paauutiset","tag-rikos","tag-suomi","tag-top-stories","tag-topstories","tag-tuomiot","tag-ulkomaat","tag-uutiset","tag-vankeus","tag-world","tag-world-news","tag-worldnews"],"share_on_mastodon":{"url":"https:\/\/pubeurope.com\/@fi\/117208571730926598","error":""},"_links":{"self":[{"href":"https:\/\/www.europesays.com\/fi\/wp-json\/wp\/v2\/posts\/340609","targetHints":{"allow":["GET"]}}],"collection":[{"href":"https:\/\/www.europesays.com\/fi\/wp-json\/wp\/v2\/posts"}],"about":[{"href":"https:\/\/www.europesays.com\/fi\/wp-json\/wp\/v2\/types\/post"}],"author":[{"embeddable":true,"href":"https:\/\/www.europesays.com\/fi\/wp-json\/wp\/v2\/users\/2"}],"replies":[{"embeddable":true,"href":"https:\/\/www.europesays.com\/fi\/wp-json\/wp\/v2\/comments?post=340609"}],"version-history":[{"count":0,"href":"https:\/\/www.europesays.com\/fi\/wp-json\/wp\/v2\/posts\/340609\/revisions"}],"wp:featuredmedia":[{"embeddable":true,"href":"https:\/\/www.europesays.com\/fi\/wp-json\/wp\/v2\/media\/340610"}],"wp:attachment":[{"href":"https:\/\/www.europesays.com\/fi\/wp-json\/wp\/v2\/media?parent=340609"}],"wp:term":[{"taxonomy":"category","embeddable":true,"href":"https:\/\/www.europesays.com\/fi\/wp-json\/wp\/v2\/categories?post=340609"},{"taxonomy":"post_tag","embeddable":true,"href":"https:\/\/www.europesays.com\/fi\/wp-json\/wp\/v2\/tags?post=340609"}],"curies":[{"name":"wp","href":"https:\/\/api.w.org\/{rel}","templated":true}]}}