{"id":340613,"date":"2026-09-03T18:41:08","date_gmt":"2026-09-03T18:41:08","guid":{"rendered":"https:\/\/www.europesays.com\/fi\/340613\/"},"modified":"2026-09-03T18:41:08","modified_gmt":"2026-09-03T18:41:08","slug":"manse-ppn-pelinjohtaja-sadatteli-karmeaa-tappiota-vahvisti-yhden-pelaajan-kauden-olevan-ohi-aamulehti","status":"publish","type":"post","link":"https:\/\/www.europesays.com\/fi\/340613\/","title":{"rendered":"Manse PP:n pelinjohtaja sadatteli \u201dkarmeaa tappiota\u201d \u2013 Vahvisti yhden pelaajan kauden olevan ohi &#8211; Aamulehti"},"content":{"rendered":"<ol>\n<li><a href=\"https:\/\/news.google.com\/rss\/articles\/CBMiZkFVX3lxTE8xT01vQ2tNOUpRMzh0OHY3SjRDLURhUTlnOUVaUjllb0ZZWkVZM3JJRU1POUF4ZHZVUVgzNldRX0c4RjlNQWhHS1F3cXNvcmF5X0VrSk1XX1BDdnp2d19tcU0tWDliUQ?oc=5\" target=\"_blank\" rel=\"nofollow noopener\">Manse PP:n pelinjohtaja sadatteli \u201dkarmeaa tappiota\u201d \u2013 Vahvisti yhden pelaajan kauden olevan ohi<\/a>&nbsp;&nbsp;Aamulehti<\/li>\n<li><a href=\"https:\/\/news.google.com\/rss\/articles\/CBMifkFVX3lxTE9lNnFWT2pLX25LWjc1YzVmWW5QWUxzZVU1MTJHX3JkRnJ5SkFzRnRNc0xycXhrYm50d2UzTjQzRWZYV0N1UlRTS0RkWmRCbzg3VlcyMkxXZ1FaNEd3XzVYU2pzb2VTRWJjM0ZrdzNxa2JhMl9mU0VUQnBySFgzQQ?oc=5\" target=\"_blank\" rel=\"nofollow noopener\">Henri Puputti joutui pelottavaan tilanteeseen \u2013 Kausi meinasi p\u00e4\u00e4tty\u00e4 t\u00e4rkeimm\u00e4ll\u00e4 hetkell\u00e4<\/a>&nbsp;&nbsp;Iltalehti<\/li>\n<li><a href=\"https:\/\/news.google.com\/rss\/articles\/CBMikgFBVV95cUxQNHhHS2p6QU84YVppRDVfendOby05MEo0WElCbVZCVnd0dUVuc0pMd2lqWHFUM1FSWUxFR1hsTXpWWkxqdUs0UGJGZlpQY1hqWXN5TmdCZld1V1ZkOUh1MjVFblBUTU9LYlY1VDdrR050bFI0c3BSNGRXVGE3RUxOTHBVdmNJeUhmdnFPMTRuSjdUQQ?oc=5\" target=\"_blank\" rel=\"nofollow noopener\">Manselle kova takaisku ennen hyyt\u00e4v\u00e4\u00e4 v\u00e4lier\u00e4sarjaa Vimpeli\u00e4 vastaan<\/a>&nbsp;&nbsp;ElmoTV<\/li>\n<li><a href=\"https:\/\/news.google.com\/rss\/articles\/CBMiZ0FVX3lxTE1fOGpydl9HdGwzWURFc0QyWFNYcGpRczFPTUU5VXZyemEyMmt0c1FRa3N3c3pVSlFwbFRxQXhCQUJFaFVvRmxmSzVFdHZvWUdhT0FRQmNHVjJtNGNQb2xIRF9JTWdUZnc?oc=5\" target=\"_blank\" rel=\"nofollow noopener\">Manse PP on hyvin omituinen joukkue<\/a>&nbsp;&nbsp;Atleetti.fi<\/li>\n<li><a href=\"https:\/\/news.google.com\/rss\/articles\/CBMixAFBVV95cUxQQVREM0JjazhiZ0c3UHU4dzJPLWREM05XVXdDa3ZMVTlpV0NWbXY0LVhXcXNJSmNKaWplQVNfOXB6U0pIOGF2ZUs4MXdjOGJId090ekxQWDNuamhvR19HdWoxbGRnT0E1dk1ITFBrNm9BS045a0Y0SFUyRFNNM3FTcW1MTnVsQnB4RndaRWp0NFkyTzE4QXlrWThnX0V4X0lnUHdyaEhpcHBsRm9QUTJ3RnlTWXNyc1dXVzRyZk9JOVo3ZzRL?oc=5\" target=\"_blank\" rel=\"nofollow noopener\">Veto on voiton p\u00e4\u00e4ss\u00e4 finaalisarjasta \u2013 \u201dJoukkue n\u00e4ytti j\u00e4lleen sitkeytens\u00e4\u201d<\/a>&nbsp;&nbsp;J\u00e4rviseudun sanomat<\/li>\n<\/ol>\n","protected":false},"excerpt":{"rendered":"Manse PP:n pelinjohtaja sadatteli \u201dkarmeaa tappiota\u201d \u2013 Vahvisti yhden pelaajan kauden olevan ohi&nbsp;&nbsp;Aamulehti Henri Puputti joutui pelottavaan tilanteeseen&hellip;\n","protected":false},"author":2,"featured_media":340614,"comment_status":"","ping_status":"","sticky":false,"template":"","format":"standard","meta":{"footnotes":"","_share_on_mastodon":"0"},"categories":[5],"tags":[157,22,23,26,27,33,31,30,17,24,25,28,29,15,18,21,32,19,20,16],"class_list":["post-340613","post","type-post","status-publish","format-standard","has-post-thumbnail","category-otsikot","tag-aamulehti","tag-breaking-news","tag-breakingnews","tag-featured-news","tag-featurednews","tag-fi","tag-finland","tag-finnish","tag-headlines","tag-latest-news","tag-latestnews","tag-main-news","tag-mainnews","tag-news","tag-otsikot","tag-paauutiset","tag-suomi","tag-top-stories","tag-topstories","tag-uutiset"],"share_on_mastodon":{"url":"","error":""},"_links":{"self":[{"href":"https:\/\/www.europesays.com\/fi\/wp-json\/wp\/v2\/posts\/340613","targetHints":{"allow":["GET"]}}],"collection":[{"href":"https:\/\/www.europesays.com\/fi\/wp-json\/wp\/v2\/posts"}],"about":[{"href":"https:\/\/www.europesays.com\/fi\/wp-json\/wp\/v2\/types\/post"}],"author":[{"embeddable":true,"href":"https:\/\/www.europesays.com\/fi\/wp-json\/wp\/v2\/users\/2"}],"replies":[{"embeddable":true,"href":"https:\/\/www.europesays.com\/fi\/wp-json\/wp\/v2\/comments?post=340613"}],"version-history":[{"count":0,"href":"https:\/\/www.europesays.com\/fi\/wp-json\/wp\/v2\/posts\/340613\/revisions"}],"wp:featuredmedia":[{"embeddable":true,"href":"https:\/\/www.europesays.com\/fi\/wp-json\/wp\/v2\/media\/340614"}],"wp:attachment":[{"href":"https:\/\/www.europesays.com\/fi\/wp-json\/wp\/v2\/media?parent=340613"}],"wp:term":[{"taxonomy":"category","embeddable":true,"href":"https:\/\/www.europesays.com\/fi\/wp-json\/wp\/v2\/categories?post=340613"},{"taxonomy":"post_tag","embeddable":true,"href":"https:\/\/www.europesays.com\/fi\/wp-json\/wp\/v2\/tags?post=340613"}],"curies":[{"name":"wp","href":"https:\/\/api.w.org\/{rel}","templated":true}]}}