{"id":340623,"date":"2026-09-03T19:02:11","date_gmt":"2026-09-03T19:02:11","guid":{"rendered":"https:\/\/www.europesays.com\/fi\/340623\/"},"modified":"2026-09-03T19:02:11","modified_gmt":"2026-09-03T19:02:11","slug":"olli-hermanin-ja-tytti-puolison-vauva-on-syntynyt","status":"publish","type":"post","link":"https:\/\/www.europesays.com\/fi\/340623\/","title":{"rendered":"Olli Hermanin ja Tytti-puolison vauva on syntynyt"},"content":{"rendered":"<p class=\"wp-block-paragraph\"><strong>Reckless Loven<\/strong>\u00a0ja\u00a0<strong>Popedan<\/strong>\u00a0laulajana tunnetun\u00a0<strong>Olli Hermanin<\/strong> perheest\u00e4 kuuluu iloisia uutisia: Ollin ja <strong>Tytti<\/strong>-puolison vauva on syntynyt.<\/p>\n<p class=\"wp-block-paragraph\">Pari ilmoitti <a href=\"https:\/\/www.voice.fi\/viihde\/olli-hermanin-perhe-kasvaa\" target=\"_blank\" rel=\"noreferrer noopener nofollow\">raskausuutisen<\/a> huhtikuussa, ja nyt Tytin Instagram-tililt\u00e4 selvi\u00e4\u00e4, ett\u00e4 pienokainen on saapunut maailmaan.<\/p>\n<p>Lue my\u00f6s: <a href=\"https:\/\/www.voice.fi\/viihde\/is-jenni-poikelus-palaa-hetkeksi-televisioon-sitten-voin-jatkaa-vauvakuplassa\" title=\"IS: Jenni Poikelus palaa hetkeksi televisioon \u2013 \u201dSitten voin jatkaa vauvakuplassa\u201d\" class=\"underline-custom !font-heading !font-bold !underline-offset-4 !decoration-4 !decoration-accent !text-md\" rel=\"nofollow noopener\" target=\"_blank\">IS: Jenni Poikelus palaa hetkeksi televisioon \u2013 \u201dSitten voin jatkaa vauvakuplassa\u201d<\/a><\/p>\n<p>Lue my\u00f6s: <a href=\"https:\/\/www.voice.fi\/viihde\/laura-lepistolta-hurjia-kuvia-arjesta-shitshow-era\" title=\"Laura Lepist\u00f6lt\u00e4 hurjia kuvia arjesta \u2013 \u201dShitshow era\u201d\" class=\"underline-custom !font-heading !font-bold !underline-offset-4 !decoration-4 !decoration-accent !text-md\" rel=\"nofollow noopener\" target=\"_blank\">Laura Lepist\u00f6lt\u00e4 hurjia kuvia arjesta \u2013 \u201dShitshow era\u201d<\/a><\/p>\n<p class=\"wp-block-paragraph\">Viime joulukuussa <a href=\"https:\/\/www.voice.fi\/viihde\/olli-herman-kihlasi-tytti-puolisonsa\" target=\"_blank\" rel=\"noreferrer noopener nofollow\">kihlautuneella<\/a> parilla on nyt kolme lasta.<\/p>\n<p class=\"wp-block-paragraph\">Syyskuun 1. p\u00e4iv\u00e4 syntynyt lapsi on julkaisun mukaan tytt\u00f6.<\/p>\n<p class=\"wp-block-paragraph\">\u2013 Kaunein prinsessamme, tervetuloa, hellytt\u00e4v\u00e4n p\u00e4ivityksen saatetekstiss\u00e4 lukee.<\/p>\n<p>Lue my\u00f6s: <a href=\"https:\/\/www.voice.fi\/viihde\/anniina-valtonen-synnytti-ja-julkaisi-rohkean-kuvan-verta-hikea-ja-kyynelia\" title=\"Anniina Valtonen synnytti ja julkaisi rohkean kuvan \u2013 \u201dVerta, hike\u00e4 ja kyyneli\u00e4\u201d\" class=\"underline-custom !font-heading !font-bold !underline-offset-4 !decoration-4 !decoration-accent !text-md\" rel=\"nofollow noopener\" target=\"_blank\">Anniina Valtonen synnytti ja julkaisi rohkean kuvan \u2013 \u201dVerta, hike\u00e4 ja kyyneli\u00e4\u201d<\/a><\/p>\n<p>Lue my\u00f6s: <a href=\"https:\/\/www.voice.fi\/viihde\/ttk-opettaja-anniina-koivuniemi-ilmoitti-ilouutisen-vauva\" title=\"TTK-opettaja Anniina Koivuniemi ilmoitti ilouutisen: vauva!\" class=\"underline-custom !font-heading !font-bold !underline-offset-4 !decoration-4 !decoration-accent !text-md\" rel=\"nofollow noopener\" target=\"_blank\">TTK-opettaja Anniina Koivuniemi ilmoitti ilouutisen: vauva!<\/a><\/p>\n<p class=\"wp-block-paragraph\">Julkaisun kuvissa uunituore perheenj\u00e4sen on puettu hempe\u00e4n punas\u00e4vyisiin vaatteisiin. Katsojan syd\u00e4n saattaa olla rusentumisvaarassa liikutuksesta, sill\u00e4 hihat ja lahkeet ovat tulokkaalle viel\u00e4 aavistuksen pitk\u00e4t.<\/p>\n<p class=\"wp-block-paragraph\">Seuraajat ovat kommentoineet ihanaa uutista ja l\u00e4hett\u00e4neet runsaasti onnitteluita:<\/p>\n<p class=\"wp-block-paragraph\">\u2013 Vaaleanpunaiset onnittelut koko perheelle!\u00a0<\/p>\n<p class=\"wp-block-paragraph\">\u2013 H\u00e4n on t\u00e4ydellinen. Niin paljon onnea.<\/p>\n<p class=\"wp-block-paragraph\">\u2013 H\u00e4n on t\u00e4\u00e4ll\u00e4, kirjoittaa muusikko <strong>Mitja Toivonen<\/strong> syd\u00e4nemojien kera.<\/p>\n<p class=\"wp-block-paragraph\">\u2013 Onnea ja rakkautta koko perheelle! toivottaa <strong>The 69 Eyesin<\/strong> rumpali ja radiojuontaja <strong>Jussi 69<\/strong>.<\/p>\n<p class=\"wp-block-paragraph\">\u2013 Onnea, kommentoi malli ja muusikko <strong>Kim Herold<\/strong>.<\/p>\n<p class=\"wp-block-paragraph\">\u2013 Onnea koko b\u00e4ndille, sanoo televisio- ja radiojuontaja <strong>Sami Kuronen<\/strong>.\u00a0<\/p>\n<p class=\"wp-block-paragraph\">My\u00f6s tuore is\u00e4 Olli on k\u00e4ynyt kommentoimassa itkuemojilla, salamalla ja useammalla syd\u00e4mell\u00e4.<\/p>\n","protected":false},"excerpt":{"rendered":"Reckless Loven\u00a0ja\u00a0Popedan\u00a0laulajana tunnetun\u00a0Olli Hermanin perheest\u00e4 kuuluu iloisia uutisia: Ollin ja Tytti-puolison vauva on syntynyt. Pari ilmoitti raskausuutisen huhtikuussa,&hellip;\n","protected":false},"author":2,"featured_media":340624,"comment_status":"","ping_status":"","sticky":false,"template":"","format":"standard","meta":{"footnotes":"","_share_on_mastodon":"0"},"categories":[130],"tags":[137,33,31,30,3718,32,1461,6394,109],"class_list":["post-340623","post","type-post","status-publish","format-standard","has-post-thumbnail","category-viihde","tag-entertainment","tag-fi","tag-finland","tag-finnish","tag-olli-herman","tag-suomi","tag-vauva","tag-vauvauutinen","tag-viihde"],"share_on_mastodon":{"url":"https:\/\/pubeurope.com\/@fi\/117208661590441223","error":""},"_links":{"self":[{"href":"https:\/\/www.europesays.com\/fi\/wp-json\/wp\/v2\/posts\/340623","targetHints":{"allow":["GET"]}}],"collection":[{"href":"https:\/\/www.europesays.com\/fi\/wp-json\/wp\/v2\/posts"}],"about":[{"href":"https:\/\/www.europesays.com\/fi\/wp-json\/wp\/v2\/types\/post"}],"author":[{"embeddable":true,"href":"https:\/\/www.europesays.com\/fi\/wp-json\/wp\/v2\/users\/2"}],"replies":[{"embeddable":true,"href":"https:\/\/www.europesays.com\/fi\/wp-json\/wp\/v2\/comments?post=340623"}],"version-history":[{"count":0,"href":"https:\/\/www.europesays.com\/fi\/wp-json\/wp\/v2\/posts\/340623\/revisions"}],"wp:featuredmedia":[{"embeddable":true,"href":"https:\/\/www.europesays.com\/fi\/wp-json\/wp\/v2\/media\/340624"}],"wp:attachment":[{"href":"https:\/\/www.europesays.com\/fi\/wp-json\/wp\/v2\/media?parent=340623"}],"wp:term":[{"taxonomy":"category","embeddable":true,"href":"https:\/\/www.europesays.com\/fi\/wp-json\/wp\/v2\/categories?post=340623"},{"taxonomy":"post_tag","embeddable":true,"href":"https:\/\/www.europesays.com\/fi\/wp-json\/wp\/v2\/tags?post=340623"}],"curies":[{"name":"wp","href":"https:\/\/api.w.org\/{rel}","templated":true}]}}