{"id":340631,"date":"2026-09-03T19:08:13","date_gmt":"2026-09-03T19:08:13","guid":{"rendered":"https:\/\/www.europesays.com\/fi\/340631\/"},"modified":"2026-09-03T19:08:13","modified_gmt":"2026-09-03T19:08:13","slug":"tappara-aloitti-chl-kautensa-hurjasti-aapeli-rasanen-iski-hattutempun","status":"publish","type":"post","link":"https:\/\/www.europesays.com\/fi\/340631\/","title":{"rendered":"Tappara aloitti CHL-kautensa hurjasti \u2013 Aapeli R\u00e4s\u00e4nen iski hattutempun"},"content":{"rendered":"<p>CHL ei kiinnostanut taaskaan.<\/p>\n<p><img decoding=\"async\" src=\"https:\/\/www.europesays.com\/fi\/wp-content\/uploads\/2026\/09\/1788462493_289_468.jpg\" alt=\"Sinioranssiasuinen Tappara h\u00f6ykytti Libereci\u00e4 CHL-kauden avausottelussaan.\" class=\"_Img_1rerz_1\" style=\"aspect-ratio:1920\/1080\" loading=\"eager\"\/><\/p>\n<p class=\"font-(family-name:--picture-caption-font-family) text-(length:--picture-caption-font-size) leading-(--picture-caption-leading) font-(--picture-caption-font-weight) text-(color:--picture-caption-color)\">Sinioranssiasuinen Tappara h\u00f6ykytti Libereci\u00e4 CHL-kauden avausottelussaan. Kuva:\u00a0Eriika Ahopelto \/ Aamulehti<\/p>\n<p>Lue tiivistelm\u00e4<\/p>\n<p class=\"article-body mb-(--paragraph-margin-b) px-nof-16 sndp-summary-bullet-point-font\">Tappara voitti j\u00e4\u00e4kiekon Mestarien liigan avausottelunsa kaatamalla tsekkil\u00e4isen Liberecin 6\u20133.<\/p>\n<p class=\"article-body mb-(--paragraph-margin-b) px-nof-16 sndp-summary-bullet-point-font\">Tapparan avainhahmona loisti hy\u00f6kk\u00e4\u00e4j\u00e4 Aapeli R\u00e4s\u00e4nen, joka iski hattutempun.<\/p>\n<p class=\"article-body mb-(--paragraph-margin-b) px-nof-16 sndp-summary-bullet-point-font\">Tampereen Hakamets\u00e4n j\u00e4\u00e4hallin kattoon oli jo nostettu Tapparan viime kauden mestaruusviiri, vaikka virallisia mestaruusjuhlia ei ole viel\u00e4 pidetty.<\/p>\n<p class=\"article-body mb-(--paragraph-margin-b) px-nof-16 sndp-summary-bullet-point-font\">Ottelua seurasi paikan p\u00e4\u00e4ll\u00e4 vain 1800 katsojaa.<\/p>\n<p class=\"article-body mb-(--paragraph-margin-b) px-nof-16\">Tiistaina SM-liigassa SaiPalle h\u00e4vinnyt Tappara p\u00e4\u00e4si voittokantaan kiinni, kun se kaatoi CHL-kauden avauksessaan tsekkil\u00e4isen Liberecin 6\u20133.<\/p>\n<p class=\"article-body mb-(--paragraph-margin-b) px-nof-16\">Tappara siirtyi heti ottelun alkuhetkill\u00e4 johtoon, kun <a class=\"font-bold underline-offset-[0.12em] [text-decoration:var(--person-link-text-decoration)] [text-decoration-color:var(--person-link-text-decoration-color)]!\" href=\"https:\/\/www.is.fi\/haku\/?query=Aapeli%20R%C3%A4s%C3%A4sen\" rel=\"nofollow noopener\" target=\"_blank\">Aapeli R\u00e4s\u00e4sen<\/a> kaukoheitto livahti vieraiden nuottaan ajassa 1.23.<\/p>\n<p class=\"article-body mb-(--paragraph-margin-b) px-nof-16\">Liberec tuli tasoihin ajassa 15.57, kun <a class=\"font-bold underline-offset-[0.12em] [text-decoration:var(--person-link-text-decoration)] [text-decoration-color:var(--person-link-text-decoration-color)]!\" href=\"https:\/\/www.is.fi\/haku\/?query=Radan%20Lenc\" rel=\"nofollow noopener\" target=\"_blank\">Radan Lenc<\/a> osui l\u00e4piajosta.<\/p>\n<p class=\"article-body mb-(--paragraph-margin-b) px-nof-16\">Tapparan ylivoima l\u00e4hti rullaamaan toisessa er\u00e4ss\u00e4, kun ottelun avausmaalintekij\u00e4 R\u00e4s\u00e4nen nosti kiekon tyylill\u00e4 Liberecin maalin kattoon (aika 29.57). Lis\u00e4\u00e4 tuli er\u00e4n loppuvaiheilla (36.14), kun kotijoukkueen maalivahti <a class=\"font-bold underline-offset-[0.12em] [text-decoration:var(--person-link-text-decoration)] [text-decoration-color:var(--person-link-text-decoration-color)]!\" href=\"https:\/\/www.is.fi\/haku\/?query=Juha%20Metsola\" rel=\"nofollow noopener\" target=\"_blank\">Juha Metsola<\/a> avasi, Liigan viime kauden pistep\u00f6rssivoittaja <a class=\"font-bold underline-offset-[0.12em] [text-decoration:var(--person-link-text-decoration)] [text-decoration-color:var(--person-link-text-decoration-color)]!\" href=\"https:\/\/www.is.fi\/haku\/?query=Benjamin%20Rautiainen\" rel=\"nofollow noopener\" target=\"_blank\">Benjamin Rautiainen<\/a> levitti ja <a class=\"font-bold underline-offset-[0.12em] [text-decoration:var(--person-link-text-decoration)] [text-decoration-color:var(--person-link-text-decoration-color)]!\" href=\"https:\/\/www.is.fi\/haku\/?query=Vilho%20Vanhatalo\" rel=\"nofollow noopener\" target=\"_blank\">Vilho Vanhatalo<\/a> painoi kiekon yl\u00e4nurkkaan.<\/p>\n<p class=\"article-body mb-(--paragraph-margin-b) px-nof-16\">Liberec kavensi kolmannen er\u00e4n alkuvaiheilla, kun <a class=\"font-bold underline-offset-[0.12em] [text-decoration:var(--person-link-text-decoration)] [text-decoration-color:var(--person-link-text-decoration-color)]!\" href=\"https:\/\/www.is.fi\/haku\/?query=Martin%20Fasko-Rudas\" rel=\"nofollow noopener\" target=\"_blank\">Martin Fasko-Rudas<\/a> j\u00e4i vapaaksi maalille. H\u00e4n painoi kiekon vuorenvarmasti Metsolan sel\u00e4n taakse.<\/p>\n<p class=\"article-body mb-(--paragraph-margin-b) px-nof-16\">Hetki t\u00e4st\u00e4 ja Tappara osui kahdesti minuutin sis\u00e4\u00e4n. Ensin Rautiainen ja <a class=\"font-bold underline-offset-[0.12em] [text-decoration:var(--person-link-text-decoration)] [text-decoration-color:var(--person-link-text-decoration-color)]!\" href=\"https:\/\/www.is.fi\/haku\/?query=Kasper%20Simontaival\" rel=\"nofollow noopener\" target=\"_blank\">Kasper Simontaival<\/a> petasivat paikan <a class=\"font-bold underline-offset-[0.12em] [text-decoration:var(--person-link-text-decoration)] [text-decoration-color:var(--person-link-text-decoration-color)]!\" href=\"https:\/\/www.is.fi\/haku\/?query=Oliver%20Suvannolle\" rel=\"nofollow noopener\" target=\"_blank\">Oliver Suvannolle<\/a>, joka p\u00e4\u00e4si iskem\u00e4\u00e4n kiekon tyhj\u00e4\u00e4n maaliin. Aika 46.09.<\/p>\n<p class=\"article-body mb-(--paragraph-margin-b) px-nof-16\">Seuraavassa vaihdossa <a class=\"font-bold underline-offset-[0.12em] [text-decoration:var(--person-link-text-decoration)] [text-decoration-color:var(--person-link-text-decoration-color)]!\" href=\"https:\/\/www.is.fi\/haku\/?query=Juuso%20Nyk%C3%A4nen\" rel=\"nofollow noopener\" target=\"_blank\">Juuso Nyk\u00e4nen<\/a> ohjasi Tapparan kes\u00e4n puolustajavahvistuksen <a class=\"font-bold underline-offset-[0.12em] [text-decoration:var(--person-link-text-decoration)] [text-decoration-color:var(--person-link-text-decoration-color)]!\" href=\"https:\/\/www.is.fi\/haku\/?query=Niclas%20Almarin\" rel=\"nofollow noopener\" target=\"_blank\">Niclas Almarin<\/a> tulisen ly\u00f6ntilaukauksen verkon perukoille. 5\u20132-osuman aika 47.09.<\/p>\n<p class=\"article-body mb-(--paragraph-margin-b) px-nof-16\">Liberec kavensi v\u00e4liss\u00e4 <a class=\"font-bold underline-offset-[0.12em] [text-decoration:var(--person-link-text-decoration)] [text-decoration-color:var(--person-link-text-decoration-color)]!\" href=\"https:\/\/www.is.fi\/haku\/?query=Adam%20Najmanin\" rel=\"nofollow noopener\" target=\"_blank\">Adam Najmanin<\/a> toimesta, mink\u00e4 j\u00e4lkeen Aapeli R\u00e4s\u00e4nen ohjasi viel\u00e4 illan kolmannen osumansa.<\/p>\n<p class=\"article-body mb-(--paragraph-margin-b) px-nof-16\">Tampereen Hakamets\u00e4n j\u00e4\u00e4hallissa pelattu mittel\u00f6 ei vet\u00e4nyt paikan p\u00e4\u00e4lle mit\u00e4\u00e4n valtaisaa yleis\u00f6rynnistyst\u00e4. Lehtereill\u00e4 oli vain 1 800 katsojaa.<\/p>\n<p class=\"article-body mb-(--paragraph-margin-b) px-nof-16\">\u2013 Voisi olla enemm\u00e4nkin, ottelua Viaplaylle selostanut <a class=\"font-bold underline-offset-[0.12em] [text-decoration:var(--person-link-text-decoration)] [text-decoration-color:var(--person-link-text-decoration-color)]!\" href=\"https:\/\/www.is.fi\/haku\/?query=Antti%20M%C3%A4kinen\" rel=\"nofollow noopener\" target=\"_blank\">Antti M\u00e4kinen<\/a> totesi lakonisesti.<\/p>\n<p class=\"article-body mb-(--paragraph-margin-b) px-nof-16\">J\u00e4\u00e4kiekon Mestarien liiga eli CHL ei ole her\u00e4tt\u00e4nyt viime vuosien aikana Suomessa sen suurempaa mielenkiintoa.<\/p>\n<p class=\"article-body mb-(--paragraph-margin-b) px-nof-16\">Hakamets\u00e4n j\u00e4\u00e4hallista paljastui torstaina varsin erikoinen n\u00e4ky, sill\u00e4 Tapparan viime kauden mestaruusviiri oli jo nostettu legendaarisen hallin kattoon.<\/p>\n<p class=\"article-body mb-(--paragraph-margin-b) px-nof-16\">Tappara ei ole ehtinyt viel\u00e4 virallisesti juhlistaa viime kev\u00e4\u00e4n mestaruuttaan, sill\u00e4 se avaa liigakautensa nelj\u00e4ll\u00e4 vierasottelulla.<\/p>\n<p class=\"article-body mb-(--paragraph-margin-b) px-nof-16\">Tappara ja kaupungin toinen liigaseura Ilves joutuvat olemaan evakossa, sill\u00e4 heid\u00e4n normaalissa kotihallissaan Nokia-areenalla j\u00e4rjestet\u00e4\u00e4n lentopallon EM-kisat.<\/p>\n","protected":false},"excerpt":{"rendered":"CHL ei kiinnostanut taaskaan. Sinioranssiasuinen Tappara h\u00f6ykytti Libereci\u00e4 CHL-kauden avausottelussaan. Kuva:\u00a0Eriika Ahopelto \/ Aamulehti Lue tiivistelm\u00e4 Tappara voitti&hellip;\n","protected":false},"author":2,"featured_media":340632,"comment_status":"","ping_status":"","sticky":false,"template":"","format":"standard","meta":{"footnotes":"","_share_on_mastodon":"0"},"categories":[5],"tags":[22,23,26,27,33,31,30,17,34,24,25,28,29,15,18,21,32,19,20,16],"class_list":["post-340631","post","type-post","status-publish","format-standard","has-post-thumbnail","category-otsikot","tag-breaking-news","tag-breakingnews","tag-featured-news","tag-featurednews","tag-fi","tag-finland","tag-finnish","tag-headlines","tag-ilta-sanomat","tag-latest-news","tag-latestnews","tag-main-news","tag-mainnews","tag-news","tag-otsikot","tag-paauutiset","tag-suomi","tag-top-stories","tag-topstories","tag-uutiset"],"share_on_mastodon":{"url":"https:\/\/pubeurope.com\/@fi\/117208685987534080","error":""},"_links":{"self":[{"href":"https:\/\/www.europesays.com\/fi\/wp-json\/wp\/v2\/posts\/340631","targetHints":{"allow":["GET"]}}],"collection":[{"href":"https:\/\/www.europesays.com\/fi\/wp-json\/wp\/v2\/posts"}],"about":[{"href":"https:\/\/www.europesays.com\/fi\/wp-json\/wp\/v2\/types\/post"}],"author":[{"embeddable":true,"href":"https:\/\/www.europesays.com\/fi\/wp-json\/wp\/v2\/users\/2"}],"replies":[{"embeddable":true,"href":"https:\/\/www.europesays.com\/fi\/wp-json\/wp\/v2\/comments?post=340631"}],"version-history":[{"count":0,"href":"https:\/\/www.europesays.com\/fi\/wp-json\/wp\/v2\/posts\/340631\/revisions"}],"wp:featuredmedia":[{"embeddable":true,"href":"https:\/\/www.europesays.com\/fi\/wp-json\/wp\/v2\/media\/340632"}],"wp:attachment":[{"href":"https:\/\/www.europesays.com\/fi\/wp-json\/wp\/v2\/media?parent=340631"}],"wp:term":[{"taxonomy":"category","embeddable":true,"href":"https:\/\/www.europesays.com\/fi\/wp-json\/wp\/v2\/categories?post=340631"},{"taxonomy":"post_tag","embeddable":true,"href":"https:\/\/www.europesays.com\/fi\/wp-json\/wp\/v2\/tags?post=340631"}],"curies":[{"name":"wp","href":"https:\/\/api.w.org\/{rel}","templated":true}]}}