{"id":340647,"date":"2026-09-03T19:34:06","date_gmt":"2026-09-03T19:34:06","guid":{"rendered":"https:\/\/www.europesays.com\/fi\/340647\/"},"modified":"2026-09-03T19:34:06","modified_gmt":"2026-09-03T19:34:06","slug":"zelenskyi-toivoo-yhdysvaltojen-neuvottelijoita-kiovaan-lahipaivina-uutissuomalainen","status":"publish","type":"post","link":"https:\/\/www.europesays.com\/fi\/340647\/","title":{"rendered":"Zelenskyi toivoo Yhdysvaltojen neuvottelijoita Kiovaan l\u00e4hip\u00e4ivin\u00e4 | Uutissuomalainen"},"content":{"rendered":"<p>Ukrainan presidentti Volodymyr Zelenskyi toivoo saavansa ottaa Kiovassa vastaan Yhdysvaltain presidentti Donald Trumpin edustajat l\u00e4hip\u00e4ivien aikana.<\/p>\n<p>Zelenskyi sanoi p\u00e4ivitt\u00e4isess\u00e4 puheessaan torstai-iltana, ett\u00e4 Yhdysvallat on vahvistanut l\u00e4hettil\u00e4idens\u00e4 tulon.<\/p>\n<p>Trumpin edustajat Jared Kushner ja Steve Witkoff ovat rauhanhierontamatkoillaan sukkuloineet Moskovassa monta kertaa, mutta eiv\u00e4t ole viel\u00e4 kertaakaan matkustaneet Kiovaan.<\/p>\n<p>Zelenskyin mukaan Kushnerin ja Witkoffin on m\u00e4\u00e4r\u00e4 vierailla my\u00f6s Moskovassa. Tarkkoja p\u00e4iv\u00e4m\u00e4\u00e4ri\u00e4 h\u00e4n ei kertonut, mutta sanoi, ett\u00e4 niist\u00e4 on alustava sopu.<\/p>\n<p>Yritykset neuvotella Ven\u00e4j\u00e4n hy\u00f6kk\u00e4yssodan lopettamisesta ovat olleet viime aikoina jumissa. Yhdysvaltojen huomio on viime kuukausina k\u00e4\u00e4ntynyt Iranin sotaan ja L\u00e4hi-it\u00e4\u00e4n.<\/p>\n","protected":false},"excerpt":{"rendered":"Ukrainan presidentti Volodymyr Zelenskyi toivoo saavansa ottaa Kiovassa vastaan Yhdysvaltain presidentti Donald Trumpin edustajat l\u00e4hip\u00e4ivien aikana. Zelenskyi sanoi&hellip;\n","protected":false},"author":2,"featured_media":340648,"comment_status":"","ping_status":"","sticky":false,"template":"","format":"standard","meta":{"footnotes":"","_share_on_mastodon":"0"},"categories":[14],"tags":[22,23,585,26,27,33,31,30,17,3488,24,25,28,29,2325,15,18,21,142,637,144,32,19,20,21377,56,16,59,60,61],"class_list":["post-340647","post","type-post","status-publish","format-standard","has-post-thumbnail","category-ulkomaat","tag-breaking-news","tag-breakingnews","tag-donald-trump","tag-featured-news","tag-featurednews","tag-fi","tag-finland","tag-finnish","tag-headlines","tag-kiova","tag-latest-news","tag-latestnews","tag-main-news","tag-mainnews","tag-moskova-venaja","tag-news","tag-otsikot","tag-paauutiset","tag-poliitikot","tag-politiikka","tag-presidentti","tag-suomi","tag-top-stories","tag-topstories","tag-ukrainan-kriisi","tag-ulkomaat","tag-uutiset","tag-world","tag-world-news","tag-worldnews"],"share_on_mastodon":{"url":"https:\/\/pubeurope.com\/@fi\/117208787645243489","error":""},"_links":{"self":[{"href":"https:\/\/www.europesays.com\/fi\/wp-json\/wp\/v2\/posts\/340647","targetHints":{"allow":["GET"]}}],"collection":[{"href":"https:\/\/www.europesays.com\/fi\/wp-json\/wp\/v2\/posts"}],"about":[{"href":"https:\/\/www.europesays.com\/fi\/wp-json\/wp\/v2\/types\/post"}],"author":[{"embeddable":true,"href":"https:\/\/www.europesays.com\/fi\/wp-json\/wp\/v2\/users\/2"}],"replies":[{"embeddable":true,"href":"https:\/\/www.europesays.com\/fi\/wp-json\/wp\/v2\/comments?post=340647"}],"version-history":[{"count":0,"href":"https:\/\/www.europesays.com\/fi\/wp-json\/wp\/v2\/posts\/340647\/revisions"}],"wp:featuredmedia":[{"embeddable":true,"href":"https:\/\/www.europesays.com\/fi\/wp-json\/wp\/v2\/media\/340648"}],"wp:attachment":[{"href":"https:\/\/www.europesays.com\/fi\/wp-json\/wp\/v2\/media?parent=340647"}],"wp:term":[{"taxonomy":"category","embeddable":true,"href":"https:\/\/www.europesays.com\/fi\/wp-json\/wp\/v2\/categories?post=340647"},{"taxonomy":"post_tag","embeddable":true,"href":"https:\/\/www.europesays.com\/fi\/wp-json\/wp\/v2\/tags?post=340647"}],"curies":[{"name":"wp","href":"https:\/\/api.w.org\/{rel}","templated":true}]}}