{"id":340655,"date":"2026-09-03T19:45:04","date_gmt":"2026-09-03T19:45:04","guid":{"rendered":"https:\/\/www.europesays.com\/fi\/340655\/"},"modified":"2026-09-03T19:45:04","modified_gmt":"2026-09-03T19:45:04","slug":"kerrostalo-taynna-taidetta-katajainen-kansa-nayttely-purkutalossa","status":"publish","type":"post","link":"https:\/\/www.europesays.com\/fi\/340655\/","title":{"rendered":"Kerrostalo t\u00e4ynn\u00e4 taidetta \u2013 Katajainen kansa \u2013n\u00e4yttely purkutalossa"},"content":{"rendered":"<p>Mielenkiintoinen purkutaloon sijoittuva taiden\u00e4yttely avautui lauantaina 17.6. M\u00e4ntyharjulla.  Katajainen kansa \u2013nimisess\u00e4 n\u00e4yttelyss\u00e4 26 taitelijaa on voinut toteuttaa ideoitaan katoavissa huoneistoissa. Jokaisen kerrostalon oven takaa l\u00f6ytyy omanlaisensa taide-el\u00e4mys.<\/p>\n<p><img decoding=\"async\" alt=\"Kake Randelin, The House of the Rising Sun\" data-entity-type=\"file\" data-entity-uuid=\"b002b358-df2f-4010-bf29-de6ace0f5d52\" src=\"https:\/\/www.europesays.com\/fi\/wp-content\/uploads\/2026\/09\/mhr_kake_randelin_the_house_of_the_rising_sun-1.jpg\"\/><br \/>Purkutalon ulkosein\u00e4\u00e4n Kake Randelin maalasi teoksen The House of the Rising Sun. Kuva: cc-by-Amusa.fi<\/p>\n<p>Taiteilijoiden nimet n\u00e4kyv\u00e4t ovissa ja taideteoksia menn\u00e4\u00e4n katsomaan kuten kotiin.  Ovien takaa l\u00f6ytyy kantaa ottavia, nykytodellisuutta kuvaavia, pys\u00e4ytt\u00e4vi\u00e4 ja leikillisi\u00e4 tai talon el\u00e4m\u00e4\u00e4 kuvaavia teoksia.  Yksi perhekin on saanut toteuttaa oman j\u00e4lkens\u00e4 yhteen huoneistoista.<\/p>\n<p><img decoding=\"async\" alt=\"Rumia sanoja\" data-entity-type=\"file\" data-entity-uuid=\"89249e52-45be-4523-b703-e51032aadcb2\" src=\"https:\/\/www.europesays.com\/fi\/wp-content\/uploads\/2026\/09\/mhr_rumia_sanoja-1.jpg\"\/><br \/>Purkutalossa sai kirjoittaa seiniin.  Riikka Viinikanojan ja Reijo K\u00e4rkk\u00e4isen perheen tilassa kirjoitettiin rumia sanoja wc:n sein\u00e4\u00e4n.  Vastaavasti kauniit sanat l\u00f6ytyv\u00e4t vaatehuoneesta.  Kuva: cc-by-sa Amusa.fi<\/p>\n<p>Katajaisen kansa \u2013n\u00e4yttelyn inspiraationa on toiminut M\u00e4nt\u00e4n kuvataideviikoilla 20 vuotta sitten toteutettu tyhj\u00e4\u00e4n kerrostaloon sijoitettu n\u00e4yttely.  M\u00e4ntyharjun kunnan kulttuurisihteeri Anu Yli-Pyky n\u00e4ki n\u00e4yttelyn ja se teki vaikutuksen.  Kun M\u00e4ntyharjun keskustasta p\u00e4\u00e4tettiin purkaa yksi kerrostalo, idea taiden\u00e4yttelyst\u00e4 sai vauhtia.<\/p>\n<p><img decoding=\"async\" alt=\"Anna Pekkala, Meren el\u00e4m\u00e4\u00e4\" data-entity-type=\"file\" data-entity-uuid=\"b5495131-d613-4f35-bda1-313aff5e3321\" src=\"https:\/\/www.europesays.com\/fi\/wp-content\/uploads\/2026\/09\/mhr_anna_pekkala_meren_elm-1.jpg\"\/><br \/>Anna Pekkalan teoksessa Meren el\u00e4m\u00e4\u00e4 otetaan kantaa muoviroskan vaikutuksiin meress\u00e4. Kuva: cc-by-sa Amusa.fi<\/p>\n<p><img decoding=\"async\" alt=\"Tapio M\u00f6mm\u00f6, Odottamaton virtuaalitodellisuus\" data-entity-type=\"file\" data-entity-uuid=\"80260971-31ce-4ebc-affb-d3d99366ae23\" src=\"https:\/\/www.europesays.com\/fi\/wp-content\/uploads\/2026\/09\/mhr_tapio_mmm_odottamaton_virtuaalitodellisuus-1.jpg\"\/><br \/>Tapio M\u00f6mm\u00f6, Odottamaton virtuaalitodellisuus. Kuva: cc-by-sa Amusa.fi<\/p>\n<p>Kuraattoriksi ja taiteelliseksi johtajaksi kutsuttiin Veikko Halmetoja, joka oli sattumalta ollut M\u00e4nt\u00e4n kuvataideviikoilla kes\u00e4ty\u00f6ntekij\u00e4n\u00e4 juuri samana kerrostalon\u00e4yttelyn kes\u00e4n\u00e4.  N\u00e4yttelyyn oli 108 hakijaa, joista Halmetoja valitsi 26 taitelijaa.  N\u00e4yttelyn taiteilijat ovat eri puolita Suomea ja pohjoisin on Sodankyl\u00e4st\u00e4. Mukana on taiteilijaryhmi\u00e4.<\/p>\n<p><img decoding=\"async\" alt=\"Niina Mantsinen, graffitiryijy\" data-entity-type=\"file\" data-entity-uuid=\"9e59c432-93f4-4b48-bf71-963c59d5aa1a\" src=\"https:\/\/www.europesays.com\/fi\/wp-content\/uploads\/2026\/09\/niina_mantsinen_graffiti_ryijy-1.jpg\"\/><br \/>Niina Mantsisen graffitiryijy kerrostalon k\u00e4yt\u00e4v\u00e4ss\u00e4. Kuva: cc-by-sa Amusa.fi<\/p>\n<p>Talon entisist\u00e4 asukkaista l\u00f6ytyi my\u00f6s yksi taiteilija n\u00e4yttelyyn.  Iskelmalaulajana tunnettu Kake Randelin harrastaa my\u00f6s kuvataidetta ja on esill\u00e4 yhdess\u00e4 huoneistoista sek\u00e4 maalasi talon ulkosein\u00e4\u00e4n kaksi teosta.  Randelin on my\u00f6s paikallisen kuvataideyhdistyksen puheenjohtaja.  <\/p>\n<p><img decoding=\"async\" alt=\"Kake Randelin, Koesoitto\" data-entity-type=\"file\" data-entity-uuid=\"06eb7679-561e-4189-8b5a-709be49c3ea5\" src=\"https:\/\/www.europesays.com\/fi\/wp-content\/uploads\/2026\/09\/mhr_kake_randelin_koesoitto-1.jpg\"\/><br \/>Koesoitto, Kake Randelin. Kun laulajan b\u00e4ndiin valitaan uusi soittaja, tehd\u00e4\u00e4n aina koesoitto varmistamaan sopivuus uudeksi b\u00e4ndin j\u00e4seneksi. Kuva: cc-by-sa Amusa.fi<\/p>\n<p><b>Katajainen kansa &#8211; taidetta purkutalossa <\/b><br \/>Keskustie 19, M\u00e4ntyharju<\/p>\n<p>Avoinna 17.6.-13.8.2017<br \/>Suljettu juhannuksena 23.-25.6.2017.<br \/>Avoinna elokuun viikonloput 19.-20.8. ja 26.-27.8.<br \/>N\u00e4yttelyyn on vapaa p\u00e4\u00e4sy, ryhm\u00e4t voivat tilata opastuksen etuk\u00e4teen.<\/p>\n","protected":false},"excerpt":{"rendered":"Mielenkiintoinen purkutaloon sijoittuva taiden\u00e4yttely avautui lauantaina 17.6. M\u00e4ntyharjulla. Katajainen kansa \u2013nimisess\u00e4 n\u00e4yttelyss\u00e4 26 taitelijaa on voinut toteuttaa ideoitaan&hellip;\n","protected":false},"author":2,"featured_media":340656,"comment_status":"","ping_status":"","sticky":false,"template":"","format":"standard","meta":{"footnotes":"","_share_on_mastodon":"0"},"categories":[88],"tags":[33,31,30,32,91,92,424,422,423],"class_list":["post-340655","post","type-post","status-publish","format-standard","has-post-thumbnail","category-virtuaalitodellisuus","tag-fi","tag-finland","tag-finnish","tag-suomi","tag-technology","tag-teknologia","tag-virtuaalitodellisuus","tag-virtual-reality","tag-vr"],"share_on_mastodon":{"url":"https:\/\/pubeurope.com\/@fi\/117208831547994611","error":""},"_links":{"self":[{"href":"https:\/\/www.europesays.com\/fi\/wp-json\/wp\/v2\/posts\/340655","targetHints":{"allow":["GET"]}}],"collection":[{"href":"https:\/\/www.europesays.com\/fi\/wp-json\/wp\/v2\/posts"}],"about":[{"href":"https:\/\/www.europesays.com\/fi\/wp-json\/wp\/v2\/types\/post"}],"author":[{"embeddable":true,"href":"https:\/\/www.europesays.com\/fi\/wp-json\/wp\/v2\/users\/2"}],"replies":[{"embeddable":true,"href":"https:\/\/www.europesays.com\/fi\/wp-json\/wp\/v2\/comments?post=340655"}],"version-history":[{"count":0,"href":"https:\/\/www.europesays.com\/fi\/wp-json\/wp\/v2\/posts\/340655\/revisions"}],"wp:featuredmedia":[{"embeddable":true,"href":"https:\/\/www.europesays.com\/fi\/wp-json\/wp\/v2\/media\/340656"}],"wp:attachment":[{"href":"https:\/\/www.europesays.com\/fi\/wp-json\/wp\/v2\/media?parent=340655"}],"wp:term":[{"taxonomy":"category","embeddable":true,"href":"https:\/\/www.europesays.com\/fi\/wp-json\/wp\/v2\/categories?post=340655"},{"taxonomy":"post_tag","embeddable":true,"href":"https:\/\/www.europesays.com\/fi\/wp-json\/wp\/v2\/tags?post=340655"}],"curies":[{"name":"wp","href":"https:\/\/api.w.org\/{rel}","templated":true}]}}