{"id":340673,"date":"2026-09-03T20:16:19","date_gmt":"2026-09-03T20:16:19","guid":{"rendered":"https:\/\/www.europesays.com\/fi\/340673\/"},"modified":"2026-09-03T20:16:19","modified_gmt":"2026-09-03T20:16:19","slug":"pelle-miljoona-loksautti-leuat-loviisassa-kuva","status":"publish","type":"post","link":"https:\/\/www.europesays.com\/fi\/340673\/","title":{"rendered":"Pelle Miljoona loksautti leuat Loviisassa \u2013 kuva"},"content":{"rendered":"<p>            Atte Kajova &amp; AOP\n        <\/p>\n<p class=\"subtitle \">Suosikkiartisti bongattiin varsin arkisissa merkeiss\u00e4 Loviisassa.<\/p>\n<p class=\"article-content article-content-width !bg-background\">Julkisuuden henkil\u00f6ihin liitet\u00e4\u00e4n toisinaan mystist\u00e4 glamouria. Osaan heist\u00e4 se toden totta p\u00e4teekin.<\/p>\n<p class=\"font-weight-bold m-font-weight-bold article-content article-content-width !bg-background\">Arkistovideolla Pelle Miljoona lupaa rajua meininki\u00e4 tv-katsojille:<\/p>\n<p class=\"article-content article-content-width !bg-background\">Pitk\u00e4n linjan suosikkiartisti  eli , 71, ei vaikuttanut hiljattain tavalliselta kuolevaiselta.<\/p>\n<p class=\"article-content article-content-width !bg-background\">H\u00e4n hurautti rastat hulmuten Loviisan Lidliin niin upealla moottoripy\u00f6r\u00e4ll\u00e4, ett\u00e4 moottoritie oli todellakin kuuma.<\/p>\n<p class=\"article-content article-content-width !bg-background\">\u2013 En edes tiennyt, ett\u00e4 Pelle ajaa pr\u00e4tk\u00e4ll\u00e4. Ja millaisella! Se on tosi hieno, Loviisasta laverrellaan Seiskalle.<\/p>\n<p>        <a itemprop=\"url\" href=\"https:\/\/www.seiska.fi\/vain-seiskassa\/kimi-raikkonen-poliisilaitoksella-formulamiljonaarin-kaytos-hammastytti-helsingissa\/2239778\" rel=\"nofollow noopener\" target=\"_blank\"><\/p>\n<p>\nSalakuvat!\n<\/p>\n<p class=\"section-date\">\n        <strong class=\"article-section\" data-section=\"vain seiskassa\"><br \/>\n            vain seiskassa<br \/>\n        <\/strong><br \/>\n        26.8. 16:00\n    <\/p>\n<p>Kimi R\u00e4ikk\u00f6nen poliisilaitoksella \u2013 formulamiljon\u00e4\u00e4rin k\u00e4yt\u00f6s h\u00e4mm\u00e4stytti Helsingiss\u00e4\n    <\/p>\n<p itemprop=\"description\" class=\"subtitle \">\n    \u2013 T\u00e4t\u00e4 en olisi kyll\u00e4 uskonut n\u00e4kev\u00e4ni, Seiskalle \u00e4imistell\u00e4\u00e4n.\n<\/p>\n<p>        <\/a><\/p>\n<p>                <img decoding=\"async\" src=\"https:\/\/www.europesays.com\/fi\/wp-content\/uploads\/2026\/09\/2248945.webp\" width=\"576\" height=\"840\" alt=\"T\u00e4llaisella pr\u00e4tk\u00e4ll\u00e4 Pelle Miljoona hurautti rastat hulmuten Loviisan 'Litukkaan.'\" loading=\"lazy\" \/>            <\/p>\n<p>\n            T\u00e4llaisella pr\u00e4tk\u00e4ll\u00e4 Pelle Miljoona hurautti rastat hulmuten Loviisan &#8221;Litukkaan.&#8221;<br \/>\n            Seiskan  lukija\n        <\/p>\n<p>Palautti pulloja \u201dLitukassa\u201d<\/p>\n<p class=\"article-content article-content-width !bg-background\">Kuten tiedet\u00e4\u00e4n, Pelle Miljoona on mieltynyt suuresti Intian Goaan, jossa viett\u00e4\u00e4 mielell\u00e4\u00e4n aikaansa.<\/p>\n<p class=\"article-content article-content-width !bg-background\">T\u00e4ll\u00e4 kertaa kyse oli kuitenkin tosiaan kotoisesta Suomesta ja hyvinkin arkisesta pullonpalautusreissusta Lidliin.<\/p>\n<p class=\"article-content article-content-width !bg-background\">\u2013 Pelle n\u00e4kyi palauttavan l\u00e4j\u00e4p\u00e4in pulloja. H\u00e4nest\u00e4 huokui maailmanmiehen karisma, Seiskalle kehutaan.<\/p>\n<p class=\"article-content article-content-width !bg-background\">\u2013 Pakko sanoa, ett\u00e4 pid\u00e4n Pellen musiikista. Oli h\u00e4n kyll\u00e4 melkoinen n\u00e4ky hurauttaessaan sill\u00e4 tavalla \u201dLitukkaan.\u201d Tosi yst\u00e4v\u00e4llinen j\u00e4tk\u00e4!<\/p>\n<p>        <a itemprop=\"url\" href=\"https:\/\/www.seiska.fi\/vain-seiskassa\/sofia-virta-kumarteli-minimekossa-festareilla-jestas-mitka-kuvat\/2237584\" rel=\"nofollow noopener\" target=\"_blank\"><\/p>\n<p>\nSalakuvat festareilta!\n<\/p>\n<p class=\"section-date\">\n        <strong class=\"article-section\" data-section=\"vain seiskassa\"><br \/>\n            vain seiskassa<br \/>\n        <\/strong><br \/>\n        19.8. 16:00\n    <\/p>\n<p>Sofia Virta kumarteli minimekossa festareilla \u2013 jestas, mitk\u00e4 kuvat!\n    <\/p>\n<p itemprop=\"description\" class=\"subtitle \">\n    Julkkispoliitikko k\u00e4\u00e4nsi katseita Flow&#8217;ssa.\n<\/p>\n<p>        <\/a><\/p>\n<p>                <img decoding=\"async\" src=\"https:\/\/www.europesays.com\/fi\/wp-content\/uploads\/2026\/09\/2248947.webp\" width=\"576\" height=\"639\" alt=\"R\u00c4PS! Pelle Miljoona palautteli pulloja Lidliin kuin kuka tahansa kuolevainen.\" loading=\"lazy\" \/>            <\/p>\n<p>\n            R\u00c4PS! Pelle Miljoona palautteli pulloja Lidliin kuin kuka tahansa kuolevainen.<br \/>\n            Seiskan  lukija\n        <\/p>\n<p>Palkittu muusikkolegenda<\/p>\n<p class=\"article-content article-content-width !bg-background\">1970-luvulta asti musisoinut Pelle on itseoikeutetusti kotimaisen punk-liikkeen edell\u00e4k\u00e4vij\u00f6it\u00e4.<\/p>\n<p class=\"article-content article-content-width !bg-background\">Haminalaissyntyinen suosikkiartisti valmistui alun perin luokanopettajaksi Savonlinnassa. Sittemmin rock ja moottoritie veiv\u00e4t miehen mukanaan.<\/p>\n<p>        <a itemprop=\"url\" href=\"https:\/\/www.seiska.fi\/vain-seiskassa\/pelle-miljoona-heratti-huomiota-espanjassa-salakuvat\/2122604\" rel=\"nofollow noopener\" target=\"_blank\"><\/p>\n<p>\nSalakuvat!\n<\/p>\n<p class=\"section-date\">\n        <strong class=\"article-section\" data-section=\"vain seiskassa\"><br \/>\n            vain seiskassa<br \/>\n        <\/strong><br \/>\n        10.4. 17:00\n    <\/p>\n<p>Pelle Miljoona her\u00e4tti huomiota Espanjassa \u2013 salakuvat!\n    <\/p>\n<p itemprop=\"description\" class=\"subtitle \">\n    Pelle tunnetaan omaleimaisena punk- ja rockmuusikkona.\n<\/p>\n<p>        <\/a><\/p>\n<p class=\"article-content article-content-width !bg-background\">Pelle on levytt\u00e4nyt l\u00e4j\u00e4p\u00e4in ikivihreit\u00e4 hittej\u00e4. Sellaista suomalaista ei l\u00f6ydyk\u00e4\u00e4n, joka ei tiet\u00e4isi kappaleita kuten\u00a0Sisko tahtoisin j\u00e4\u00e4d\u00e4,\u00a0Juokse villi lapsi ja\u00a0Tahdon rakastella sinua.<\/p>\n<p class=\"article-content article-content-width !bg-background\">Ei siis ihme, ett\u00e4 riimittelymestarille my\u00f6nnettiin kes\u00e4ll\u00e4 2015  sanoituspalkinto.<\/p>\n<p class=\"italic m-italic article-content article-content-width !bg-background\">Artikkelia muokattu 3.9. klo 14:15: korjattu Pellen kappaleen nime\u00e4.<\/p>\n<p>                <img decoding=\"async\" src=\"https:\/\/www.europesays.com\/fi\/wp-content\/uploads\/2026\/09\/2248949.webp\" width=\"576\" height=\"720\" alt=\"Pelle Miljoonan suosio ei osoita hyytymisen merkkej\u00e4.\" loading=\"lazy\" \/>            <\/p>\n<p>\n            Pelle Miljoonan suosio ei osoita hyytymisen merkkej\u00e4.<br \/>\n            Atte Kajova\n        <\/p>\n","protected":false},"excerpt":{"rendered":"Atte Kajova &amp; AOP Suosikkiartisti bongattiin varsin arkisissa merkeiss\u00e4 Loviisassa. Julkisuuden henkil\u00f6ihin liitet\u00e4\u00e4n toisinaan mystist\u00e4 glamouria. Osaan heist\u00e4&hellip;\n","protected":false},"author":2,"featured_media":340674,"comment_status":"","ping_status":"","sticky":false,"template":"","format":"standard","meta":{"footnotes":"","_share_on_mastodon":"0"},"categories":[136],"tags":[3627,407,137,33,31,30,408,4478,3238,522,12576,47,3018,4915,41994,41993,32,109],"class_list":["post-340673","post","type-post","status-publish","format-standard","has-post-thumbnail","category-julkkikset","tag-artisti","tag-celebrities","tag-entertainment","tag-fi","tag-finland","tag-finnish","tag-julkkikset","tag-kaak","tag-lidl","tag-loviisa","tag-moottoripyora","tag-musiikki","tag-muusikko","tag-pelle-miljoona","tag-pratka","tag-pullonpalautus","tag-suomi","tag-viihde"],"share_on_mastodon":{"url":"https:\/\/pubeurope.com\/@fi\/117208953409580009","error":""},"_links":{"self":[{"href":"https:\/\/www.europesays.com\/fi\/wp-json\/wp\/v2\/posts\/340673","targetHints":{"allow":["GET"]}}],"collection":[{"href":"https:\/\/www.europesays.com\/fi\/wp-json\/wp\/v2\/posts"}],"about":[{"href":"https:\/\/www.europesays.com\/fi\/wp-json\/wp\/v2\/types\/post"}],"author":[{"embeddable":true,"href":"https:\/\/www.europesays.com\/fi\/wp-json\/wp\/v2\/users\/2"}],"replies":[{"embeddable":true,"href":"https:\/\/www.europesays.com\/fi\/wp-json\/wp\/v2\/comments?post=340673"}],"version-history":[{"count":0,"href":"https:\/\/www.europesays.com\/fi\/wp-json\/wp\/v2\/posts\/340673\/revisions"}],"wp:featuredmedia":[{"embeddable":true,"href":"https:\/\/www.europesays.com\/fi\/wp-json\/wp\/v2\/media\/340674"}],"wp:attachment":[{"href":"https:\/\/www.europesays.com\/fi\/wp-json\/wp\/v2\/media?parent=340673"}],"wp:term":[{"taxonomy":"category","embeddable":true,"href":"https:\/\/www.europesays.com\/fi\/wp-json\/wp\/v2\/categories?post=340673"},{"taxonomy":"post_tag","embeddable":true,"href":"https:\/\/www.europesays.com\/fi\/wp-json\/wp\/v2\/tags?post=340673"}],"curies":[{"name":"wp","href":"https:\/\/api.w.org\/{rel}","templated":true}]}}