{"id":340675,"date":"2026-09-03T20:21:14","date_gmt":"2026-09-03T20:21:14","guid":{"rendered":"https:\/\/www.europesays.com\/fi\/340675\/"},"modified":"2026-09-03T20:21:14","modified_gmt":"2026-09-03T20:21:14","slug":"resident-evilista-julkaistiin-kolme-minuuttia-puhdasta-zombiveripalttua","status":"publish","type":"post","link":"https:\/\/www.europesays.com\/fi\/340675\/","title":{"rendered":"Resident Evilist\u00e4 julkaistiin kolme minuuttia puhdasta zombiveripalttua"},"content":{"rendered":"<p class=\"wp-block-paragraph\">Sony Pictures tykittelee oikein kunnolla tulevan Resident Evil -leffan tiimoilta.<\/p>\n<p class=\"wp-block-paragraph\">Weapons-ohjaaja<strong> Zach Creggerin<\/strong> uuden elokuvan tapahtumat sijoittuvat samaan aikaan kuin Resident Evil 2 -pelin tapahtumat. Kyseess\u00e4 on vain sivutarina.<\/p>\n<p>Lue my\u00f6s: <a href=\"https:\/\/www.episodi.fi\/uutiset\/uudella-resident-evil-videolla-nahdaan-peleista-tuttu-iljettava-monsteri\/\" title=\"Uudella Resident Evil -videolla n\u00e4hd\u00e4\u00e4n peleist\u00e4 tuttu iljett\u00e4v\u00e4 monsteri\" class=\"underline-custom !font-heading !font-bold !underline-offset-4 !decoration-4 !decoration-accent !text-md\" rel=\"nofollow noopener\" target=\"_blank\">Uudella Resident Evil -videolla n\u00e4hd\u00e4\u00e4n peleist\u00e4 tuttu iljett\u00e4v\u00e4 monsteri<\/a><\/p>\n<p>Lue my\u00f6s: <a href=\"https:\/\/www.episodi.fi\/uutiset\/resident-evilin-uudesta-julisteesta-puskee-ulokkeita\/\" title=\"Resident Evilin uudesta julisteesta puskee ulokkeita\" class=\"underline-custom !font-heading !font-bold !underline-offset-4 !decoration-4 !decoration-accent !text-md\" rel=\"nofollow noopener\" target=\"_blank\">Resident Evilin uudesta julisteesta puskee ulokkeita<\/a><\/p>\n<p class=\"wp-block-paragraph\">Leffasta julkaistiin kolmeminuuttinen p\u00e4tk\u00e4, jossa n\u00e4hd\u00e4\u00e4n zombeja m\u00f6ss\u00e4htelem\u00e4ss\u00e4 verim\u00f6ss\u00f6ksi. Meininki on hurjaa.<\/p>\n<p class=\"wp-block-paragraph\">P\u00e4tk\u00e4ss\u00e4 n\u00e4hd\u00e4\u00e4n Bryan (<strong>Austin Abrams)<\/strong>, joka l\u00e4htee pakoon katoilla huutavia zombeja. Zombit yritt\u00e4v\u00e4t k\u00e4yd\u00e4 kimppuun, joten ne l\u00e4ts\u00e4htelev\u00e4t pitkin katuja kuin veripommit.<\/p>\n<p class=\"wp-block-paragraph\">Abrams oli kuolla kuvauksissa, kun t\u00e4llainen painava veripussi r\u00e4j\u00e4hti melkein h\u00e4nen p\u00e4\u00e4h\u00e4ns\u00e4.<\/p>\n<p class=\"wp-block-paragraph\">Leffan ensi-ilta on 18. syyskuuta.<\/p>\n<p class=\"wp-block-paragraph\">Alla \u00e4\u00e4rimm\u00e4isen veriset kolme minuuttia.<\/p>\n","protected":false},"excerpt":{"rendered":"Sony Pictures tykittelee oikein kunnolla tulevan Resident Evil -leffan tiimoilta. Weapons-ohjaaja Zach Creggerin uuden elokuvan tapahtumat sijoittuvat samaan&hellip;\n","protected":false},"author":2,"featured_media":340676,"comment_status":"","ping_status":"","sticky":false,"template":"","format":"standard","meta":{"footnotes":"","_share_on_mastodon":"0"},"categories":[131],"tags":[37560,155,137,33,173,31,30,3057,172,21583,32,109,11276],"class_list":["post-340675","post","type-post","status-publish","format-standard","has-post-thumbnail","category-elokuvat","tag-austin-abrams","tag-elokuvat","tag-entertainment","tag-fi","tag-film","tag-finland","tag-finnish","tag-kauhu","tag-movies","tag-resident-evil","tag-suomi","tag-viihde","tag-zach-cregger"],"share_on_mastodon":{"url":"https:\/\/pubeurope.com\/@fi\/117208972398249100","error":""},"_links":{"self":[{"href":"https:\/\/www.europesays.com\/fi\/wp-json\/wp\/v2\/posts\/340675","targetHints":{"allow":["GET"]}}],"collection":[{"href":"https:\/\/www.europesays.com\/fi\/wp-json\/wp\/v2\/posts"}],"about":[{"href":"https:\/\/www.europesays.com\/fi\/wp-json\/wp\/v2\/types\/post"}],"author":[{"embeddable":true,"href":"https:\/\/www.europesays.com\/fi\/wp-json\/wp\/v2\/users\/2"}],"replies":[{"embeddable":true,"href":"https:\/\/www.europesays.com\/fi\/wp-json\/wp\/v2\/comments?post=340675"}],"version-history":[{"count":0,"href":"https:\/\/www.europesays.com\/fi\/wp-json\/wp\/v2\/posts\/340675\/revisions"}],"wp:featuredmedia":[{"embeddable":true,"href":"https:\/\/www.europesays.com\/fi\/wp-json\/wp\/v2\/media\/340676"}],"wp:attachment":[{"href":"https:\/\/www.europesays.com\/fi\/wp-json\/wp\/v2\/media?parent=340675"}],"wp:term":[{"taxonomy":"category","embeddable":true,"href":"https:\/\/www.europesays.com\/fi\/wp-json\/wp\/v2\/categories?post=340675"},{"taxonomy":"post_tag","embeddable":true,"href":"https:\/\/www.europesays.com\/fi\/wp-json\/wp\/v2\/tags?post=340675"}],"curies":[{"name":"wp","href":"https:\/\/api.w.org\/{rel}","templated":true}]}}