{"id":340691,"date":"2026-09-03T20:42:17","date_gmt":"2026-09-03T20:42:17","guid":{"rendered":"https:\/\/www.europesays.com\/fi\/340691\/"},"modified":"2026-09-03T20:42:17","modified_gmt":"2026-09-03T20:42:17","slug":"lotta-harala-julkaisi-karun-kuvan","status":"publish","type":"post","link":"https:\/\/www.europesays.com\/fi\/340691\/","title":{"rendered":"Lotta Harala julkaisi karun kuvan"},"content":{"rendered":"<p>Lotta Harala julkaisi kuvan sairaalavuoteelta.<\/p>\n<p><img decoding=\"async\" class=\"image image-show image-preview\" src=\"https:\/\/www.europesays.com\/fi\/wp-content\/uploads\/2026\/09\/4bc9171387ff29d7c0d17e9b2e9e27569fb2c495292e6bf7484df038c14a6dfc.jpg\" alt=\"\"\/><img decoding=\"async\" class=\"image image-show\" src=\"https:\/\/www.europesays.com\/fi\/wp-content\/uploads\/2026\/09\/1788468137_44_4bc9171387ff29d7c0d17e9b2e9e27569fb2c495292e6bf7484df038c14a6dfc.jpg\" alt=\"\"\/><\/p>\n<p>Lotta Harala loukkaantui Ruotsi-ottelussa. Jenni G\u00e4stgivar<\/p>\n<p class=\"paragraph\">Ruotsi-ottelussa l\u00e4mmittelyss\u00e4 loukkaantunut Lotta Harala on k\u00e4ynyt leikkauksessa. Harala kertoi asiasta Instagramissa.<\/p>\n<p class=\"paragraph\">\u2013 Leikkaus on onnistuneesti ohi, h\u00e4n kirjoitti.<\/p>\n<p class=\"paragraph\">Harala kertoi, kuinka vakavan vamman h\u00e4n k\u00e4rsi ennen uransa viimeist\u00e4 starttia.<\/p>\n<p class=\"paragraph\">\u2013 Vasemman jalan akillesj\u00e4nne katkesi kokonaan poikki, h\u00e4n ilmoitti.<\/p>\n<p class=\"paragraph\">T\u00e4htiaituri kirjoitti, ettei muista loukkaantumishetkest\u00e4 juuri mit\u00e4\u00e4n. H\u00e4n muistaa hokeneensa, ett\u00e4 kykenee juoksemaan.<\/p>\n<p class=\"paragraph\">\u2013 No enp\u00e4 olisi pystynyt sitten mill\u00e4\u00e4n, h\u00e4n totesi.<\/p>\n<p class=\"paragraph\">Harala kirjoittaa, ett\u00e4 tuntee p\u00e4\u00e4llimm\u00e4isen\u00e4 kiitollisuutta. H\u00e4n kertoo saaneensa paljon kannustavia viestej\u00e4 ja kommentteja.<\/p>\n<p class=\"paragraph\">Uransa p\u00e4\u00e4tt\u00e4neell\u00e4 aiturilla menee hetki, ennen kuin p\u00e4\u00e4see kunnolla hikiliikunnan pariin.<\/p>\n<p class=\"paragraph\">\u2013 T\u00e4st\u00e4 alkaakin sitten vuoden mittainen kuntoutusprosessi. Erilainen uuden el\u00e4m\u00e4n aloitus kuin mit\u00e4 suunnittelin, mutta opettavainen sellainen taatusti edess\u00e4, h\u00e4n p\u00e4\u00e4tti.<\/p>\n<p>Harala p\u00e4\u00e4tti pitk\u00e4n ja ansiokkaan urheilu-uransa. kaisa vehkalahti<\/p>\n","protected":false},"excerpt":{"rendered":"Lotta Harala julkaisi kuvan sairaalavuoteelta. Lotta Harala loukkaantui Ruotsi-ottelussa. Jenni G\u00e4stgivar Ruotsi-ottelussa l\u00e4mmittelyss\u00e4 loukkaantunut Lotta Harala on k\u00e4ynyt&hellip;\n","protected":false},"author":2,"featured_media":340692,"comment_status":"","ping_status":"","sticky":false,"template":"","format":"standard","meta":{"footnotes":"","_share_on_mastodon":"0"},"categories":[136],"tags":[35,407,137,33,31,30,408,501,41,32,502,516,167,109],"class_list":["post-340691","post","type-post","status-publish","format-standard","has-post-thumbnail","category-julkkikset","tag-24h","tag-celebrities","tag-entertainment","tag-fi","tag-finland","tag-finnish","tag-julkkikset","tag-laakaripalvelut","tag-liikunta-ja-urheilu","tag-suomi","tag-terveydenhoito","tag-terveydenhoitoala","tag-terveys","tag-viihde"],"share_on_mastodon":{"url":"https:\/\/pubeurope.com\/@fi\/117209055472906685","error":""},"_links":{"self":[{"href":"https:\/\/www.europesays.com\/fi\/wp-json\/wp\/v2\/posts\/340691","targetHints":{"allow":["GET"]}}],"collection":[{"href":"https:\/\/www.europesays.com\/fi\/wp-json\/wp\/v2\/posts"}],"about":[{"href":"https:\/\/www.europesays.com\/fi\/wp-json\/wp\/v2\/types\/post"}],"author":[{"embeddable":true,"href":"https:\/\/www.europesays.com\/fi\/wp-json\/wp\/v2\/users\/2"}],"replies":[{"embeddable":true,"href":"https:\/\/www.europesays.com\/fi\/wp-json\/wp\/v2\/comments?post=340691"}],"version-history":[{"count":0,"href":"https:\/\/www.europesays.com\/fi\/wp-json\/wp\/v2\/posts\/340691\/revisions"}],"wp:featuredmedia":[{"embeddable":true,"href":"https:\/\/www.europesays.com\/fi\/wp-json\/wp\/v2\/media\/340692"}],"wp:attachment":[{"href":"https:\/\/www.europesays.com\/fi\/wp-json\/wp\/v2\/media?parent=340691"}],"wp:term":[{"taxonomy":"category","embeddable":true,"href":"https:\/\/www.europesays.com\/fi\/wp-json\/wp\/v2\/categories?post=340691"},{"taxonomy":"post_tag","embeddable":true,"href":"https:\/\/www.europesays.com\/fi\/wp-json\/wp\/v2\/tags?post=340691"}],"curies":[{"name":"wp","href":"https:\/\/api.w.org\/{rel}","templated":true}]}}