{"id":340695,"date":"2026-09-03T20:49:15","date_gmt":"2026-09-03T20:49:15","guid":{"rendered":"https:\/\/www.europesays.com\/fi\/340695\/"},"modified":"2026-09-03T20:49:15","modified_gmt":"2026-09-03T20:49:15","slug":"kasittamaton-kokoero-220-senttinen-nainen-saa-paat-kaantymaan","status":"publish","type":"post","link":"https:\/\/www.europesays.com\/fi\/340695\/","title":{"rendered":"K\u00e4sitt\u00e4m\u00e4t\u00f6n kokoero! 220-senttinen nainen saa p\u00e4\u00e4t k\u00e4\u00e4ntym\u00e4\u00e4n"},"content":{"rendered":"<p>Ziyu Zhang on vaikuttava ilmestys.<\/p>\n<p><img decoding=\"async\" class=\"image image-show image-preview\" src=\"https:\/\/www.europesays.com\/fi\/wp-content\/uploads\/2026\/09\/5209d225549f41084d54d2e243181d05c871bba63f35345c3b210bcb7492661d.jpg\" alt=\"\"\/><img decoding=\"async\" class=\"image image-show\" src=\"https:\/\/www.europesays.com\/fi\/wp-content\/uploads\/2026\/09\/1788468555_840_5209d225549f41084d54d2e243181d05c871bba63f35345c3b210bcb7492661d.jpg\" alt=\"\"\/><\/p>\n<p>Bethy Mununga n\u00e4ytt\u00e4\u00e4 pikkutyt\u00f6lt\u00e4 Ziyu Zhangin rinnalla. AOP<\/p>\n<p class=\"paragraph\">Kiinan koripallomaajoukkueessa on yksi pelaaja ylitse muiden: 19-vuotias <strong>Ziyu Zhang<\/strong> on kaksi tai kolme p\u00e4\u00e4t\u00e4 pidempi kuin joukkuetoverinsa.<\/p>\n<p class=\"paragraph\">Kansainv\u00e4lisen koripalloliiton mukaan kiinalaisella on mittaa 220 sentti\u00e4, mutta l\u00f6ytyy my\u00f6s tilastoja, joissa pituudeksi on merkattu 226 sentti\u00e4.<\/p>\n<p class=\"paragraph\">Tammikuussa 2026 uutisoitiin, ett\u00e4 Ziyu Zhang on maailman pisin nainen.<\/p>\n<p class=\"paragraph\">Vertailun vuoksi esimerkiksi Susijengin pisin pelaaja <strong>Lauri Markkanen<\/strong> on \u201dvain\u201d 213 sentti\u00e4 pitk\u00e4.<\/p>\n<p class=\"paragraph\">Bleachert Reportin mukaan koko NBA:n pisin pelaaja <strong>Jamarion Sharpkin<\/strong> on vain 226 sentti\u00e4 eli mahdollisesti yht\u00e4 pitk\u00e4 kuin Ziyu Zhang.<\/p>\n<p class=\"paragraph\">Naisten koripallon MM-kisat j\u00e4rjestet\u00e4\u00e4n Berliiniss\u00e4 4.9.\u201313.9. Kiina aloittaa urakkansa D-lohkossa heti kisojen avausp\u00e4iv\u00e4n\u00e4 Yhdysvaltoja vastaan kello 15.15.<\/p>\n<p class=\"paragraph\">Samassa lohkossa jatkopaikasta taistelevat my\u00f6s Italia ja T\u0161ekki.<\/p>\n<p>Zhang Ziyu erottui massasta jo pari vuotta sitten alle 18-vuotiaiden maajoukkueessa. AOP<\/p>\n","protected":false},"excerpt":{"rendered":"Ziyu Zhang on vaikuttava ilmestys. Bethy Mununga n\u00e4ytt\u00e4\u00e4 pikkutyt\u00f6lt\u00e4 Ziyu Zhangin rinnalla. AOP Kiinan koripallomaajoukkueessa on yksi pelaaja&hellip;\n","protected":false},"author":2,"featured_media":340696,"comment_status":"","ping_status":"","sticky":false,"template":"","format":"standard","meta":{"footnotes":"","_share_on_mastodon":"0"},"categories":[158],"tags":[35,722,33,31,30,3288,41,159,32,160,2957,161],"class_list":["post-340695","post","type-post","status-publish","format-standard","has-post-thumbnail","category-urheilu","tag-24h","tag-amerikka","tag-fi","tag-finland","tag-finnish","tag-koripalloilu","tag-liikunta-ja-urheilu","tag-sports","tag-suomi","tag-urheilu","tag-urheilujarjestot","tag-urheilutapahtumat"],"share_on_mastodon":{"url":"https:\/\/pubeurope.com\/@fi\/117209083036657700","error":""},"_links":{"self":[{"href":"https:\/\/www.europesays.com\/fi\/wp-json\/wp\/v2\/posts\/340695","targetHints":{"allow":["GET"]}}],"collection":[{"href":"https:\/\/www.europesays.com\/fi\/wp-json\/wp\/v2\/posts"}],"about":[{"href":"https:\/\/www.europesays.com\/fi\/wp-json\/wp\/v2\/types\/post"}],"author":[{"embeddable":true,"href":"https:\/\/www.europesays.com\/fi\/wp-json\/wp\/v2\/users\/2"}],"replies":[{"embeddable":true,"href":"https:\/\/www.europesays.com\/fi\/wp-json\/wp\/v2\/comments?post=340695"}],"version-history":[{"count":0,"href":"https:\/\/www.europesays.com\/fi\/wp-json\/wp\/v2\/posts\/340695\/revisions"}],"wp:featuredmedia":[{"embeddable":true,"href":"https:\/\/www.europesays.com\/fi\/wp-json\/wp\/v2\/media\/340696"}],"wp:attachment":[{"href":"https:\/\/www.europesays.com\/fi\/wp-json\/wp\/v2\/media?parent=340695"}],"wp:term":[{"taxonomy":"category","embeddable":true,"href":"https:\/\/www.europesays.com\/fi\/wp-json\/wp\/v2\/categories?post=340695"},{"taxonomy":"post_tag","embeddable":true,"href":"https:\/\/www.europesays.com\/fi\/wp-json\/wp\/v2\/tags?post=340695"}],"curies":[{"name":"wp","href":"https:\/\/api.w.org\/{rel}","templated":true}]}}