{"id":340703,"date":"2026-09-03T20:55:12","date_gmt":"2026-09-03T20:55:12","guid":{"rendered":"https:\/\/www.europesays.com\/fi\/340703\/"},"modified":"2026-09-03T20:55:12","modified_gmt":"2026-09-03T20:55:12","slug":"eero-heinaluoma-laittoi-hitas-asuntonsa-myyntiin-valittajalta-kova-vihjaus-ostajalle-mietipa-tata","status":"publish","type":"post","link":"https:\/\/www.europesays.com\/fi\/340703\/","title":{"rendered":"Eero Hein\u00e4luoma laittoi Hitas-asuntonsa myyntiin \u2013 V\u00e4litt\u00e4j\u00e4lt\u00e4 kova vihjaus ostajalle: &#8221;Mietip\u00e4 t\u00e4t\u00e4&#8221;"},"content":{"rendered":"<p>Europarlamentaarikko Eero Hein\u00e4luoma (sd) myy Myllypurossa sijaitsevaa Hitas-asuntoaan 394 000 eurolla.<\/p>\n<p><img decoding=\"async\" class=\"image image-show image-preview\" src=\"https:\/\/www.europesays.com\/fi\/wp-content\/uploads\/2026\/09\/06de3409b892166085736cece48c285416e2bdef035a2f6db5e4598f1272e74c.jpg\" alt=\"\"\/><img decoding=\"async\" class=\"image image-show\" src=\"https:\/\/www.europesays.com\/fi\/wp-content\/uploads\/2026\/09\/1788468912_664_06de3409b892166085736cece48c285416e2bdef035a2f6db5e4598f1272e74c.jpg\" alt=\"\"\/><\/p>\n<p>SDP:n europarlamentaarikko Eero Hein\u00e4luoma laittoi Hitas-asuntonsa myyntiin. Inka Soveri<\/p>\n<p class=\"paragraph\">Europarlamentaarikko <strong>Eero Hein\u00e4luoma<\/strong> (sd) myy puolisonsa kanssa omistamaansa Hitas-asuntoa Helsingin Myllypurossa.<\/p>\n<p class=\"paragraph\">124-neli\u00f6isen asunnon hintapyynt\u00f6 on 394 000 euroa. Viidennen kerroksen asunto on valmistunut vuonna 2009.<\/p>\n<p class=\"paragraph\">Asunnon yhti\u00f6vastike on 806,50 euroa ja vesimaksu 29 euroa kuukaudessa.<\/p>\n<p class=\"paragraph\">Asunto on <a href=\"https:\/\/asunnot.oikotie.fi\/myytavat-asunnot\/helsinki\/24665665\" target=\"_blank\" rel=\"noopener nofollow\">myynniss\u00e4<\/a> Oikotiell\u00e4.<\/p>\n<p class=\"paragraph\">Iltalehti ei ole tavoittanut Hein\u00e4luomaa kommentoimaan asiaa.<\/p>\n<p>V\u00e4litt\u00e4j\u00e4: \u201dSopii yritt\u00e4j\u00e4lle\u201d<\/p>\n<p class=\"paragraph\">Asuntoa myyv\u00e4 kiinteist\u00f6nv\u00e4litt\u00e4j\u00e4 kuvailee Myllypuroa \u201dId\u00e4n t\u00e4hdeksi\u201d.<\/p>\n<p class=\"paragraph\">V\u00e4litt\u00e4j\u00e4n mukaan kaupunginosa \u201dkauhoo iloisesti vastavirtaan\u201d asuntomarkkinoilla.<\/p>\n<p class=\"paragraph\">\u2013 Se on Lauttasaaren ja T\u00f6\u00f6l\u00f6n lis\u00e4ksi yksi niist\u00e4 kolmesta Helsingin kaupunginosasta, jossa asuntojen hinnat ovat vaikeina aikoina pit\u00e4neet pintansa ja l\u00e4hteneet t\u00e4n\u00e4 vuonna jopa nousuun, h\u00e4n toteaa asunnon myynti-ilmoituksessa.<\/p>\n<p class=\"paragraph\">V\u00e4litt\u00e4j\u00e4n mukaan \u201duniikki\u201d asunto tarjoaa valoa, tilaa, rauhaa ja kymmeniksi vuosiksi huoletonta asumista lapsiyst\u00e4v\u00e4llisess\u00e4 ja turvallisessa ymp\u00e4rist\u00f6ss\u00e4.<\/p>\n<p class=\"paragraph\">V\u00e4litt\u00e4j\u00e4n mukaan asunto sopisi erityisen hyvin et\u00e4t\u00f6it\u00e4 tekev\u00e4lle tai yritt\u00e4j\u00e4lle.<\/p>\n<p class=\"paragraph\">\u2013 Yhteen asunnon huoneista on oma sis\u00e4\u00e4nk\u00e4ynti ja \u2013 mik\u00e4 parasta \u2013 huoneen yhteydess\u00e4 on todella iso varastohuone.<\/p>\n<p class=\"paragraph\">V\u00e4litt\u00e4j\u00e4n mukaan \u201dparaatipaikalla\u201d sijaitsevan asunnon sijainti on \u201dtodellista luksusta\u201d.<\/p>\n<p class=\"paragraph\">\u2013 Kaupat, metro, terveysasema, Liikunta-Mylly ja muut kaipaamasi palvelut sijaitsevat minuutin k\u00e4velymatkan p\u00e4\u00e4ss\u00e4.<\/p>\n<p>Vihjaus huimasta myyntivoitosta<\/p>\n<p class=\"paragraph\">Ilmoituksen lopuksi v\u00e4litt\u00e4j\u00e4 vihjaa, ett\u00e4 asunnosta voi saada jopa 100 000 euron myyntivoiton.<\/p>\n<p class=\"paragraph\">\u2013 P.S. Mietip\u00e4 t\u00e4t\u00e4; hitas-enimm\u00e4ishinta t\u00e4lle asunnolle on 100.000 euroa korkeampi kuin hintapyynt\u00f6mme.<\/p>\n<p class=\"paragraph\">Iltalehden kes\u00e4kuussa julkaiseman <a href=\"https:\/\/www.iltalehti.fi\/politiikka\/ae5fd066-87ca-4dec-9c00-74b6cf2e906e\" rel=\"nofollow noopener\" target=\"_blank\">Hitas-selvityksen<\/a> perusteella Eero Hein\u00e4luoma ja h\u00e4nen tytt\u00e4rens\u00e4, kansanedustaja <strong>Eveliina Hein\u00e4luoma<\/strong> (sd) omistavat useita Hitas-asuntoja Myllypurosta.<\/p>\n<p class=\"paragraph\">Eero Hein\u00e4luoma omistaa samasta taloyhti\u00f6st\u00e4 kolme Hitas-asuntoa. 124 neli\u00f6n, 104 neli\u00f6n ja 92 neli\u00f6n asunnot ovat kaikki perheasuntoja. Pienimm\u00e4n asunnon Hein\u00e4luoma omistaa yhdess\u00e4 kansanedustajatytt\u00e4rens\u00e4 kanssa.<\/p>\n<p class=\"paragraph\">My\u00f6s Eveliina Hein\u00e4luoma omistaa kolme Hitas-asuntoa. Is\u00e4ns\u00e4 kanssa omistamansa 92-neli\u00f6isen asunnon lis\u00e4ksi h\u00e4n omistaa samasta taloyhti\u00f6st\u00e4 74-neli\u00f6isen kaksion, joka on vuokralla. Toisessa taloyhti\u00f6ss\u00e4 on 89-neli\u00f6inen perheasunto, jonka Eveliina Hein\u00e4luoma omistaa puolisonsa kanssa.<\/p>\n<p class=\"paragraph\">Juttua korjattu 3.9. klo 20.01: Asunnon hintapyynt\u00f6 on 394 000 euroa, ei 349 00 euroa, kuten jutussa aiemmin virheellisesti luki.<\/p>\n","protected":false},"excerpt":{"rendered":"Europarlamentaarikko Eero Hein\u00e4luoma (sd) myy Myllypurossa sijaitsevaa Hitas-asuntoaan 394 000 eurolla. SDP:n europarlamentaarikko Eero Hein\u00e4luoma laittoi Hitas-asuntonsa myyntiin.&hellip;\n","protected":false},"author":2,"featured_media":340704,"comment_status":"","ping_status":"","sticky":false,"template":"","format":"standard","meta":{"footnotes":"","_share_on_mastodon":"0"},"categories":[12],"tags":[35,36,542,22,23,26,27,33,31,30,17,545,3081,24,25,28,29,15,18,21,637,32,19,20,16],"class_list":["post-340703","post","type-post","status-publish","format-standard","has-post-thumbnail","category-suomi","tag-24h","tag-asuintalot-ja-asunnot","tag-asuminen","tag-breaking-news","tag-breakingnews","tag-featured-news","tag-featurednews","tag-fi","tag-finland","tag-finnish","tag-headlines","tag-huoneistot","tag-kiinteistot","tag-latest-news","tag-latestnews","tag-main-news","tag-mainnews","tag-news","tag-otsikot","tag-paauutiset","tag-politiikka","tag-suomi","tag-top-stories","tag-topstories","tag-uutiset"],"share_on_mastodon":{"url":"https:\/\/pubeurope.com\/@fi\/117209106672473262","error":""},"_links":{"self":[{"href":"https:\/\/www.europesays.com\/fi\/wp-json\/wp\/v2\/posts\/340703","targetHints":{"allow":["GET"]}}],"collection":[{"href":"https:\/\/www.europesays.com\/fi\/wp-json\/wp\/v2\/posts"}],"about":[{"href":"https:\/\/www.europesays.com\/fi\/wp-json\/wp\/v2\/types\/post"}],"author":[{"embeddable":true,"href":"https:\/\/www.europesays.com\/fi\/wp-json\/wp\/v2\/users\/2"}],"replies":[{"embeddable":true,"href":"https:\/\/www.europesays.com\/fi\/wp-json\/wp\/v2\/comments?post=340703"}],"version-history":[{"count":0,"href":"https:\/\/www.europesays.com\/fi\/wp-json\/wp\/v2\/posts\/340703\/revisions"}],"wp:featuredmedia":[{"embeddable":true,"href":"https:\/\/www.europesays.com\/fi\/wp-json\/wp\/v2\/media\/340704"}],"wp:attachment":[{"href":"https:\/\/www.europesays.com\/fi\/wp-json\/wp\/v2\/media?parent=340703"}],"wp:term":[{"taxonomy":"category","embeddable":true,"href":"https:\/\/www.europesays.com\/fi\/wp-json\/wp\/v2\/categories?post=340703"},{"taxonomy":"post_tag","embeddable":true,"href":"https:\/\/www.europesays.com\/fi\/wp-json\/wp\/v2\/tags?post=340703"}],"curies":[{"name":"wp","href":"https:\/\/api.w.org\/{rel}","templated":true}]}}