{"id":340705,"date":"2026-09-03T20:56:12","date_gmt":"2026-09-03T20:56:12","guid":{"rendered":"https:\/\/www.europesays.com\/fi\/340705\/"},"modified":"2026-09-03T20:56:12","modified_gmt":"2026-09-03T20:56:12","slug":"zelenskyi-toivoo-yhdysvaltojen-neuvottelijoita-kiovaan","status":"publish","type":"post","link":"https:\/\/www.europesays.com\/fi\/340705\/","title":{"rendered":"Zelenskyi toivoo Yhdysvaltojen neuvottelijoita Kiovaan"},"content":{"rendered":"<p><strong class=\"typography-bold\">Yhdysvallat on vahvistanut Zelenskyin mukaan l\u00e4hettil\u00e4idens\u00e4 tulon.<\/strong><\/p>\n<p>Ukrainan presidentti <strong class=\"typography-bold\">Volodymyr Zelenskyi<\/strong> toivoo saavansa ottaa Kiovassa vastaan Yhdysvaltain presidentti <strong class=\"typography-bold\">Donald Trumpin<\/strong> edustajat l\u00e4hip\u00e4ivien aikana.<\/p>\n<p>Zelenskyi sanoi p\u00e4ivitt\u00e4isess\u00e4 puheessaan, ett\u00e4 Yhdysvallat on vahvistanut l\u00e4hettil\u00e4idens\u00e4 tulon.<\/p>\n<p>Trumpin edustajat <strong class=\"typography-bold\">Jared Kushner<\/strong> ja <strong class=\"typography-bold\">Steve Witkoff<\/strong> ovat rauhanhierontamatkoillaan vierailleet Moskovassa monta kertaa, mutta eiv\u00e4t ole viel\u00e4 kertaakaan matkustaneet Kiovaan.<\/p>\n","protected":false},"excerpt":{"rendered":"Yhdysvallat on vahvistanut Zelenskyin mukaan l\u00e4hettil\u00e4idens\u00e4 tulon. Ukrainan presidentti Volodymyr Zelenskyi toivoo saavansa ottaa Kiovassa vastaan Yhdysvaltain presidentti&hellip;\n","protected":false},"author":2,"featured_media":340706,"comment_status":"","ping_status":"","sticky":false,"template":"","format":"standard","meta":{"footnotes":"","_share_on_mastodon":"0"},"categories":[5],"tags":[22,23,26,27,33,31,30,17,24,25,28,29,15,18,21,32,19,20,16],"class_list":["post-340705","post","type-post","status-publish","format-standard","has-post-thumbnail","category-otsikot","tag-breaking-news","tag-breakingnews","tag-featured-news","tag-featurednews","tag-fi","tag-finland","tag-finnish","tag-headlines","tag-latest-news","tag-latestnews","tag-main-news","tag-mainnews","tag-news","tag-otsikot","tag-paauutiset","tag-suomi","tag-top-stories","tag-topstories","tag-uutiset"],"share_on_mastodon":{"url":"https:\/\/pubeurope.com\/@fi\/117209109863452534","error":""},"_links":{"self":[{"href":"https:\/\/www.europesays.com\/fi\/wp-json\/wp\/v2\/posts\/340705","targetHints":{"allow":["GET"]}}],"collection":[{"href":"https:\/\/www.europesays.com\/fi\/wp-json\/wp\/v2\/posts"}],"about":[{"href":"https:\/\/www.europesays.com\/fi\/wp-json\/wp\/v2\/types\/post"}],"author":[{"embeddable":true,"href":"https:\/\/www.europesays.com\/fi\/wp-json\/wp\/v2\/users\/2"}],"replies":[{"embeddable":true,"href":"https:\/\/www.europesays.com\/fi\/wp-json\/wp\/v2\/comments?post=340705"}],"version-history":[{"count":0,"href":"https:\/\/www.europesays.com\/fi\/wp-json\/wp\/v2\/posts\/340705\/revisions"}],"wp:featuredmedia":[{"embeddable":true,"href":"https:\/\/www.europesays.com\/fi\/wp-json\/wp\/v2\/media\/340706"}],"wp:attachment":[{"href":"https:\/\/www.europesays.com\/fi\/wp-json\/wp\/v2\/media?parent=340705"}],"wp:term":[{"taxonomy":"category","embeddable":true,"href":"https:\/\/www.europesays.com\/fi\/wp-json\/wp\/v2\/categories?post=340705"},{"taxonomy":"post_tag","embeddable":true,"href":"https:\/\/www.europesays.com\/fi\/wp-json\/wp\/v2\/tags?post=340705"}],"curies":[{"name":"wp","href":"https:\/\/api.w.org\/{rel}","templated":true}]}}