{"id":340719,"date":"2026-09-03T21:20:09","date_gmt":"2026-09-03T21:20:09","guid":{"rendered":"https:\/\/www.europesays.com\/fi\/340719\/"},"modified":"2026-09-03T21:20:09","modified_gmt":"2026-09-03T21:20:09","slug":"psykiatri-varoittaa-trumpin-henkinen-tila-ja-paasy-ydinaseisiin-on-vaarallinen-yhdistelma","status":"publish","type":"post","link":"https:\/\/www.europesays.com\/fi\/340719\/","title":{"rendered":"Psykiatri varoittaa: Trumpin henkinen tila ja p\u00e4\u00e4sy ydinaseisiin on vaarallinen yhdistelm\u00e4"},"content":{"rendered":"<p>Joukko l\u00e4\u00e4k\u00e4reit\u00e4 vaati jo kev\u00e4\u00e4ll\u00e4 Trumpin erottamista.<\/p>\n<p><img decoding=\"async\" src=\"https:\/\/www.europesays.com\/fi\/wp-content\/uploads\/2026\/09\/1788470409_950_468.jpg\" alt=\"Presidentti Donald Trump puhui keskiviikkona republikaanien kongressiedustajille Valkoisessa talossa.\" class=\"_Img_1rerz_1\" style=\"aspect-ratio:1920\/1280\" loading=\"eager\"\/><\/p>\n<p class=\"font-(family-name:--picture-caption-font-family) text-(length:--picture-caption-font-size) leading-(--picture-caption-leading) font-(--picture-caption-font-weight) text-(color:--picture-caption-color)\">Presidentti Donald Trump puhui keskiviikkona republikaanien kongressiedustajille Valkoisessa talossa. Kuva:\u00a0Samuel Corum \/ CNP \/ ZUMA \/ MVphotos<\/p>\n<p>3.9. 23:15<\/p>\n<p class=\"article-body mb-(--paragraph-margin-b) px-nof-16\">Psykiatrian tutkijan mielest\u00e4 presidentti <a class=\"font-bold underline-offset-[0.12em] [text-decoration:var(--person-link-text-decoration)] [text-decoration-color:var(--person-link-text-decoration-color)]!\" href=\"https:\/\/www.is.fi\/haku\/?query=Donald%20Trumpin\" rel=\"nofollow noopener\" target=\"_blank\">Donald Trumpin<\/a> henkinen tila ja p\u00e4\u00e4sy ydinaseisiin on tehnyt Trumpista \u201dvaarallisemman\u201d.<\/p>\n<p class=\"article-body mb-(--paragraph-margin-b) px-nof-16\">Toukokuussa<a class=\"underline underline-offset-[0.12em] [text-decoration-thickness:var(--generic-link-underline-thickness)] [text-decoration-color:var(--generic-link-underline-color)] [text-decoration-skip-ink:var(--generic-link-underline-skip-ink)] break-words\" href=\"https:\/\/www.independent.co.uk\/us\/trump-health-issues-doctors-hospital-experts-intervention-b2975777.html\" rel=\"nofollow noopener\" target=\"_blank\"> uutisoitiin<\/a>, ett\u00e4 36 yhdysvaltalaista l\u00e4\u00e4k\u00e4ri\u00e4 oli allekirjoittanut lausunnon, jonka mukaan presidentti Trump ei ole henkisesti kykenev\u00e4 suoriutumaan teht\u00e4vist\u00e4\u00e4n.<\/p>\n<p class=\"article-body mb-(--paragraph-margin-b) px-nof-16\">Lausunnossa vaadittiin Trumpin erottamista virastaan v\u00e4litt\u00f6m\u00e4sti.<\/p>\n<p class=\"article-body mb-(--paragraph-margin-b) px-nof-16\">Trumpin k\u00e4yt\u00f6ksen todettiin edellisen vuoden aikana ilment\u00e4neen \u201dselv\u00e4sti n\u00e4ht\u00e4vi\u00e4 merkkej\u00e4 vakavista terveydellisist\u00e4 huolista\u201d.<\/p>\n<p class=\"article-body mb-(--paragraph-margin-b) px-nof-16\">Yksi allekirjoittajista oli psykiatrian emeritusprofessori <a class=\"font-bold underline-offset-[0.12em] [text-decoration:var(--person-link-text-decoration)] [text-decoration-color:var(--person-link-text-decoration-color)]!\" href=\"https:\/\/www.is.fi\/haku\/?query=Henry%20David%20Abraham\" rel=\"nofollow noopener\" target=\"_blank\">Henry David Abraham<\/a>. H\u00e4n kuuluu Kansainv\u00e4liseen l\u00e4\u00e4k\u00e4rij\u00e4rjest\u00f6\u00f6n ydinsodan ehk\u00e4isemiseksi (IPPNW), joka palkittiin vuonna 1985 Nobelin rauhanpalkinnolla.<\/p>\n<p class=\"article-body mb-(--paragraph-margin-b) px-nof-16\">Abrahamin mielest\u00e4 tilanne on muuttunut kev\u00e4\u00e4n j\u00e4lkeen huonommaksi, kertoo <a class=\"underline underline-offset-[0.12em] [text-decoration-thickness:var(--generic-link-underline-thickness)] [text-decoration-color:var(--generic-link-underline-color)] [text-decoration-skip-ink:var(--generic-link-underline-skip-ink)] break-words\" href=\"https:\/\/www.independent.co.uk\/news\/world\/americas\/us-politics\/trump-mental-health-warning-henry-abraham-nobel-winner-b3044112.html\" rel=\"nofollow noopener\" target=\"_blank\">The Independent<\/a>.<\/p>\n<p class=\"article-body mb-(--paragraph-margin-b) px-nof-16\">\u2013 Kyll\u00e4, jos mahdollista niin huonommaksi. Tarkoitan, ett\u00e4 jos lentoyhti\u00f6n lent\u00e4j\u00e4ll\u00e4 olisi edes puolet niist\u00e4 oireista, joita Yhdysvaltain presidentill\u00e4 on, emme p\u00e4\u00e4st\u00e4isi h\u00e4nt\u00e4 lentokoneeseen emmek\u00e4 todellakaan haluaisi lent\u00e4\u00e4 h\u00e4nen kyydiss\u00e4\u00e4n, sanoi Abraham liberaalin <a class=\"underline underline-offset-[0.12em] [text-decoration-thickness:var(--generic-link-underline-thickness)] [text-decoration-color:var(--generic-link-underline-color)] [text-decoration-skip-ink:var(--generic-link-underline-skip-ink)] break-words\" href=\"https:\/\/youtube.com\/watch?v=jxll3MXRUZ0&amp;utm\" rel=\"nofollow noopener\" target=\"_blank\">SiriusXM-kanavan<\/a> haastattallussa t\u00e4ll\u00e4 viikolla-h\u00e4n lis\u00e4si.<\/p>\n<p class=\"article-body mb-(--paragraph-margin-b) px-nof-16\">\u2013 Siin\u00e4 ei ole mit\u00e4\u00e4n j\u00e4rke\u00e4, ja silti meill\u00e4 on j\u00e4rjestelm\u00e4, joka verhoaa presidentin terveydentilan salaisuuden verhon taakse.<\/p>\n<p class=\"article-body mb-(--paragraph-margin-b) px-nof-16\">Abraham vaatii lis\u00e4\u00e4 avoimuutta presidentin terveydentilasta ja varoitti, ett\u00e4 panokset ovat poikkeuksellisen korkeat, kun presidentin komennossa on tuhansien ydink\u00e4rkien arsenaali.<\/p>\n<p class=\"article-body mb-(--paragraph-margin-b) px-nof-16\">\u2013 Kun yhdell\u00e4 ihmisell\u00e4 on yksinomainen p\u00e4\u00e4sy ydinasearsenaaliin, se on j\u00e4rjet\u00f6nt\u00e4 \u2013 ja juuri n\u00e4in me toimimme. Uskon, ett\u00e4 vaara Donald Trumpin ydinaseen k\u00e4yt\u00f6st\u00e4 kiukunpuuskassa, raivon, sekavuuden tai heikon impulssikontrollin seurauksena on nyt suurempi kuin koskaan aiemmin. Niinp\u00e4 kyll\u00e4, h\u00e4n on vaarallisempi.<\/p>\n<p class=\"article-body mb-(--paragraph-margin-b) px-nof-16\">Abraham v\u00e4itti lis\u00e4ksi, ett\u00e4 Trump voisi her\u00e4t\u00e4 keskell\u00e4 y\u00f6t\u00e4 ja p\u00e4\u00e4tt\u00e4\u00e4 lopettaa k\u00e4ynniss\u00e4 olevan Iranin sodan \u201dkymmeness\u00e4 sekunnissa\u201d tarttumalla niin sanottuun ydinasesalkkuun.<\/p>\n","protected":false},"excerpt":{"rendered":"Joukko l\u00e4\u00e4k\u00e4reit\u00e4 vaati jo kev\u00e4\u00e4ll\u00e4 Trumpin erottamista. Presidentti Donald Trump puhui keskiviikkona republikaanien kongressiedustajille Valkoisessa talossa. Kuva:\u00a0Samuel Corum&hellip;\n","protected":false},"author":2,"featured_media":340720,"comment_status":"","ping_status":"","sticky":false,"template":"","format":"standard","meta":{"footnotes":"","_share_on_mastodon":"0"},"categories":[14],"tags":[22,23,26,27,33,31,30,17,34,24,25,28,29,15,18,21,32,19,20,56,16,59,60,61],"class_list":["post-340719","post","type-post","status-publish","format-standard","has-post-thumbnail","category-ulkomaat","tag-breaking-news","tag-breakingnews","tag-featured-news","tag-featurednews","tag-fi","tag-finland","tag-finnish","tag-headlines","tag-ilta-sanomat","tag-latest-news","tag-latestnews","tag-main-news","tag-mainnews","tag-news","tag-otsikot","tag-paauutiset","tag-suomi","tag-top-stories","tag-topstories","tag-ulkomaat","tag-uutiset","tag-world","tag-world-news","tag-worldnews"],"share_on_mastodon":{"url":"https:\/\/pubeurope.com\/@fi\/117209204835898453","error":""},"_links":{"self":[{"href":"https:\/\/www.europesays.com\/fi\/wp-json\/wp\/v2\/posts\/340719","targetHints":{"allow":["GET"]}}],"collection":[{"href":"https:\/\/www.europesays.com\/fi\/wp-json\/wp\/v2\/posts"}],"about":[{"href":"https:\/\/www.europesays.com\/fi\/wp-json\/wp\/v2\/types\/post"}],"author":[{"embeddable":true,"href":"https:\/\/www.europesays.com\/fi\/wp-json\/wp\/v2\/users\/2"}],"replies":[{"embeddable":true,"href":"https:\/\/www.europesays.com\/fi\/wp-json\/wp\/v2\/comments?post=340719"}],"version-history":[{"count":0,"href":"https:\/\/www.europesays.com\/fi\/wp-json\/wp\/v2\/posts\/340719\/revisions"}],"wp:featuredmedia":[{"embeddable":true,"href":"https:\/\/www.europesays.com\/fi\/wp-json\/wp\/v2\/media\/340720"}],"wp:attachment":[{"href":"https:\/\/www.europesays.com\/fi\/wp-json\/wp\/v2\/media?parent=340719"}],"wp:term":[{"taxonomy":"category","embeddable":true,"href":"https:\/\/www.europesays.com\/fi\/wp-json\/wp\/v2\/categories?post=340719"},{"taxonomy":"post_tag","embeddable":true,"href":"https:\/\/www.europesays.com\/fi\/wp-json\/wp\/v2\/tags?post=340719"}],"curies":[{"name":"wp","href":"https:\/\/api.w.org\/{rel}","templated":true}]}}