{"id":340721,"date":"2026-09-03T21:21:09","date_gmt":"2026-09-03T21:21:09","guid":{"rendered":"https:\/\/www.europesays.com\/fi\/340721\/"},"modified":"2026-09-03T21:21:09","modified_gmt":"2026-09-03T21:21:09","slug":"yle-tuhansia-kuolleita-kaloja-loydetty-jarvesta-luumaella","status":"publish","type":"post","link":"https:\/\/www.europesays.com\/fi\/340721\/","title":{"rendered":"Yle: Tuhansia kuolleita kaloja l\u00f6ydetty j\u00e4rvest\u00e4 Luum\u00e4ell\u00e4"},"content":{"rendered":"<p>Syyt\u00e4 selvitet\u00e4\u00e4n.<\/p>\n<p>3.9. 23:08<\/p>\n<p class=\"article-body mb-(--paragraph-margin-b) px-nof-16\">Elo-syyskuun vaihteessa Urpalonj\u00e4rvell\u00e4 Etel\u00e4-Karjalassa on havaittu paljon kuolleita kaloja, <a class=\"underline underline-offset-[0.12em] [text-decoration-thickness:var(--generic-link-underline-thickness)] [text-decoration-color:var(--generic-link-underline-color)] [text-decoration-skip-ink:var(--generic-link-underline-skip-ink)] break-words\" href=\"https:\/\/yle.fi\/a\/74-20244376\" rel=\"nofollow noopener\" target=\"_blank\">kertoo Yle<\/a>.<\/p>\n<p class=\"article-body mb-(--paragraph-margin-b) px-nof-16\">Luum\u00e4en kunnan ymp\u00e4rist\u00f6suojelusihteeri <a class=\"font-bold underline-offset-[0.12em] [text-decoration:var(--person-link-text-decoration)] [text-decoration-color:var(--person-link-text-decoration-color)]!\" href=\"https:\/\/www.is.fi\/haku\/?query=Juha%20Tervosen\" rel=\"nofollow noopener\" target=\"_blank\">Juha Tervosen<\/a> mukaan kuolleita kaloja on ollut tuhansia. Tervonen kertoo Ylelle, ett\u00e4 kuolleiden kalojen joukossa on kaikkia lajeja, joita j\u00e4rvess\u00e4 esiintyy.<\/p>\n<p class=\"article-body mb-(--paragraph-margin-b) px-nof-16\">Tervosen mukaan j\u00e4rven rannoilla vuosikymmeni\u00e4 asuneet eiv\u00e4t ole n\u00e4hneet vastaavaa ennen.<\/p>\n<p class=\"article-body mb-(--paragraph-margin-b) px-nof-16\">Luum\u00e4en kunnassa kalojen joukkokuolemaa luonnehditaan luonnonkatastrofiksi. Kuolleita kaloja on l\u00e4hetetty tutkittavaksi Ruokavirastolle. Tulosten valmistuminen voi kest\u00e4\u00e4 useita viikkoja. Urpalonj\u00e4rvest\u00e4 on otettu vesin\u00e4ytteit\u00e4.<\/p>\n<p class=\"article-body mb-(--paragraph-margin-b) px-nof-16\">Kunta poistaa t\u00e4ll\u00e4 hetkell\u00e4 kuolleita kaloja j\u00e4rvest\u00e4 yhdess\u00e4 paikallisten vesiosakaskuntien kanssa.<\/p>\n<p class=\"article-body mb-(--paragraph-margin-b) px-nof-16\">Luum\u00e4en ymp\u00e4rist\u00f6nsuojelu kehottaa toistaiseksi v\u00e4ltt\u00e4m\u00e4\u00e4n Urpalonj\u00e4rven veden k\u00e4ytt\u00e4mist\u00e4 talous- tai pesuveten\u00e4 sek\u00e4 uimista j\u00e4rvess\u00e4.<\/p>\n","protected":false},"excerpt":{"rendered":"Syyt\u00e4 selvitet\u00e4\u00e4n. 3.9. 23:08 Elo-syyskuun vaihteessa Urpalonj\u00e4rvell\u00e4 Etel\u00e4-Karjalassa on havaittu paljon kuolleita kaloja, kertoo Yle. Luum\u00e4en kunnan ymp\u00e4rist\u00f6suojelusihteeri&hellip;\n","protected":false},"author":2,"featured_media":340722,"comment_status":"","ping_status":"","sticky":false,"template":"","format":"standard","meta":{"footnotes":"","_share_on_mastodon":"0"},"categories":[12],"tags":[22,23,26,27,33,31,30,17,34,24,25,28,29,15,18,21,32,19,20,16],"class_list":["post-340721","post","type-post","status-publish","format-standard","has-post-thumbnail","category-suomi","tag-breaking-news","tag-breakingnews","tag-featured-news","tag-featurednews","tag-fi","tag-finland","tag-finnish","tag-headlines","tag-ilta-sanomat","tag-latest-news","tag-latestnews","tag-main-news","tag-mainnews","tag-news","tag-otsikot","tag-paauutiset","tag-suomi","tag-top-stories","tag-topstories","tag-uutiset"],"share_on_mastodon":{"url":"https:\/\/pubeurope.com\/@fi\/117209208451306912","error":""},"_links":{"self":[{"href":"https:\/\/www.europesays.com\/fi\/wp-json\/wp\/v2\/posts\/340721","targetHints":{"allow":["GET"]}}],"collection":[{"href":"https:\/\/www.europesays.com\/fi\/wp-json\/wp\/v2\/posts"}],"about":[{"href":"https:\/\/www.europesays.com\/fi\/wp-json\/wp\/v2\/types\/post"}],"author":[{"embeddable":true,"href":"https:\/\/www.europesays.com\/fi\/wp-json\/wp\/v2\/users\/2"}],"replies":[{"embeddable":true,"href":"https:\/\/www.europesays.com\/fi\/wp-json\/wp\/v2\/comments?post=340721"}],"version-history":[{"count":0,"href":"https:\/\/www.europesays.com\/fi\/wp-json\/wp\/v2\/posts\/340721\/revisions"}],"wp:featuredmedia":[{"embeddable":true,"href":"https:\/\/www.europesays.com\/fi\/wp-json\/wp\/v2\/media\/340722"}],"wp:attachment":[{"href":"https:\/\/www.europesays.com\/fi\/wp-json\/wp\/v2\/media?parent=340721"}],"wp:term":[{"taxonomy":"category","embeddable":true,"href":"https:\/\/www.europesays.com\/fi\/wp-json\/wp\/v2\/categories?post=340721"},{"taxonomy":"post_tag","embeddable":true,"href":"https:\/\/www.europesays.com\/fi\/wp-json\/wp\/v2\/tags?post=340721"}],"curies":[{"name":"wp","href":"https:\/\/api.w.org\/{rel}","templated":true}]}}