{"id":340723,"date":"2026-09-03T21:22:16","date_gmt":"2026-09-03T21:22:16","guid":{"rendered":"https:\/\/www.europesays.com\/fi\/340723\/"},"modified":"2026-09-03T21:22:16","modified_gmt":"2026-09-03T21:22:16","slug":"putin-vertaa-norjan-laivatakavarikkoa-valtiolliseen-terrorismiin","status":"publish","type":"post","link":"https:\/\/www.europesays.com\/fi\/340723\/","title":{"rendered":"Putin vertaa Norjan laivatakavarikkoa valtiolliseen terrorismiin"},"content":{"rendered":"<p>Ven\u00e4j\u00e4 on k\u00e4ytt\u00e4nyt alusta hybridioperaatioihinsa ja nationalistiseen propagandaan, Ven\u00e4j\u00e4n historian professori arvioi NRK:lle.<\/p>\n<p><img decoding=\"async\" src=\"https:\/\/www.europesays.com\/fi\/wp-content\/uploads\/2026\/09\/1788470536_54_468.jpg\" alt=\"Putin kommentoi takavarikkoa torstaina Vladivostokissa It\u00e4isess\u00e4 talousfoorumissa.\" class=\"_Img_1rerz_1\" style=\"aspect-ratio:1920\/1080\" loading=\"eager\"\/><\/p>\n<p class=\"font-(family-name:--picture-caption-font-family) text-(length:--picture-caption-font-size) leading-(--picture-caption-leading) font-(--picture-caption-font-weight) text-(color:--picture-caption-color)\">Putin kommentoi takavarikkoa torstaina Vladivostokissa It\u00e4isess\u00e4 talousfoorumissa. Kuva:\u00a0Aleksandr Zholobov<\/p>\n<p>3.9. 21:46<\/p>\n<p class=\"article-body mb-(--paragraph-margin-b) px-nof-16\">Ven\u00e4j\u00e4n presidentti <a class=\"font-bold underline-offset-[0.12em] [text-decoration:var(--person-link-text-decoration)] [text-decoration-color:var(--person-link-text-decoration-color)]!\" href=\"https:\/\/www.is.fi\/haku\/?query=Vladimir%20Putin\" rel=\"nofollow noopener\" target=\"_blank\">Vladimir Putin<\/a> vertasi Norjan tekem\u00e4\u00e4 laivatakavarikkoa terrorismiin torstaina pit\u00e4m\u00e4ss\u00e4\u00e4n puheessa, kertoo uutistoimisto AP.<\/p>\n<p class=\"article-body mb-(--paragraph-margin-b) px-nof-16\">Putin kommentoi ven\u00e4l\u00e4isaluksen takavarikkoa sek\u00e4 Ukrainan presidentin <a class=\"font-bold underline-offset-[0.12em] [text-decoration:var(--person-link-text-decoration)] [text-decoration-color:var(--person-link-text-decoration-color)]!\" href=\"https:\/\/www.is.fi\/haku\/?query=Volodymyr%20Zelenskyin\" rel=\"nofollow noopener\" target=\"_blank\">Volodymyr Zelenskyin<\/a> Ven\u00e4j\u00e4n ilmatilaan liittyv\u00e4\u00e4 varoitusta. Putin sanoi, ett\u00e4 vastaavanlaiset tapaukset vaikeuttavat tulevien rauhanneuvotteluiden mahdollisuuksia.<\/p>\n<p class=\"article-body mb-(--paragraph-margin-b) px-nof-16\">Putin my\u00f6s v\u00e4itti, ett\u00e4 Ukrainan liittolaiset ovat \u201dosallisia kansainv\u00e4liseen terrorismiin\u201d, koska ne ovat vaienneet asiasta.<\/p>\n<p class=\"article-body mb-(--paragraph-margin-b) px-nof-16\">Norjalaisviranomaiset takavarikoivat torstaina ven\u00e4l\u00e4isen aluksen Norjalle kuuluvilla Huippuvuorilla. Poliisi otti aluksen haltuunsa Barentsburgin satamassa keskiviikkona k\u00e4r\u00e4j\u00e4oikeuden m\u00e4\u00e4r\u00e4yksest\u00e4.<\/p>\n<p class=\"article-body mb-(--paragraph-margin-b) px-nof-16\">Takavarikoitu alus ei saa poistua Huippuvuorilta.<\/p>\n<p><img decoding=\"async\" src=\"https:\/\/www.europesays.com\/fi\/wp-content\/uploads\/2026\/09\/1788470536_953_468.jpg\" alt=\"Professor Molchanov -alus rakennettiin Suomessa 1980-luvulla.\" class=\"_Img_1rerz_1\" style=\"aspect-ratio:1920\/1280\" loading=\"eager\"\/><\/p>\n<p class=\"font-(family-name:--picture-caption-font-family) text-(length:--picture-caption-font-size) leading-(--picture-caption-leading) font-(--picture-caption-font-weight) text-(color:--picture-caption-color) picture-with-caption__caption picture-with-caption__caption--default-full\">Professor Molchanov -alus rakennettiin Suomessa 1980-luvulla. Kuva:\u00a0Sergei Malgavko \/ TASS \/ ZUMA Press \/ MVphotos<\/p>\n<p class=\"article-body mb-(--paragraph-margin-b) px-nof-16\">AP:n mukaan Alankomaiden Haagissa toimiva oikeusistuin m\u00e4\u00e4r\u00e4si aluksen takavarikoitavaksi osana Ukrainan valtion energiayhti\u00f6 Naftogazin pyrkimyksi\u00e4 peri\u00e4 4,2 miljardin dollarin (noin 3,6 miljardin euron) korvauksia.<\/p>\n<p class=\"article-body mb-(--paragraph-margin-b) px-nof-16\">Korvausten taustalla on Ven\u00e4j\u00e4n toimet vuonna 2014, kun se liitti Krimin laittomasti itseens\u00e4 ja otti haltuun ukrainalaista energiaomaisuutta. Haagin oikeusistuin m\u00e4\u00e4r\u00e4si huhtikuussa 2023 Ven\u00e4j\u00e4n maksamaan Naftogazille korvaukset korkoineen.<\/p>\n<p class=\"article-body mb-(--paragraph-margin-b) px-nof-16\">Ven\u00e4j\u00e4n ulkoministeri\u00f6 kertoi torstaina kutsuvansa Norjan Moskovan-suurl\u00e4hettil\u00e4\u00e4n puhutteluun takavarikon vuoksi. Ven\u00e4j\u00e4 vaatii ulkoministeri\u00f6n mukaan aluksen vapauttamista ja aikoo ryhty\u00e4 toimiin sen palauttamiseksi.<\/p>\n<p class=\"article-body mb-(--paragraph-margin-b) px-nof-16\">Alus on nimelt\u00e4\u00e4n Professor Moltshanov. Naftogazin mukaan se on Ven\u00e4j\u00e4n omistuksessa ja sit\u00e4 k\u00e4ytet\u00e4\u00e4n kaupallisiin tutkimusmatkaristeilyihin muun muassa Norjalle kuuluville Huippuvuorille. Alus on rakennettu Suomessa 1980-luvulla.<\/p>\n<p class=\"article-body mb-(--paragraph-margin-b) px-nof-16\"><a class=\"underline underline-offset-[0.12em] [text-decoration-thickness:var(--generic-link-underline-thickness)] [text-decoration-color:var(--generic-link-underline-color)] [text-decoration-skip-ink:var(--generic-link-underline-skip-ink)] break-words\" href=\"https:\/\/www.nrk.no\/tromsogfinnmark\/norske-myndigheter-har-tatt-arrest-i-et-russisk-fartoy-pa-svalbard-1.18012351\" rel=\"nofollow noopener\" target=\"_blank\">Norjan yleisradion NRK:n<\/a> haastatteleman Ven\u00e4j\u00e4n historian professorin <a class=\"font-bold underline-offset-[0.12em] [text-decoration:var(--person-link-text-decoration)] [text-decoration-color:var(--person-link-text-decoration-color)]!\" href=\"https:\/\/www.is.fi\/haku\/?query=Kari%20Aga%20Myklebostin\" rel=\"nofollow noopener\" target=\"_blank\">Kari Aga Myklebostin<\/a> mukaan Ven\u00e4j\u00e4 on k\u00e4ytt\u00e4nyt alusta hybridioperaatioihinsa ja nationalistiseen propagandaan.<\/p>\n<p class=\"article-body mb-(--paragraph-margin-b) px-nof-16\">Myklebostin mukaan alusta ei k\u00e4ytet\u00e4 kaupalliseen matkailuun, vaikka Ven\u00e4j\u00e4 sanoo niin. H\u00e4nen mukaansa aluksella on esimerkiksi kuljetettu Ven\u00e4j\u00e4n merivoimien univormuihin pukeutuneita nuoria voitonp\u00e4iv\u00e4n juhlinnan yhteydess\u00e4.<\/p>\n<p class=\"article-body mb-(--paragraph-margin-b) px-nof-16\">\u2013 T\u00e4m\u00e4 on osa laajempaa ven\u00e4l\u00e4isten hybriditoimien kokonaisuutta, h\u00e4n sanoo.<\/p>\n","protected":false},"excerpt":{"rendered":"Ven\u00e4j\u00e4 on k\u00e4ytt\u00e4nyt alusta hybridioperaatioihinsa ja nationalistiseen propagandaan, Ven\u00e4j\u00e4n historian professori arvioi NRK:lle. Putin kommentoi takavarikkoa torstaina Vladivostokissa&hellip;\n","protected":false},"author":2,"featured_media":340724,"comment_status":"","ping_status":"","sticky":false,"template":"","format":"standard","meta":{"footnotes":"","_share_on_mastodon":"0"},"categories":[5],"tags":[22,23,26,27,33,31,30,17,34,24,25,28,29,15,18,21,32,19,20,16],"class_list":["post-340723","post","type-post","status-publish","format-standard","has-post-thumbnail","category-otsikot","tag-breaking-news","tag-breakingnews","tag-featured-news","tag-featurednews","tag-fi","tag-finland","tag-finnish","tag-headlines","tag-ilta-sanomat","tag-latest-news","tag-latestnews","tag-main-news","tag-mainnews","tag-news","tag-otsikot","tag-paauutiset","tag-suomi","tag-top-stories","tag-topstories","tag-uutiset"],"share_on_mastodon":{"url":"https:\/\/pubeurope.com\/@fi\/117209212950045301","error":""},"_links":{"self":[{"href":"https:\/\/www.europesays.com\/fi\/wp-json\/wp\/v2\/posts\/340723","targetHints":{"allow":["GET"]}}],"collection":[{"href":"https:\/\/www.europesays.com\/fi\/wp-json\/wp\/v2\/posts"}],"about":[{"href":"https:\/\/www.europesays.com\/fi\/wp-json\/wp\/v2\/types\/post"}],"author":[{"embeddable":true,"href":"https:\/\/www.europesays.com\/fi\/wp-json\/wp\/v2\/users\/2"}],"replies":[{"embeddable":true,"href":"https:\/\/www.europesays.com\/fi\/wp-json\/wp\/v2\/comments?post=340723"}],"version-history":[{"count":0,"href":"https:\/\/www.europesays.com\/fi\/wp-json\/wp\/v2\/posts\/340723\/revisions"}],"wp:featuredmedia":[{"embeddable":true,"href":"https:\/\/www.europesays.com\/fi\/wp-json\/wp\/v2\/media\/340724"}],"wp:attachment":[{"href":"https:\/\/www.europesays.com\/fi\/wp-json\/wp\/v2\/media?parent=340723"}],"wp:term":[{"taxonomy":"category","embeddable":true,"href":"https:\/\/www.europesays.com\/fi\/wp-json\/wp\/v2\/categories?post=340723"},{"taxonomy":"post_tag","embeddable":true,"href":"https:\/\/www.europesays.com\/fi\/wp-json\/wp\/v2\/tags?post=340723"}],"curies":[{"name":"wp","href":"https:\/\/api.w.org\/{rel}","templated":true}]}}