{"id":340729,"date":"2026-09-03T21:35:19","date_gmt":"2026-09-03T21:35:19","guid":{"rendered":"https:\/\/www.europesays.com\/fi\/340729\/"},"modified":"2026-09-03T21:35:19","modified_gmt":"2026-09-03T21:35:19","slug":"pirita-niemenmaa-kuuma-lemmenloma-kreikassa","status":"publish","type":"post","link":"https:\/\/www.europesays.com\/fi\/340729\/","title":{"rendered":"Pirita Niemenmaa: kuuma lemmenloma Kreikassa"},"content":{"rendered":"<p class=\"wp-block-paragraph\"> <strong>Pirita Niemenmaa<\/strong>, 41, paistattelee p\u00e4iv\u00e4\u00e4 Kreikan auringon alla.<\/p>\n<p class=\"wp-block-paragraph\">Tangokuningatar lomailee Sivotan kyl\u00e4ss\u00e4, joka on rauhallinen ja kaunis rantakohde Kreikan mantereella. Eik\u00e4 Pirita matkalla suinkaan yksin ole, vaan mukana on h\u00e4nen uusi miesyst\u00e4v\u00e4ns\u00e4.<\/p>\n<p class=\"wp-block-paragraph\">Kuumalla lemmenlomallaan rakastavaiset ovat nauttineet toistensa lis\u00e4ksi l\u00e4mm\u00f6st\u00e4, rannasta ja hyv\u00e4st\u00e4 kreikkalaisesta ruuasta. Kuumuutta on tosiaan riitt\u00e4nyt, sill\u00e4 syyskuun alussakin elohopea on kivunnut 30 asteen kieppeille.<\/p>\n<p class=\"wp-block-paragraph\">Pirita on julkaissut somekanaviensa Tarinat-osiossa rentoja lomakuvia, joissa seikkailevat niin kissat kuin merenel\u00e4v\u00e4tkin.<\/p>\n<p class=\"wp-block-paragraph\">\u201dKisuli nauttii olosta. Niin min\u00e4kin (mekin)\u201d, tanssiartisti p\u00e4ivitti ja julkaisi raukean kissakuvan tiistaiy\u00f6n\u00e4, jolloin mittari n\u00e4ytti Kreikassa viel\u00e4 28 astetta.<\/p>\n<p>Uusi rakkaus syttyi karaokessa<\/p>\n<p class=\"wp-block-paragraph\">Tanssiin.fi uutisoi aiemmin kes\u00e4ll\u00e4 Piritan uudesta onnesta.<\/p>\n<p class=\"wp-block-paragraph\">Laulaja kertoi, kuinka rakkaus syttyi \u00e4kkiarvaamatta ja yll\u00e4tt\u00e4en. H\u00e4n kohtasi miesyst\u00e4v\u00e4ns\u00e4 nimitt\u00e4in karaokessa, miss\u00e4 lempi leiskahti.<\/p>\n<p class=\"wp-block-paragraph\">\u201dOlin p\u00e4\u00e4tt\u00e4nyt olla sinkkuna. T\u00e4m\u00e4 p\u00e4\u00e4si yll\u00e4tt\u00e4m\u00e4\u00e4n t\u00e4ysin\u201d, Pirita on kuvaillut suhdettaan.<\/p>\n<p class=\"wp-block-paragraph\"><strong>Lue my\u00f6s:<\/strong> <a href=\"https:\/\/www.tanssiin.fi\/i-p-tangokuningatar-pirita-niemenmaa-rakastui-yllattaen-mies-loytyi-karaokesta\/\" rel=\"nofollow noopener\" target=\"_blank\">I-P: Tangokuningatar Pirita Niemenmaa rakastui yll\u00e4tt\u00e4en \u2013 mies l\u00f6ytyi karaokesta<\/a><\/p>\n<p class=\"wp-block-paragraph\">Sein\u00e4jokinen Pirita on vuoden 2019 tangokuningatar. Keikkailun ohella h\u00e4n ty\u00f6skentelee osa-aikaisesti Alakyl\u00e4n S-Marketissa Sein\u00e4joella.<\/p>\n<blockquote>\n<p>Pirita erosi Mika-kihlatustaan viime kev\u00e4\u00e4n\u00e4<\/p>\n<\/blockquote>\n<p class=\"wp-block-paragraph\">El\u00e4m\u00e4niloinen tanssiartisti\u00a0<a href=\"https:\/\/www.tanssiin.fi\/pirita-niemenmaa-ja-mika-kihlattu-yllatysero\/\" rel=\"nofollow noopener\" target=\"_blank\">erosi<\/a>\u00a0yll\u00e4tt\u00e4en kev\u00e4\u00e4ll\u00e4 2025 kihlatustaan\u00a0<strong>Mika Poikolasta<\/strong>, jonka kanssa laulaja ehti seurustella kuutisen vuotta. Pariskunta osallistui jopa\u00a0<a href=\"https:\/\/www.tanssiin.fi\/tag\/temptation-island-suomi\/\" rel=\"nofollow noopener\" target=\"_blank\">Temptation Island\u00a0<\/a>Suomi\u00a0-pett\u00e4misohjelmaan televisiossa vuonna 2022.\u00a0<\/p>\n<p class=\"wp-block-paragraph\">He tutustuivat joulukuussa 2018, mutta toden teolla lempi alkoi leiskua Sein\u00e4joen Tangomarkkinoiden j\u00e4lkeen kes\u00e4ll\u00e4 2019. Kihloihin he meniv\u00e4t uudenvuodeny\u00f6n\u00e4 2020-21.\u00a0<\/p>\n<p class=\"wp-block-paragraph\"><strong>Lue my\u00f6s:\u00a0<\/strong><a href=\"https:\/\/www.tanssiin.fi\/pirita-niemenmaa-eron-jalkeen-moni-miettii-mun-jaksamista\/\" rel=\"nofollow noopener\" target=\"_blank\">Pirita Niemenmaa eron j\u00e4lkeen: \u201dMoni miettii mun jaksamista\u2026\u201d<\/a><\/p>\n<p class=\"wp-block-paragraph\">Tunteikas ja el\u00e4m\u00e4niloinen Pirita on puhunut avoimesti tunteistaan ja el\u00e4m\u00e4ns\u00e4 k\u00e4\u00e4nteist\u00e4 julkisuudessa.<\/p>\n<p class=\"wp-block-paragraph\">Katso Pirita Niemenmaan keikat\u00a0<a href=\"https:\/\/www.tanssiin.fi\/artistit\/naistahdet\/pirita-niemenmaa\/\" rel=\"nofollow noopener\" target=\"_blank\">t\u00e4st\u00e4<\/a>.<\/p>\n<p><img decoding=\"async\" class=\"aioseo-author-bio-compact-image\" src=\"https:\/\/www.europesays.com\/fi\/wp-content\/uploads\/2026\/09\/1788471319_401_cropped-tanssiin-logo.jpg\" alt=\"author avatar\"\/><br \/>\nTanssi- ja iskelm\u00e4musiikin uutiset asiantuntevasti.<\/p>\n<p>55%<br \/>\nIhana<\/p>\n<p>0%<br \/>\nHauska<\/p>\n<p>27%<br \/>\nVau<\/p>\n<p>0%<br \/>\nSurullinen<\/p>\n<p>18%<br \/>\nVihainen\n<\/p>\n<p>Post navigation<\/p>\n","protected":false},"excerpt":{"rendered":"Pirita Niemenmaa, 41, paistattelee p\u00e4iv\u00e4\u00e4 Kreikan auringon alla. Tangokuningatar lomailee Sivotan kyl\u00e4ss\u00e4, joka on rauhallinen ja kaunis rantakohde&hellip;\n","protected":false},"author":2,"featured_media":340730,"comment_status":"","ping_status":"","sticky":false,"template":"","format":"standard","meta":{"footnotes":"","_share_on_mastodon":"0"},"categories":[136],"tags":[407,137,33,31,30,408,3351,23476,2271,27006,13445,1311,32,6188,4049,16,109],"class_list":["post-340729","post","type-post","status-publish","format-standard","has-post-thumbnail","category-julkkikset","tag-celebrities","tag-entertainment","tag-fi","tag-finland","tag-finnish","tag-julkkikset","tag-kreikka","tag-lemmenloma","tag-loma","tag-miesystava","tag-pirita-niemenmaa","tag-rakkaus","tag-suomi","tag-tangokuningatar","tag-tanssitahdet","tag-uutiset","tag-viihde"],"share_on_mastodon":{"url":"https:\/\/pubeurope.com\/@fi\/117209263835840762","error":""},"_links":{"self":[{"href":"https:\/\/www.europesays.com\/fi\/wp-json\/wp\/v2\/posts\/340729","targetHints":{"allow":["GET"]}}],"collection":[{"href":"https:\/\/www.europesays.com\/fi\/wp-json\/wp\/v2\/posts"}],"about":[{"href":"https:\/\/www.europesays.com\/fi\/wp-json\/wp\/v2\/types\/post"}],"author":[{"embeddable":true,"href":"https:\/\/www.europesays.com\/fi\/wp-json\/wp\/v2\/users\/2"}],"replies":[{"embeddable":true,"href":"https:\/\/www.europesays.com\/fi\/wp-json\/wp\/v2\/comments?post=340729"}],"version-history":[{"count":0,"href":"https:\/\/www.europesays.com\/fi\/wp-json\/wp\/v2\/posts\/340729\/revisions"}],"wp:featuredmedia":[{"embeddable":true,"href":"https:\/\/www.europesays.com\/fi\/wp-json\/wp\/v2\/media\/340730"}],"wp:attachment":[{"href":"https:\/\/www.europesays.com\/fi\/wp-json\/wp\/v2\/media?parent=340729"}],"wp:term":[{"taxonomy":"category","embeddable":true,"href":"https:\/\/www.europesays.com\/fi\/wp-json\/wp\/v2\/categories?post=340729"},{"taxonomy":"post_tag","embeddable":true,"href":"https:\/\/www.europesays.com\/fi\/wp-json\/wp\/v2\/tags?post=340729"}],"curies":[{"name":"wp","href":"https:\/\/api.w.org\/{rel}","templated":true}]}}