{"id":340733,"date":"2026-09-03T21:43:13","date_gmt":"2026-09-03T21:43:13","guid":{"rendered":"https:\/\/www.europesays.com\/fi\/340733\/"},"modified":"2026-09-03T21:43:13","modified_gmt":"2026-09-03T21:43:13","slug":"rantavahdit-stara-ja-mielenterveysaktivisti-matt-dee-on-kuollut","status":"publish","type":"post","link":"https:\/\/www.europesays.com\/fi\/340733\/","title":{"rendered":"Rantavahdit-stara ja mielenterveysaktivisti Matt Dee on kuollut"},"content":{"rendered":"<p class=\"wp-block-paragraph\">Rantavahdit-ohjelmasta tunnettu hengenpelastaja ja mielenterveysty\u00f6n puolestapuhuja <strong>Matt Dee<\/strong> on kuollut 47-vuotiaana.<\/p>\n<p class=\"wp-block-paragraph\">Suru-uutisen vahvisti DEen perustama vaate- ja tapahtuma-alan yritys FTW Revolution, joka kertoi verkossa julkaisemassaan lausunnossa, ett\u00e4 hautajaisj\u00e4rjestelyj\u00e4 viimeistell\u00e4\u00e4n parhaillaan.<\/p>\n<p class=\"wp-block-paragraph\">\u2013 Matt vaikutti lukemattomien ihmisten el\u00e4m\u00e4\u00e4n ja teki uskomattoman arvokasta ty\u00f6t\u00e4. H\u00e4nt\u00e4 kaivataan syv\u00e4sti, ja h\u00e4n s\u00e4ilyy ikuisesti h\u00e4net tunteneiden ja h\u00e4nt\u00e4 rakastaneiden muistoissa, yhti\u00f6n Instagramissa julkaisemassa lausunnossa sanottiin.<\/p>\n<p class=\"wp-block-paragraph\">Deen kuolinsyyt\u00e4 ei ole kerrottu julkisuuteen.<\/p>\n<p class=\"wp-block-paragraph\">Dee esiintyi Rantavahdit-realitysarjassa vuosina 2008\u20132017.<\/p>\n<p class=\"wp-block-paragraph\">Lep\u00e4\u00e4 rauhassa, Dee.<\/p>\n","protected":false},"excerpt":{"rendered":"Rantavahdit-ohjelmasta tunnettu hengenpelastaja ja mielenterveysty\u00f6n puolestapuhuja Matt Dee on kuollut 47-vuotiaana. Suru-uutisen vahvisti DEen perustama vaate- ja tapahtuma-alan&hellip;\n","protected":false},"author":2,"featured_media":340734,"comment_status":"","ping_status":"","sticky":false,"template":"","format":"standard","meta":{"footnotes":"","_share_on_mastodon":"0"},"categories":[130],"tags":[137,33,31,30,4244,41995,32,109],"class_list":["post-340733","post","type-post","status-publish","format-standard","has-post-thumbnail","category-viihde","tag-entertainment","tag-fi","tag-finland","tag-finnish","tag-in-memoriam","tag-matt-dee","tag-suomi","tag-viihde"],"share_on_mastodon":{"url":"https:\/\/pubeurope.com\/@fi\/117209294681452017","error":""},"_links":{"self":[{"href":"https:\/\/www.europesays.com\/fi\/wp-json\/wp\/v2\/posts\/340733","targetHints":{"allow":["GET"]}}],"collection":[{"href":"https:\/\/www.europesays.com\/fi\/wp-json\/wp\/v2\/posts"}],"about":[{"href":"https:\/\/www.europesays.com\/fi\/wp-json\/wp\/v2\/types\/post"}],"author":[{"embeddable":true,"href":"https:\/\/www.europesays.com\/fi\/wp-json\/wp\/v2\/users\/2"}],"replies":[{"embeddable":true,"href":"https:\/\/www.europesays.com\/fi\/wp-json\/wp\/v2\/comments?post=340733"}],"version-history":[{"count":0,"href":"https:\/\/www.europesays.com\/fi\/wp-json\/wp\/v2\/posts\/340733\/revisions"}],"wp:featuredmedia":[{"embeddable":true,"href":"https:\/\/www.europesays.com\/fi\/wp-json\/wp\/v2\/media\/340734"}],"wp:attachment":[{"href":"https:\/\/www.europesays.com\/fi\/wp-json\/wp\/v2\/media?parent=340733"}],"wp:term":[{"taxonomy":"category","embeddable":true,"href":"https:\/\/www.europesays.com\/fi\/wp-json\/wp\/v2\/categories?post=340733"},{"taxonomy":"post_tag","embeddable":true,"href":"https:\/\/www.europesays.com\/fi\/wp-json\/wp\/v2\/tags?post=340733"}],"curies":[{"name":"wp","href":"https:\/\/api.w.org\/{rel}","templated":true}]}}