{"id":340735,"date":"2026-09-03T21:46:10","date_gmt":"2026-09-03T21:46:10","guid":{"rendered":"https:\/\/www.europesays.com\/fi\/340735\/"},"modified":"2026-09-03T21:46:10","modified_gmt":"2026-09-03T21:46:10","slug":"volkswagen-vahentaa-yhteensa-100-000-tyopaikkaa-uutisia-lyhyesti","status":"publish","type":"post","link":"https:\/\/www.europesays.com\/fi\/340735\/","title":{"rendered":"Volkswagen v\u00e4hent\u00e4\u00e4 yhteens\u00e4 100 000 ty\u00f6paikkaa | Uutisia lyhyesti"},"content":{"rendered":"<p class=\"aw__sc-1qwuw0s-0 aw__sc-1vg2sqm-0 epAWpq ecELkD yle__article__paragraph\">Joka kuudes ty\u00f6ntekij\u00e4 joutuu l\u00e4htem\u00e4\u00e4n l\u00e4hivuosien aikana.<\/p>\n<p><img decoding=\"async\" alt=\"Suurikokoinen Volkswagenin logo harmaan rakennuksen sein\u00e4ss\u00e4. Vieress\u00e4 istuu musta lintu.\" src=\"https:\/\/www.europesays.com\/fi\/wp-content\/uploads\/2026\/09\/1788466977.jpeg\" class=\"aw__sc-dklauk-0 LPzKX\"\/><\/p>\n<p>Avaa kuvien katselu<\/p>\n<p>Kuva: Tobias Schwartz \/ AFP<\/p>\n<p class=\"aw__sc-1qwuw0s-0 aw__sc-ngllmo-0 epAWpq fzYpjk yle__article__paragraph\">Saksalainen autoj\u00e4tti <a class=\"aw__sc-ngllmo-1 bTDnwX yle__article__link\" href=\"https:\/\/www.volkswagen-group.com\/en\/press-releases\/volkswagen-group-stays-on-track-in-challenging-environment-and-expects-improved-margin-in-the-second-half-of-the-year-20542\" role=\"link\" rel=\"nofollow noopener\" target=\"_blank\">Volkswagen kertoi torstaina<\/a> v\u00e4hent\u00e4v\u00e4ns\u00e4 50 000 ty\u00f6paikkaa vuoteen 2030 menness\u00e4.<\/p>\n<p class=\"aw__sc-1qwuw0s-0 aw__sc-ngllmo-0 epAWpq fzYpjk yle__article__paragraph\">Volkswagen hyv\u00e4ksyi jo aiemmin t\u00e4n\u00e4 vuonna suunnitelman v\u00e4hent\u00e4\u00e4 50 000 ty\u00f6paikkaa vuosikymmenen loppuun menness\u00e4, joten ty\u00f6paikkoja v\u00e4hennet\u00e4\u00e4n yhteens\u00e4 100 000.<\/p>\n<p class=\"aw__sc-1qwuw0s-0 aw__sc-ngllmo-0 epAWpq fzYpjk yle__article__paragraph\">Volkswagenilla oli kes\u00e4kuun lopussa yhteens\u00e4 noin 650 000 ty\u00f6ntekij\u00e4\u00e4. Autoj\u00e4tti aikoo siis v\u00e4hent\u00e4\u00e4 ty\u00f6ntekij\u00e4m\u00e4\u00e4r\u00e4st\u00e4\u00e4n noin 15 prosenttia.<\/p>\n","protected":false},"excerpt":{"rendered":"Joka kuudes ty\u00f6ntekij\u00e4 joutuu l\u00e4htem\u00e4\u00e4n l\u00e4hivuosien aikana. Avaa kuvien katselu Kuva: Tobias Schwartz \/ AFP Saksalainen autoj\u00e4tti Volkswagen&hellip;\n","protected":false},"author":2,"featured_media":340736,"comment_status":"","ping_status":"","sticky":false,"template":"","format":"standard","meta":{"footnotes":"","_share_on_mastodon":"0"},"categories":[76],"tags":[7540,79,77,33,31,30,11421,3514,41996,32,78,2247,7942,31042],"class_list":["post-340735","post","type-post","status-publish","format-standard","has-post-thumbnail","category-talous","tag-autoteollisuus","tag-business","tag-economy","tag-fi","tag-finland","tag-finnish","tag-irtisanominen","tag-muutosneuvottelut","tag-saksan-autoteollisuus","tag-suomi","tag-talous","tag-tyomarkkinat","tag-volkswagen","tag-volkswagen-group"],"share_on_mastodon":{"url":"https:\/\/pubeurope.com\/@fi\/117209307319925942","error":""},"_links":{"self":[{"href":"https:\/\/www.europesays.com\/fi\/wp-json\/wp\/v2\/posts\/340735","targetHints":{"allow":["GET"]}}],"collection":[{"href":"https:\/\/www.europesays.com\/fi\/wp-json\/wp\/v2\/posts"}],"about":[{"href":"https:\/\/www.europesays.com\/fi\/wp-json\/wp\/v2\/types\/post"}],"author":[{"embeddable":true,"href":"https:\/\/www.europesays.com\/fi\/wp-json\/wp\/v2\/users\/2"}],"replies":[{"embeddable":true,"href":"https:\/\/www.europesays.com\/fi\/wp-json\/wp\/v2\/comments?post=340735"}],"version-history":[{"count":0,"href":"https:\/\/www.europesays.com\/fi\/wp-json\/wp\/v2\/posts\/340735\/revisions"}],"wp:featuredmedia":[{"embeddable":true,"href":"https:\/\/www.europesays.com\/fi\/wp-json\/wp\/v2\/media\/340736"}],"wp:attachment":[{"href":"https:\/\/www.europesays.com\/fi\/wp-json\/wp\/v2\/media?parent=340735"}],"wp:term":[{"taxonomy":"category","embeddable":true,"href":"https:\/\/www.europesays.com\/fi\/wp-json\/wp\/v2\/categories?post=340735"},{"taxonomy":"post_tag","embeddable":true,"href":"https:\/\/www.europesays.com\/fi\/wp-json\/wp\/v2\/tags?post=340735"}],"curies":[{"name":"wp","href":"https:\/\/api.w.org\/{rel}","templated":true}]}}