{"id":340737,"date":"2026-09-03T21:47:08","date_gmt":"2026-09-03T21:47:08","guid":{"rendered":"https:\/\/www.europesays.com\/fi\/340737\/"},"modified":"2026-09-03T21:47:08","modified_gmt":"2026-09-03T21:47:08","slug":"iran-kertoi-tehneensa-taas-iskuja-usan-tukikohtiin-uutissuomalainen-2","status":"publish","type":"post","link":"https:\/\/www.europesays.com\/fi\/340737\/","title":{"rendered":"Iran kertoi tehneens\u00e4 taas iskuja USA:n tukikohtiin | Uutissuomalainen"},"content":{"rendered":"<p>Iran kertoi torstaina hy\u00f6k\u00e4nneens\u00e4 j\u00e4lleen Yhdysvaltojen tukikohtiin Arabiemiraateissa ja Kuwaitissa.<\/p>\n<p>Iranin valtiontelevisiossa julkaistussa lausunnossa kerrottiin iskujen suuntautuneen viestint\u00e4j\u00e4rjestelmiin, tavaravarikkoihin ja lentokonesuojiin.<\/p>\n<p>Tiistaina ja keskiviikkona parikymment\u00e4 ihmist\u00e4 kuoli Yhdysvaltojen hy\u00f6kk\u00e4yksiss\u00e4 eri puolille Irania. Iran vastasi hy\u00f6kk\u00e4ykseen totuttuun tapaan kohdistamalla iskuja Yhdysvaltojen tukikohtiin Arabiemiraateissa, Kuwaitissa, Bahrainissa, Jordaniassa sek\u00e4 Kurdistanin alueella Irakissa.<\/p>\n<p>Iran on vannonut kostavansa ohjusiskun, joka osui Kuhestakin kaupungissa j\u00e4rjestettyihin h\u00e4ihin. Iskussa kuoli nelj\u00e4 ihmist\u00e4 ja yli 50 haavoittui.<\/p>\n<p>Yhdysvaltain varapresidentti J.D. Vance sanoi Valkoisen talon tiedotustilaisuudessa, ett\u00e4 Yhdysvallat tutkii tapahtumaa. H\u00e4n sanoi kuitenkin, ettei pid\u00e4 Iranin kertomia tietoja h\u00e4\u00e4juhliin osuneesta ohjusiskusta luotettavina.<\/p>\n<p>\u2013\u2009Olen hyvin ep\u00e4ilev\u00e4inen, h\u00e4n sanoi.<\/p>\n<p>Vancelta kysyttiin my\u00f6s, saadaanko Iranin sodalle loppu ennen marraskuun v\u00e4livaaleja.<\/p>\n<p>\u2013\u2009En kutsuisi sit\u00e4 sodaksi. Juuri nyt meneill\u00e4\u00e4n ei ole aktiivista tulitusta, Vance <a href=\"https:\/\/x.com\/kaitlancollins\/status\/2095587205494231051\" rel=\"nofollow\">sanoi<\/a>.<\/p>\n<p>Presidentti Donald Trumpin mukaan Yhdysvaltojen asevoimat ovat edelleen koko ajan valmiina hy\u00f6kk\u00e4\u00e4m\u00e4\u00e4n Iraniin &#8221;milloin vain haluamme&#8221;.<\/p>\n<p>Yhdysvaltojen ja Iranin v\u00e4liset neuvottelut puoli vuotta jatkuneen sodan p\u00e4\u00e4tt\u00e4miseksi ovat jumiutuneet. Sota alkoi helmikuun lopulla, kun Yhdysvallat ja Israel k\u00e4ynnistiv\u00e4t iskut Iraniin.<\/p>\n","protected":false},"excerpt":{"rendered":"Iran kertoi torstaina hy\u00f6k\u00e4nneens\u00e4 j\u00e4lleen Yhdysvaltojen tukikohtiin Arabiemiraateissa ja Kuwaitissa. Iranin valtiontelevisiossa julkaistussa lausunnossa kerrottiin iskujen suuntautuneen viestint\u00e4j\u00e4rjestelmiin,&hellip;\n","protected":false},"author":2,"featured_media":340738,"comment_status":"","ping_status":"","sticky":false,"template":"","format":"standard","meta":{"footnotes":"","_share_on_mastodon":"0"},"categories":[14],"tags":[22,23,585,26,27,33,31,30,17,24,25,803,28,29,15,18,21,142,637,144,32,19,20,56,16,638,59,60,61,143],"class_list":["post-340737","post","type-post","status-publish","format-standard","has-post-thumbnail","category-ulkomaat","tag-breaking-news","tag-breakingnews","tag-donald-trump","tag-featured-news","tag-featurednews","tag-fi","tag-finland","tag-finnish","tag-headlines","tag-latest-news","tag-latestnews","tag-levottomuudet-ja-sodat","tag-main-news","tag-mainnews","tag-news","tag-otsikot","tag-paauutiset","tag-poliitikot","tag-politiikka","tag-presidentti","tag-suomi","tag-top-stories","tag-topstories","tag-ulkomaat","tag-uutiset","tag-valtiovalta","tag-world","tag-world-news","tag-worldnews","tag-yhdysvaltain-politiikka"],"share_on_mastodon":{"url":"https:\/\/pubeurope.com\/@fi\/117209310560386733","error":""},"_links":{"self":[{"href":"https:\/\/www.europesays.com\/fi\/wp-json\/wp\/v2\/posts\/340737","targetHints":{"allow":["GET"]}}],"collection":[{"href":"https:\/\/www.europesays.com\/fi\/wp-json\/wp\/v2\/posts"}],"about":[{"href":"https:\/\/www.europesays.com\/fi\/wp-json\/wp\/v2\/types\/post"}],"author":[{"embeddable":true,"href":"https:\/\/www.europesays.com\/fi\/wp-json\/wp\/v2\/users\/2"}],"replies":[{"embeddable":true,"href":"https:\/\/www.europesays.com\/fi\/wp-json\/wp\/v2\/comments?post=340737"}],"version-history":[{"count":0,"href":"https:\/\/www.europesays.com\/fi\/wp-json\/wp\/v2\/posts\/340737\/revisions"}],"wp:featuredmedia":[{"embeddable":true,"href":"https:\/\/www.europesays.com\/fi\/wp-json\/wp\/v2\/media\/340738"}],"wp:attachment":[{"href":"https:\/\/www.europesays.com\/fi\/wp-json\/wp\/v2\/media?parent=340737"}],"wp:term":[{"taxonomy":"category","embeddable":true,"href":"https:\/\/www.europesays.com\/fi\/wp-json\/wp\/v2\/categories?post=340737"},{"taxonomy":"post_tag","embeddable":true,"href":"https:\/\/www.europesays.com\/fi\/wp-json\/wp\/v2\/tags?post=340737"}],"curies":[{"name":"wp","href":"https:\/\/api.w.org\/{rel}","templated":true}]}}