{"id":340739,"date":"2026-09-03T21:48:12","date_gmt":"2026-09-03T21:48:12","guid":{"rendered":"https:\/\/www.europesays.com\/fi\/340739\/"},"modified":"2026-09-03T21:48:12","modified_gmt":"2026-09-03T21:48:12","slug":"oppositio-kohahti-kun-orpo-sanoi-budjettiriihen-tuloksista-suhteellisen-neutraali-hieman-miinuksella","status":"publish","type":"post","link":"https:\/\/www.europesays.com\/fi\/340739\/","title":{"rendered":"Oppositio kohahti, kun Orpo sanoi budjettiriihen tuloksista: \u201dSuhteellisen neutraali, hieman miinuksella\u201d"},"content":{"rendered":"<p class=\"article-body mb-(--paragraph-margin-b) px-nof-16\">Oppositio ry\u00f6pytti hallitusta budjettiriihen p\u00e4\u00e4t\u00f6ksist\u00e4\u00e4n syksyn ensimm\u00e4isell\u00e4 kyselytunnilla eduskunnassa.<\/p>\n<p class=\"article-body mb-(--paragraph-margin-b) px-nof-16\">Kritiikiss\u00e4 nousi esille etenkin se, etteiv\u00e4t p\u00e4\u00e4ministeri <a class=\"font-bold underline-offset-[0.12em] [text-decoration:var(--person-link-text-decoration)] [text-decoration-color:var(--person-link-text-decoration-color)]!\" href=\"https:\/\/www.hs.fi\/haku\/?query=Petteri%20Orpo\" rel=\"nofollow noopener\" target=\"_blank\">Petteri Orpo<\/a> (kok) ja valtiovarainministeri <a class=\"font-bold underline-offset-[0.12em] [text-decoration:var(--person-link-text-decoration)] [text-decoration-color:var(--person-link-text-decoration-color)]!\" href=\"https:\/\/www.hs.fi\/haku\/?query=Riikka%20Purra\" rel=\"nofollow noopener\" target=\"_blank\">Riikka Purra<\/a> (ps) ole halunneet vastata suoraan siihen, heikent\u00e4v\u00e4tk\u00f6 p\u00e4\u00e4t\u00f6kset julkista taloutta.<\/p>\n<p class=\"article-body mb-(--paragraph-margin-b) px-nof-16\">Sdp:n kansanedustaja <a class=\"font-bold underline-offset-[0.12em] [text-decoration:var(--person-link-text-decoration)] [text-decoration-color:var(--person-link-text-decoration-color)]!\" href=\"https:\/\/www.hs.fi\/haku\/?query=Joona%20R%C3%A4s%C3%A4nen\" rel=\"nofollow noopener\" target=\"_blank\">Joona R\u00e4s\u00e4nen<\/a> sai ensimm\u00e4isen puheenvuoron kysy\u00e4 ministereilt\u00e4. H\u00e4n sanoi ymm\u00e4rt\u00e4v\u00e4ns\u00e4, ett\u00e4 aihe on kiusallinen hallitukselle, kun se viimeisen\u00e4 tekonaan esitt\u00e4\u00e4 toimia, joilla heikennet\u00e4\u00e4n valtiontaloutta.<\/p>\n<p class=\"article-body mb-(--paragraph-margin-b) px-nof-16\">\u201dJos hallitus ei olisi pit\u00e4nyt budjettiriiht\u00e4 ollenkaan, julkinen talous olisi ensi vuonna paremmalla tolalla\u201d, h\u00e4n sanoo.<\/p>\n<p class=\"article-body mb-(--paragraph-margin-b) px-nof-16\">P\u00e4\u00e4ministeri Orpo vastasi, ett\u00e4 kaikki tehdyt toimet vahvistavat nettona taloutta yhteens\u00e4 3,1 miljardia euroa.<\/p>\n<p class=\"article-body mb-(--paragraph-margin-b) px-nof-16\">Valtiovarainministeri\u00f6n <a class=\"underline underline-offset-[0.12em] [text-decoration-thickness:var(--generic-link-underline-thickness)] [text-decoration-color:var(--generic-link-underline-color)] [text-decoration-skip-ink:var(--generic-link-underline-skip-ink)] break-words\" href=\"https:\/\/www.hs.fi\/politiikka\/art-2000012248106.html\" rel=\"nofollow noopener\" target=\"_blank\">keskiviikkona julkistamista <\/a>tiedoista selvi\u00e4\u00e4, ett\u00e4 hallituksen p\u00e4\u00e4t\u00f6kset heikent\u00e4v\u00e4t julkista taloutta ensi vuonna 100 miljoonalla eurolla. Hallituksen budjettiesitys on 12,4 miljardia euroa alij\u00e4\u00e4m\u00e4inen.<\/p>\n<p class=\"article-body mb-(--paragraph-margin-b) px-nof-16\">\u201dBudjetti on ensi vuotta katsoen suhteellisen neutraali, hieman miinuksella\u201d, Orpo my\u00f6nsi.<\/p>\n<p class=\"article-body mb-(--paragraph-margin-b) px-nof-16\">Kansanedustajien joukosta nousi kohahdus.<\/p>\n<p class=\"article-body mb-(--paragraph-margin-b) px-nof-16\">Orpo painotti, ett\u00e4 p\u00e4\u00e4t\u00f6ksi\u00e4 tehd\u00e4\u00e4n, jotta ihmisist\u00e4 voidaan pit\u00e4\u00e4 huolta. H\u00e4n sanoi, ett\u00e4 yhteis\u00f6veroa on laskettu, jotta Suomeen saataisiin enemm\u00e4n investointeja, talouden kasvua, yritt\u00e4jyytt\u00e4 \u2013 ja lopulta sit\u00e4 my\u00f6t\u00e4 my\u00f6s ihmisille t\u00f6it\u00e4.<\/p>\n<p class=\"article-body mb-(--paragraph-margin-b) px-nof-16\">H\u00e4nen mukaansa asiantuntijat sanovat, ett\u00e4 pahin on nyt takana p\u00e4in.<\/p>\n<p class=\"article-body mb-(--paragraph-margin-b) px-nof-16\">\u201dEn\u00e4\u00e4 ei ole kyse vain siit\u00e4, ett\u00e4 mit\u00e4 min\u00e4 uskon\u201d, Orpo kuittasi.<\/p>\n<p class=\"article-body mb-(--paragraph-margin-b) px-nof-16\">Sdp:n eduskuntaryhm\u00e4n puheenjohtaja <a class=\"font-bold underline-offset-[0.12em] [text-decoration:var(--person-link-text-decoration)] [text-decoration-color:var(--person-link-text-decoration-color)]!\" href=\"https:\/\/www.hs.fi\/haku\/?query=Tytti%20Tuppurainen\" rel=\"nofollow noopener\" target=\"_blank\">Tytti Tuppurainen<\/a> ihmettelee hallituksen budjettip\u00e4\u00e4t\u00f6st\u00e4 heikent\u00e4\u00e4 julkista taloutta viimeisess\u00e4 budjettiriihess\u00e4\u00e4n.<\/p>\n<p class=\"article-body mb-(--paragraph-margin-b) px-nof-16\">\u201dSiis t\u00e4m\u00e4 hallitus, joka on kaiken aikaa uhonnut, ett\u00e4 velaksi el\u00e4minen lopetetaan, ett\u00e4 tehd\u00e4\u00e4n mittavia leikkauksia ja suurilla saksilla on heiluttu\u201d, h\u00e4n sanoo.<\/p>\n<p class=\"article-body mb-(--paragraph-margin-b) px-nof-16\">H\u00e4nen mukaansa on jo itsess\u00e4\u00e4n murheellista, ett\u00e4 julkista taloutta heikennet\u00e4\u00e4n, mutta surullisemmaksi asian h\u00e4net tekev\u00e4t leikkaukset kansalaisj\u00e4rjest\u00f6ihin, jotka tarjoavat kansalaisille vertaisapua.<\/p>\n<p><img decoding=\"async\" src=\"https:\/\/www.europesays.com\/fi\/wp-content\/uploads\/2026\/09\/1788472092_333_468.jpg\" alt=\"P\u00e4\u00e4ministeri Orpo my\u00f6nsi eduskunnassa ensi vuoden budjetin olevan &quot;hieman miinuksella&quot;.\" class=\"_Img_1rerz_1\" style=\"aspect-ratio:1920\/1279\" loading=\"eager\"\/><\/p>\n<p class=\"font-(family-name:--picture-caption-font-family) text-(length:--picture-caption-font-size) leading-(--picture-caption-leading) font-(--picture-caption-font-weight) text-(color:--picture-caption-color) picture-with-caption__caption picture-with-caption__caption--default-full\">P\u00e4\u00e4ministeri Orpo my\u00f6nsi eduskunnassa ensi vuoden budjetin olevan &#8221;hieman miinuksella&#8221;. Kuva:\u00a0Seppo K\u00e4rki \/ IS<\/p>\n<p class=\"article-body mb-(--paragraph-margin-b) px-nof-16\">Budjetissa erityisesti kohkausta kyselytunnilla her\u00e4ttiv\u00e4tkin sote-j\u00e4rjest\u00f6jen STEA-avustusten leikkaukset, joita ryydittiin useissa opposition puheenvuoroissa.<\/p>\n<p class=\"article-body mb-(--paragraph-margin-b) px-nof-16\">Sosiaali- ja terveysministeri <a class=\"font-bold underline-offset-[0.12em] [text-decoration:var(--person-link-text-decoration)] [text-decoration-color:var(--person-link-text-decoration-color)]!\" href=\"https:\/\/www.hs.fi\/haku\/?query=Wille%20Rydman\" rel=\"nofollow noopener\" target=\"_blank\">Wille Rydman<\/a> (ps) vastasi kritiikkiin toteamalla, ett\u00e4 kuluneella hallituskaudella j\u00e4rjest\u00f6ilt\u00e4 on leikattu aika paljon rahaa. H\u00e4nen mukaansa takavuosina on jaettu eritt\u00e4in \u201dl\u00f6ys\u00e4k\u00e4tisesti\u201d rahoitusta sellaiseen toimintaan, joka ei ole j\u00e4rjest\u00f6toiminnan ydint\u00e4.<\/p>\n<p class=\"article-body mb-(--paragraph-margin-b) px-nof-16\">\u201dTehd\u00e4\u00e4n viel\u00e4 tehostamisoperaatioita, jotta veronmaksajien raha menee sinne, minne se todella kuuluu eli konkreettiseen kohtaavaan asiakasty\u00f6h\u00f6n\u201d, Rydman sanoo.<\/p>\n<p class=\"article-body mb-(--paragraph-margin-b) px-nof-16\">H\u00e4n piti mielenkiintoisena opposition v\u00e4itett\u00e4 siit\u00e4, ett\u00e4 j\u00e4rjest\u00f6ilt\u00e4 rahoituksen v\u00e4hent\u00e4minen v\u00e4hent\u00e4isi samalla my\u00f6s palkatta teht\u00e4v\u00e4n vapaaehtoisty\u00f6n m\u00e4\u00e4r\u00e4\u00e4.<\/p>\n<p class=\"article-body mb-(--paragraph-margin-b) px-nof-16\">Kansanedustajat kohahtivat ja salista kuului huuto: \u201dk\u00e4sitt\u00e4m\u00e4tt\u00f6m\u00e4n ylimielist\u00e4\u201d.<\/p>\n<p class=\"article-body mb-(--paragraph-margin-b) px-nof-16\">Rydmanin mukaan hallituksen viesti on, ett\u00e4 j\u00e4rjest\u00f6jen pit\u00e4isi fuusioitua toisiinsa. H\u00e4n n\u00e4kee, ett\u00e4 osa j\u00e4rjest\u00f6ist\u00e4 tekee \u00e4\u00e4rimm\u00e4isen arvokasta ty\u00f6t\u00e4.<\/p>\n<p class=\"article-body mb-(--paragraph-margin-b) px-nof-16\">\u201dMutta ei tarvitse kuin pintapuolisesti katsoa listaa, niin havaitsee jo, ett\u00e4 yhdell\u00e4 ja samalla alallakin toimii kymmenitt\u00e4in saman alan j\u00e4rjest\u00f6toimijoita\u201d, h\u00e4n huomautti.<\/p>\n<p class=\"article-body mb-(--paragraph-margin-b) px-nof-16\">H\u00e4nen mukaansa hallitus kannustaa kriteereill\u00e4\u00e4n j\u00e4rjest\u00f6j\u00e4 yhdistym\u00e4\u00e4n, panostamaan kohtaavaan ty\u00f6h\u00f6n ja karsimaan hallintoaan.<\/p>\n<p class=\"article-body mb-(--paragraph-margin-b) px-nof-16\">\u201dT\u00e4t\u00e4 varmaankaan ei oppositiossakaan ole syyt\u00e4 vastustaa, jollei sitten ole huolissaan jostain muusta kuin siit\u00e4 itse kohtaavasta ty\u00f6st\u00e4.\u201d<\/p>\n","protected":false},"excerpt":{"rendered":"Oppositio ry\u00f6pytti hallitusta budjettiriihen p\u00e4\u00e4t\u00f6ksist\u00e4\u00e4n syksyn ensimm\u00e4isell\u00e4 kyselytunnilla eduskunnassa. Kritiikiss\u00e4 nousi esille etenkin se, etteiv\u00e4t p\u00e4\u00e4ministeri Petteri Orpo&hellip;\n","protected":false},"author":2,"featured_media":340740,"comment_status":"","ping_status":"","sticky":false,"template":"","format":"standard","meta":{"footnotes":"","_share_on_mastodon":"0"},"categories":[12],"tags":[22,23,26,27,33,31,30,17,46,24,25,28,29,15,18,21,32,19,20,16],"class_list":["post-340739","post","type-post","status-publish","format-standard","has-post-thumbnail","category-suomi","tag-breaking-news","tag-breakingnews","tag-featured-news","tag-featurednews","tag-fi","tag-finland","tag-finnish","tag-headlines","tag-helsingin-sanomat","tag-latest-news","tag-latestnews","tag-main-news","tag-mainnews","tag-news","tag-otsikot","tag-paauutiset","tag-suomi","tag-top-stories","tag-topstories","tag-uutiset"],"share_on_mastodon":{"url":"https:\/\/pubeurope.com\/@fi\/117209315315284203","error":""},"_links":{"self":[{"href":"https:\/\/www.europesays.com\/fi\/wp-json\/wp\/v2\/posts\/340739","targetHints":{"allow":["GET"]}}],"collection":[{"href":"https:\/\/www.europesays.com\/fi\/wp-json\/wp\/v2\/posts"}],"about":[{"href":"https:\/\/www.europesays.com\/fi\/wp-json\/wp\/v2\/types\/post"}],"author":[{"embeddable":true,"href":"https:\/\/www.europesays.com\/fi\/wp-json\/wp\/v2\/users\/2"}],"replies":[{"embeddable":true,"href":"https:\/\/www.europesays.com\/fi\/wp-json\/wp\/v2\/comments?post=340739"}],"version-history":[{"count":0,"href":"https:\/\/www.europesays.com\/fi\/wp-json\/wp\/v2\/posts\/340739\/revisions"}],"wp:featuredmedia":[{"embeddable":true,"href":"https:\/\/www.europesays.com\/fi\/wp-json\/wp\/v2\/media\/340740"}],"wp:attachment":[{"href":"https:\/\/www.europesays.com\/fi\/wp-json\/wp\/v2\/media?parent=340739"}],"wp:term":[{"taxonomy":"category","embeddable":true,"href":"https:\/\/www.europesays.com\/fi\/wp-json\/wp\/v2\/categories?post=340739"},{"taxonomy":"post_tag","embeddable":true,"href":"https:\/\/www.europesays.com\/fi\/wp-json\/wp\/v2\/tags?post=340739"}],"curies":[{"name":"wp","href":"https:\/\/api.w.org\/{rel}","templated":true}]}}