{"id":340741,"date":"2026-09-03T21:49:11","date_gmt":"2026-09-03T21:49:11","guid":{"rendered":"https:\/\/www.europesays.com\/fi\/340741\/"},"modified":"2026-09-03T21:49:11","modified_gmt":"2026-09-03T21:49:11","slug":"sm-liigasta-tuttu-michal-kovarcik-loukkaantui-pelottavasti-tshekissa","status":"publish","type":"post","link":"https:\/\/www.europesays.com\/fi\/340741\/","title":{"rendered":"SM-liigasta tuttu Michal Kovarcik loukkaantui pelottavasti Tshekiss\u00e4"},"content":{"rendered":"<p>29-vuotias hy\u00f6kk\u00e4\u00e4j\u00e4 loukkaantui karmealla tavalla Tshekiss\u00e4.<\/p>\n<p><img decoding=\"async\" src=\"https:\/\/www.europesays.com\/fi\/wp-content\/uploads\/2026\/09\/1788472151_940_468.jpg\" alt=\"Michal Kovarcik loisti K\u00e4rpiss\u00e4 kaudella 2024\u201325. Sit\u00e4 ennen h\u00e4n pelasi kaksi kautta Mikkelin Jukureissa.\" class=\"_Img_1rerz_1\" style=\"aspect-ratio:1920\/1080\" loading=\"eager\"\/><\/p>\n<p class=\"font-(family-name:--picture-caption-font-family) text-(length:--picture-caption-font-size) leading-(--picture-caption-leading) font-(--picture-caption-font-weight) text-(color:--picture-caption-color)\">Michal Kovarcik loisti K\u00e4rpiss\u00e4 kaudella 2024\u201325. Sit\u00e4 ennen h\u00e4n pelasi kaksi kautta Mikkelin Jukureissa. Kuva:\u00a0Elmeri Elo \/ All Over Press<\/p>\n<p>3.9. 23:27<\/p>\n<p class=\"article-body mb-(--paragraph-margin-b) px-nof-16\">Tshekkil\u00e4ist\u00e4 Ocelari Trineci\u00e4 edustava entinen SM-liigat\u00e4hti <a class=\"font-bold underline-offset-[0.12em] [text-decoration:var(--person-link-text-decoration)] [text-decoration-color:var(--person-link-text-decoration-color)]!\" href=\"https:\/\/www.is.fi\/haku\/?query=Michal%20Kovarcik\" rel=\"nofollow noopener\" target=\"_blank\">Michal Kovarcik<\/a> loukkaantui vaarallisesti harjoitusottelussa torstaina, uutisoi esimerkiksi <a class=\"underline underline-offset-[0.12em] [text-decoration-thickness:var(--generic-link-underline-thickness)] [text-decoration-color:var(--generic-link-underline-color)] [text-decoration-skip-ink:var(--generic-link-underline-skip-ink)] break-words\" href=\"https:\/\/www.hokej.cz\/zabka-okomentoval-nedohrany-mac-stezoval-si-na-kamery-reagoval-i-zabransky\/5097802\" rel=\"nofollow noopener\" target=\"_blank\">Hokej.cz<\/a>.<\/p>\n<p class=\"article-body mb-(--paragraph-margin-b) px-nof-16\">Trinec pelasi vieraskent\u00e4ll\u00e4 harjoitusottelua Kometa Brnoa vastaan. 20 sekuntia ennen avauser\u00e4n loppua <a class=\"font-bold underline-offset-[0.12em] [text-decoration:var(--person-link-text-decoration)] [text-decoration-color:var(--person-link-text-decoration-color)]!\" href=\"https:\/\/www.is.fi\/haku\/?query=Jan%20Scotka\" rel=\"nofollow noopener\" target=\"_blank\">Jan Scotka<\/a> taklasi Kovarcikia voimakkaasti. Kovarcik j\u00e4i makaamaan liikkumattomana j\u00e4\u00e4h\u00e4n.<\/p>\n<p class=\"article-body mb-(--paragraph-margin-b) px-nof-16\">H\u00e4net vietiin paareilla sairaalaan. Hokej.cz:n mukaan pelaaja oli tapahtuneen j\u00e4lkeen tajuissaan ja pystynyt kommunikoimaan.<\/p>\n<p class=\"article-body mb-(--paragraph-margin-b) px-nof-16\">Trinec tiedotti viel\u00e4 torstai-iltana somessa, ett\u00e4 Kovarcik on p\u00e4\u00e4ssyt sairaalasta ja ett\u00e4 tutkimuksissa h\u00e4nell\u00e4 todettiin aivot\u00e4r\u00e4hdys mutta ei muita vammoja.<\/p>\n<p class=\"article-body mb-(--paragraph-margin-b) px-nof-16\">Kovarcik pelasi SM-liigaa Jukureissa ja K\u00e4rpiss\u00e4 kausina 2022\u201325 ja kuului sarjan t\u00e4htiin varsinkin kahdella viimeisell\u00e4 kaudellaan. Sesongilla 2024\u201325 h\u00e4n takoi K\u00e4rpille 62 pistett\u00e4 ja sijoittui runkosarjan pistep\u00f6rssiss\u00e4 toiseksi.<\/p>\n<p class=\"article-body mb-(--paragraph-margin-b) px-nof-16\">My\u00f6s tilanteen toinen osapuoli Scotka on SM-liigasta tuttu. H\u00e4n toimi JYPin kapteenina kaudella 2021\u201322.<\/p>\n<p><img decoding=\"async\" src=\"https:\/\/www.europesays.com\/fi\/wp-content\/uploads\/2026\/09\/1788472151_601_468.jpg\" alt=\"Kovarcikia taklannut Jan Scotka pelasi JYPiss\u00e4 viisi vuotta sitten. Tilanteen kumpikin osapuoli on edustanut my\u00f6s Tshekin maajoukkuetta.\" class=\"_Img_1rerz_1\" style=\"aspect-ratio:1920\/1280\" loading=\"eager\"\/><\/p>\n<p class=\"font-(family-name:--picture-caption-font-family) text-(length:--picture-caption-font-size) leading-(--picture-caption-leading) font-(--picture-caption-font-weight) text-(color:--picture-caption-color) picture-with-caption__caption picture-with-caption__caption--default-full\">Kovarcikia taklannut Jan Scotka pelasi JYPiss\u00e4 viisi vuotta sitten. Tilanteen kumpikin osapuoli on edustanut my\u00f6s Tshekin maajoukkuetta. Kuva:\u00a0Vesa P\u00f6pp\u00f6nen \/ All Over Press<\/p>\n<p class=\"article-body mb-(--paragraph-margin-b) px-nof-16\">Ottelu keskeytettiin taklauksen j\u00e4lkeen. Ensimm\u00e4inen er\u00e4 pelattiin loppuun, mutta Trinecin p\u00e4\u00e4valmentajan <a class=\"font-bold underline-offset-[0.12em] [text-decoration:var(--person-link-text-decoration)] [text-decoration-color:var(--person-link-text-decoration-color)]!\" href=\"https:\/\/www.is.fi\/haku\/?query=Boris%20Zabkan\" rel=\"nofollow noopener\" target=\"_blank\">Boris Zabkan<\/a> mukaan tunnelma oli tilanteen j\u00e4lkeen hyvin r\u00e4j\u00e4hdysherkk\u00e4.<\/p>\n<p class=\"article-body mb-(--paragraph-margin-b) px-nof-16\">Trinec saapui normaalisti vaihtoaitioon ennen toista er\u00e4\u00e4, mutta palasi sitten pukukoppiin. Zabka otti vastuun ottelun keskeytt\u00e4misest\u00e4.<\/p>\n<p class=\"article-body mb-(--paragraph-margin-b) px-nof-16\">\u2013\u2009Loukkaantuminen ei ollut ainoa syy. N\u00e4itte varmaan, millaista peli oli loukkaantumisen j\u00e4lkeisess\u00e4 vaihdossa. Sellainen peli ei olisi palvellut valmistautumistamme kauteen, enk\u00e4 halua riskeerata pelaajien terveytt\u00e4, Zabka selitti seuran <a class=\"underline underline-offset-[0.12em] [text-decoration-thickness:var(--generic-link-underline-thickness)] [text-decoration-color:var(--generic-link-underline-color)] [text-decoration-skip-ink:var(--generic-link-underline-skip-ink)] break-words\" href=\"https:\/\/www.hcocelari.cz\/cz\/article\/10731-Boris-Zabka-o-predcasnem-ukonceni-pripravneho-utkani-v-Brne\" rel=\"nofollow noopener\" target=\"_blank\">verkkosivuilla<\/a>.<\/p>\n<p class=\"article-body mb-(--paragraph-margin-b) px-nof-16\">Zabka sanoi keskustelleensa taklaustilanteesta tuomareiden kanssa heti er\u00e4tauon alussa. Asiaan piti palata ennen toista er\u00e4\u00e4, mutta silloin selvisi, ett\u00e4 tuomareilla ei ollut tilanteesta laadukasta kuvamateriaalia.<\/p>\n<p class=\"article-body mb-(--paragraph-margin-b) px-nof-16\">Zabka kertoi senkin olleen yksi peruste h\u00e4nen ratkaisulleen.<\/p>\n<p class=\"article-body mb-(--paragraph-margin-b) px-nof-16\">\u2013\u2009Ei pit\u00e4isi olla mahdollista, ett\u00e4 tuomarilla ei ole k\u00e4ytett\u00e4viss\u00e4\u00e4n kuvamateriaalia p\u00e4\u00e4sarjahallissa pelattavan kahden liigajoukkueen kohtaamisesta, h\u00e4n jyr\u00e4hti.<\/p>\n<p class=\"article-body mb-(--paragraph-margin-b) px-nof-16\">P\u00e4\u00e4t\u00f6kseen vaikutti Zabkan mukaan my\u00f6s se, ett\u00e4 paikalla oli loukkaantuneen Kovarcikin l\u00e4heisi\u00e4. My\u00f6s t\u00e4m\u00e4n veli, Jukureita vuosina 2022\u201324 edustanut <a class=\"font-bold underline-offset-[0.12em] [text-decoration:var(--person-link-text-decoration)] [text-decoration-color:var(--person-link-text-decoration-color)]!\" href=\"https:\/\/www.is.fi\/haku\/?query=Ondrej\" rel=\"nofollow noopener\" target=\"_blank\">Ondrej<\/a> pelaa Trineciss\u00e4.<\/p>\n<p class=\"article-body mb-(--paragraph-margin-b) px-nof-16\">Brnon p\u00e4\u00e4valmentaja ja omistaja <a class=\"font-bold underline-offset-[0.12em] [text-decoration:var(--person-link-text-decoration)] [text-decoration-color:var(--person-link-text-decoration-color)]!\" href=\"https:\/\/www.is.fi\/haku\/?query=Libor%20Zabransky\" rel=\"nofollow noopener\" target=\"_blank\">Libor Zabransky<\/a> kertoi hyv\u00e4ksyv\u00e4ns\u00e4 Trinecin p\u00e4\u00e4t\u00f6ksen keskeytt\u00e4\u00e4 ottelu.<\/p>\n<p class=\"article-body mb-(--paragraph-margin-b) px-nof-16\">\u2013\u2009Ymm\u00e4rr\u00e4n Trinecin p\u00e4\u00e4valmentajan perustelut ottelun keskeytt\u00e4miselle ja kunnioitan h\u00e4nen ratkaisuaan. Emme toivo muuta kuin ett\u00e4 Michal Kovarcik olisi kunnossa, Zabransky sanoo Brnon <a class=\"underline underline-offset-[0.12em] [text-decoration-thickness:var(--generic-link-underline-thickness)] [text-decoration-color:var(--generic-link-underline-color)] [text-decoration-skip-ink:var(--generic-link-underline-skip-ink)] break-words\" href=\"https:\/\/www.hc-kometa.cz\/zapas.asp?id=Kometa-nedohrala-duel-s-Trincem-souper-po-dvaceti-minutach-odmitl-pokracovat-10160\" rel=\"nofollow noopener\" target=\"_blank\">verkkosivuilla<\/a>.<\/p>\n","protected":false},"excerpt":{"rendered":"29-vuotias hy\u00f6kk\u00e4\u00e4j\u00e4 loukkaantui karmealla tavalla Tshekiss\u00e4. Michal Kovarcik loisti K\u00e4rpiss\u00e4 kaudella 2024\u201325. Sit\u00e4 ennen h\u00e4n pelasi kaksi kautta&hellip;\n","protected":false},"author":2,"featured_media":340742,"comment_status":"","ping_status":"","sticky":false,"template":"","format":"standard","meta":{"footnotes":"","_share_on_mastodon":"0"},"categories":[5],"tags":[22,23,26,27,33,31,30,17,34,24,25,28,29,15,18,21,32,19,20,16],"class_list":["post-340741","post","type-post","status-publish","format-standard","has-post-thumbnail","category-otsikot","tag-breaking-news","tag-breakingnews","tag-featured-news","tag-featurednews","tag-fi","tag-finland","tag-finnish","tag-headlines","tag-ilta-sanomat","tag-latest-news","tag-latestnews","tag-main-news","tag-mainnews","tag-news","tag-otsikot","tag-paauutiset","tag-suomi","tag-top-stories","tag-topstories","tag-uutiset"],"share_on_mastodon":{"url":"https:\/\/pubeurope.com\/@fi\/117209319007338754","error":""},"_links":{"self":[{"href":"https:\/\/www.europesays.com\/fi\/wp-json\/wp\/v2\/posts\/340741","targetHints":{"allow":["GET"]}}],"collection":[{"href":"https:\/\/www.europesays.com\/fi\/wp-json\/wp\/v2\/posts"}],"about":[{"href":"https:\/\/www.europesays.com\/fi\/wp-json\/wp\/v2\/types\/post"}],"author":[{"embeddable":true,"href":"https:\/\/www.europesays.com\/fi\/wp-json\/wp\/v2\/users\/2"}],"replies":[{"embeddable":true,"href":"https:\/\/www.europesays.com\/fi\/wp-json\/wp\/v2\/comments?post=340741"}],"version-history":[{"count":0,"href":"https:\/\/www.europesays.com\/fi\/wp-json\/wp\/v2\/posts\/340741\/revisions"}],"wp:featuredmedia":[{"embeddable":true,"href":"https:\/\/www.europesays.com\/fi\/wp-json\/wp\/v2\/media\/340742"}],"wp:attachment":[{"href":"https:\/\/www.europesays.com\/fi\/wp-json\/wp\/v2\/media?parent=340741"}],"wp:term":[{"taxonomy":"category","embeddable":true,"href":"https:\/\/www.europesays.com\/fi\/wp-json\/wp\/v2\/categories?post=340741"},{"taxonomy":"post_tag","embeddable":true,"href":"https:\/\/www.europesays.com\/fi\/wp-json\/wp\/v2\/tags?post=340741"}],"curies":[{"name":"wp","href":"https:\/\/api.w.org\/{rel}","templated":true}]}}