{"id":340751,"date":"2026-09-03T22:09:16","date_gmt":"2026-09-03T22:09:16","guid":{"rendered":"https:\/\/www.europesays.com\/fi\/340751\/"},"modified":"2026-09-03T22:09:16","modified_gmt":"2026-09-03T22:09:16","slug":"helsingin-oodista-saa-nyt-design-vaatteita-kirjastokortilla-suurin-osa-vaatteista-lainattiin-vuorokaudessa-uusimaa","status":"publish","type":"post","link":"https:\/\/www.europesays.com\/fi\/340751\/","title":{"rendered":"Helsingin Oodista saa nyt design-vaatteita kirjasto\u00adkortilla \u2013 suurin osa vaatteista lainattiin vuorokaudessa | Uusimaa"},"content":{"rendered":"<p class=\"aw__sc-1qwuw0s-0 aw__sc-1vg2sqm-0 epAWpq ecELkD yle__article__paragraph\">Keskusta\u00adkirjasto Oodin Vaate\u00adkirjastosta voi lainata viiden suunnittelijan ja taiteilijan suunnittelemia vaatteita, jotka on valmistettu kierr\u00e4tys\u00admateriaaleista.<\/p>\n<p><img decoding=\"async\" alt=\"Kaksi henkil\u00f6\u00e4 tarkastelee valkoista mekkoa vaatehenkarilla sis\u00e4tiloissa; taustalla n\u00e4kyy muita vaatteita ja teksti\u00e4 taululla.\" src=\"https:\/\/www.europesays.com\/fi\/wp-content\/uploads\/2026\/09\/1788440527.jpeg\" class=\"aw__sc-dklauk-0 LPzKX\"\/><\/p>\n<p>Avaa kuvien katselu<\/p>\n<p>Heidi Vesala ja Kristiina Heinonen katselevat lainattavissa olevia vaatteita Helsingin keskustakirjasto Oodissa. Kuva: Rosa Lehtokari \/ Yle<\/p>\n<p class=\"aw__sc-1qwuw0s-0 aw__sc-ngllmo-0 epAWpq fzYpjk yle__article__paragraph\">Helsingin keskustakirjasto Oodin Vaatekirjasto on ollut auki vasta vajaan vuorokauden, ja sen aikana suurin osa vaatteista on lainattu.<\/p>\n<p class=\"aw__sc-1qwuw0s-0 aw__sc-ngllmo-0 epAWpq fzYpjk yle__article__paragraph\">Rekit eiv\u00e4t kuitenkaan viel\u00e4 ammota tyhjyytt\u00e4\u00e4n keskiviikon avajaisten j\u00e4ljilt\u00e4. Torstaina lainattavissa oli eri v\u00e4reist\u00e4 ja materiaaleista tehtyj\u00e4 vaatteita monessa eri koossa.<\/p>\n<p class=\"aw__sc-1qwuw0s-0 aw__sc-ngllmo-0 epAWpq fzYpjk yle__article__paragraph\">Oodissa <strong class=\"aw__sc-ngllmo-2 gdRrun yle__article__strong\">Kristiina Heinonen<\/strong> ja <strong class=\"aw__sc-ngllmo-2 gdRrun yle__article__strong\">Heidi Vesala<\/strong> ovat p\u00e4\u00e4tyneet vaaterekkien luo sattumalta.<\/p>\n<p class=\"aw__sc-1qwuw0s-0 aw__sc-ngllmo-0 epAWpq fzYpjk yle__article__paragraph\">Heinonen on j\u00e4\u00e4nyt katselemaan farkkukankaasta tehtyj\u00e4 housuja, joiden h\u00e4n uskoo sopivan lapsenlapselleen.<\/p>\n<p class=\"aw__sc-1qwuw0s-0 aw__sc-ngllmo-0 epAWpq fzYpjk yle__article__paragraph\">\u2013 Mielest\u00e4ni t\u00e4m\u00e4 on aivan ihana idea, h\u00e4n sanoo.<\/p>\n<p class=\"aw__sc-1qwuw0s-0 aw__sc-ngllmo-0 epAWpq fzYpjk yle__article__paragraph\">Heinonen vieh\u00e4ttyy vaatteiden yksil\u00f6llisyydest\u00e4. H\u00e4n ei kaipaa lainattavaksi \u201dtavallisia\u201d vaatteita, koska sellaisia l\u00f6ytyy helposti kirpputoreilta.<\/p>\n<p class=\"aw__sc-1qwuw0s-0 aw__sc-ngllmo-0 epAWpq fzYpjk yle__article__paragraph\">\u2013 Voisin itse lainata t\u00e4\u00e4lt\u00e4 jotakin juhlaan tai erityiseen tilaisuuteen, Heinonen sanoo.<\/p>\n<p><img decoding=\"async\" alt=\"Kaksi henkil\u00f6\u00e4 tarkastelee v\u00e4rikk\u00e4it\u00e4 vaatekappaleita vaaterekill\u00e4 sis\u00e4tilassa, osa vaatteista sis\u00e4lt\u00e4\u00e4 teksti\u00e4.\" src=\"https:\/\/www.europesays.com\/fi\/wp-content\/uploads\/2026\/09\/1788440519.jpeg\" loading=\"lazy\" class=\"aw__sc-dklauk-0 LPzKX\"\/><\/p>\n<p>Avaa kuvien katselu<\/p>\n<p>Lainaajien tulee huoltaa lainaamansa vaatteet itse. Heidi Vesalaa ja Kristiina Heinosta mietitytt\u00e4\u00e4, miten taiteilijoiden suunnittelemia vaatteita uskaltaa pest\u00e4.  Kuva: Rosa Lehtokari \/ Yle<\/p>\n<p>T\u00e4st\u00e4 Oodin Vaatekirjastossa on kyse<\/p>\n<ul class=\"aw__sc-1yb43iq-0 gFXHv yle__article__list yle__article__list--ul\">\n<li class=\"aw__sc-1yb43iq-1 gVAzbt\">Vaatteet ovat lainattavissa kirjastokortilla. Lainaaminen ei siis maksa mit\u00e4\u00e4n.<\/li>\n<li class=\"aw__sc-1yb43iq-1 gVAzbt\">Lainattavissa tulee olemaan yhteens\u00e4 58 vaatekappaletta. Kaikki vaatteet eiv\u00e4t ole viel\u00e4 lainattavissa.<\/li>\n<li class=\"aw__sc-1yb43iq-1 gVAzbt\">Vaatteita ovat suunnitelleet <strong class=\"aw__sc-ngllmo-2 gdRrun yle__article__strong\">Onerva Luoma<\/strong>, <strong class=\"aw__sc-ngllmo-2 gdRrun yle__article__strong\">Mirei Kato<\/strong>, <strong class=\"aw__sc-ngllmo-2 gdRrun yle__article__strong\">Jere Vilo<\/strong>, <strong class=\"aw__sc-ngllmo-2 gdRrun yle__article__strong\">Henna Lampinen<\/strong> ja Muotikummitus. Taiteilijat ovat inspiroituneet kirjallisuudesta luodessaan mallistojaan.<\/li>\n<li class=\"aw__sc-1yb43iq-1 gVAzbt\">Lainattavat vaatteet sijaitsevat Oodin toisessa kerroksessa.<\/li>\n<li class=\"aw__sc-1yb43iq-1 gVAzbt\">Laina-aika on viikon ja vaatteet t\u00e4ytyy palauttaa Oodiin.<\/li>\n<li class=\"aw__sc-1yb43iq-1 gVAzbt\">Asiakas huoltaa vaatteet itse ja kirjasto tarkistaa ne ennen palauttamista.<\/li>\n<li class=\"aw__sc-1yb43iq-1 gVAzbt\">Vaatekirjaston avajaisia vietettiin keskiviikkona 2. syyskuuta. Vaatekirjasto on pilottihanke, joka kest\u00e4\u00e4 puoli vuotta.<\/li>\n<\/ul>\n<p><img decoding=\"async\" alt=\"Kaksi henkil\u00f6\u00e4 istuu porrastetulla harmaalla penkill\u00e4, toisella avonainen kannettava tietokone syliss\u00e4.\" src=\"https:\/\/www.europesays.com\/fi\/wp-content\/uploads\/2026\/09\/1788440512.jpeg\" loading=\"lazy\" class=\"aw__sc-dklauk-0 LPzKX\"\/><\/p>\n<p>Avaa kuvien katselu<\/p>\n<p>Saana Ruokolainen mielest\u00e4 on yll\u00e4tt\u00e4v\u00e4\u00e4, ett\u00e4 kirjastosta voi lainata nyky\u00e4\u00e4n vaatteitakin. Vieress\u00e4 istuu Minna Ruokolainen. Kuva: Rosa Lehtokari \/ Yle<\/p>\n<p class=\"aw__sc-1qwuw0s-0 aw__sc-ngllmo-0 epAWpq fzYpjk yle__article__paragraph\">Helsinkil\u00e4inen <strong class=\"aw__sc-ngllmo-2 gdRrun yle__article__strong\">Saana Ruokolainen<\/strong> ei ollut kuullut Vaatekirjastosta aiemmin. H\u00e4nest\u00e4 idea on hauska, mutta yll\u00e4tt\u00e4v\u00e4.<\/p>\n<p class=\"aw__sc-1qwuw0s-0 aw__sc-ngllmo-0 epAWpq fzYpjk yle__article__paragraph\">\u2013 Ei ajattelisi, ett\u00e4 kirjastosta voisi lainata vaatteita, ne ovat niin henkil\u00f6kohtaisia. Toisaalta onhan kaikkia kirppareita ja muita, joista voi k\u00e4ytettyj\u00e4 vaatteita ostaa, Ruokolainen pohtii.<\/p>\n<p><img decoding=\"async\" alt=\"Rekill\u00e4 roikkuu erilaisia vaatteita, kuten vaaleanpunainen mekko, valkoinen r\u00f6yhel\u00f6 ja punakuvioinen takki.\" src=\"https:\/\/www.europesays.com\/fi\/wp-content\/uploads\/2026\/09\/1788473354_577_1788440519.jpeg\" loading=\"lazy\" class=\"aw__sc-dklauk-0 LPzKX\"\/><\/p>\n<p>Avaa kuvien katselu<\/p>\n<p>Lainattavat vaatteet on valmistettu kierr\u00e4tysmateriaaleista.  Kuva: Rosa Lehtokari \/ Yle<\/p>\n<p class=\"aw__sc-1qwuw0s-0 aw__sc-ngllmo-0 epAWpq fzYpjk yle__article__paragraph\"><strong class=\"aw__sc-ngllmo-2 gdRrun yle__article__strong\">Kaija Teikari<\/strong>, <strong class=\"aw__sc-ngllmo-2 gdRrun yle__article__strong\">Satu Haime<\/strong> ja <strong class=\"aw__sc-ngllmo-2 gdRrun yle__article__strong\">Helena Haavisto<\/strong> ovat saapuneet pit\u00e4m\u00e4\u00e4n kirjallisuuspiiri\u00e4 Oodiin.<\/p>\n<p class=\"aw__sc-1qwuw0s-0 aw__sc-ngllmo-0 epAWpq fzYpjk yle__article__paragraph\">Yst\u00e4vykset pit\u00e4v\u00e4t Vaatekirjastoa hyv\u00e4n\u00e4 ideana etenkin juhlavaatteiden lainaamiseen. Haaviston mukaan esimerkiksi itse ostettu juhlamekko saattaa usein j\u00e4\u00e4d\u00e4 k\u00e4ytt\u00e4m\u00e4tt\u00e4 yksien juhlien j\u00e4lkeen.<\/p>\n<p class=\"aw__sc-1qwuw0s-0 aw__sc-ngllmo-0 epAWpq fzYpjk yle__article__paragraph\">\u2013 T\u00e4m\u00e4 on hyv\u00e4. Meit\u00e4 paljon nuoremmat ihmiset osaavat enemm\u00e4nkin k\u00e4ytt\u00e4\u00e4 t\u00e4mm\u00f6ist\u00e4 kierr\u00e4tyst\u00e4 ja muuta, Haavisto sanoo.<\/p>\n<p><img decoding=\"async\" alt=\"Kolme naista istuu harmaalla sohvalla sis\u00e4tilassa, laukkuja lattialla heid\u00e4n edess\u00e4\u00e4n. Taustalla lasiseini\u00e4 ja ihmisi\u00e4.\" src=\"https:\/\/www.europesays.com\/fi\/wp-content\/uploads\/2026\/09\/1788440526.jpeg\" loading=\"lazy\" class=\"aw__sc-dklauk-0 LPzKX\"\/><\/p>\n<p>Avaa kuvien katselu<\/p>\n<p>Kaija Teikari, Satu Haime ja Helena Haavisto pit\u00e4v\u00e4t ajatusta kirjastosta lainattavista vaatteista hyv\u00e4n\u00e4. \u201dOn eritt\u00e4in ekologinen vaihtoehto, ett\u00e4 vaatteet tulevat useamman henkil\u00f6n k\u00e4ytt\u00f6\u00f6n\u201d, Haime sanoo. Kuva: Rosa Lehtokari \/ Yle<\/p>\n<p class=\"aw__sc-1qwuw0s-0 aw__sc-ngllmo-0 epAWpq fzYpjk yle__article__paragraph\">Haimen mielest\u00e4 on hyv\u00e4, ett\u00e4 lainattavissa on juuri design-vaatteita. Sellaisille kun ei v\u00e4ltt\u00e4m\u00e4tt\u00e4 l\u00f6ytyisi paljoakaan jatkok\u00e4ytt\u00f6\u00e4 omassa vaatekaapissa.<\/p>\n<p class=\"aw__sc-1qwuw0s-0 aw__sc-ngllmo-0 epAWpq fzYpjk yle__article__paragraph\">Teikari ei itse halua k\u00e4ytt\u00e4\u00e4 muiden k\u00e4ytt\u00e4mi\u00e4 vaatteita, mutta h\u00e4nen mielest\u00e4\u00e4n vaatelainaamo sopii hyvin nimenomaan Oodiin.<\/p>\n<p class=\"aw__sc-1qwuw0s-0 aw__sc-ngllmo-0 epAWpq fzYpjk yle__article__paragraph\">\u2013 Kun ajatellaan t\u00e4t\u00e4 taloa, jossa on ompelukoneet ja filosofian kurssit, niin t\u00e4nne sopivat hyvin mekot lainattavaksi. En usko, ett\u00e4 vaatteita lainattaisiin vaikkapa Rautavaaran kirjastossa keskell\u00e4 Savoa, h\u00e4n sanoo.<\/p>\n<p><img decoding=\"async\" alt=\"Henkil\u00f6 tarkastelee vaatteita vaater\u00e4kiss\u00e4 sis\u00e4tilassa, p\u00f6yd\u00e4ll\u00e4 ja vaaterekiss\u00e4 n\u00e4kyy esitteit\u00e4 ja paperiarkkeja.\" src=\"https:\/\/www.europesays.com\/fi\/wp-content\/uploads\/2026\/09\/1788473356_474_1788440512.jpeg\" loading=\"lazy\" class=\"aw__sc-dklauk-0 LPzKX\"\/><\/p>\n<p>Avaa kuvien katselu<\/p>\n<p>\u201dIhmisilt\u00e4 on tullut tosi hyv\u00e4\u00e4 palautetta. Todella paljon on l\u00e4htenyt vaatteita lainaan\u201d, Oodin ty\u00f6ntekij\u00e4 Helmi Kervinen kertoo. Kuva: Rosa Lehtokari \/ Yle<\/p>\n","protected":false},"excerpt":{"rendered":"Keskusta\u00adkirjasto Oodin Vaate\u00adkirjastosta voi lainata viiden suunnittelijan ja taiteilijan suunnittelemia vaatteita, jotka on valmistettu kierr\u00e4tys\u00admateriaaleista. Avaa kuvien katselu&hellip;\n","protected":false},"author":2,"featured_media":340752,"comment_status":"","ping_status":"","sticky":false,"template":"","format":"standard","meta":{"footnotes":"","_share_on_mastodon":"0"},"categories":[130],"tags":[137,33,31,30,41997,104,2471,71,108,106,32,1168,107,109,41998],"class_list":["post-340751","post","type-post","status-publish","format-standard","has-post-thumbnail","category-viihde","tag-entertainment","tag-fi","tag-finland","tag-finnish","tag-helsingin-keskustakirjasto-oodi","tag-helsinki","tag-kirjastot","tag-kotimaa","tag-kulttuuri","tag-muoti","tag-suomi","tag-uusimaa","tag-vaatteet","tag-viihde","tag-yleiset-kirjastot"],"share_on_mastodon":{"url":"https:\/\/pubeurope.com\/@fi\/117209397048041801","error":""},"_links":{"self":[{"href":"https:\/\/www.europesays.com\/fi\/wp-json\/wp\/v2\/posts\/340751","targetHints":{"allow":["GET"]}}],"collection":[{"href":"https:\/\/www.europesays.com\/fi\/wp-json\/wp\/v2\/posts"}],"about":[{"href":"https:\/\/www.europesays.com\/fi\/wp-json\/wp\/v2\/types\/post"}],"author":[{"embeddable":true,"href":"https:\/\/www.europesays.com\/fi\/wp-json\/wp\/v2\/users\/2"}],"replies":[{"embeddable":true,"href":"https:\/\/www.europesays.com\/fi\/wp-json\/wp\/v2\/comments?post=340751"}],"version-history":[{"count":0,"href":"https:\/\/www.europesays.com\/fi\/wp-json\/wp\/v2\/posts\/340751\/revisions"}],"wp:featuredmedia":[{"embeddable":true,"href":"https:\/\/www.europesays.com\/fi\/wp-json\/wp\/v2\/media\/340752"}],"wp:attachment":[{"href":"https:\/\/www.europesays.com\/fi\/wp-json\/wp\/v2\/media?parent=340751"}],"wp:term":[{"taxonomy":"category","embeddable":true,"href":"https:\/\/www.europesays.com\/fi\/wp-json\/wp\/v2\/categories?post=340751"},{"taxonomy":"post_tag","embeddable":true,"href":"https:\/\/www.europesays.com\/fi\/wp-json\/wp\/v2\/tags?post=340751"}],"curies":[{"name":"wp","href":"https:\/\/api.w.org\/{rel}","templated":true}]}}