{"id":340755,"date":"2026-09-03T22:13:12","date_gmt":"2026-09-03T22:13:12","guid":{"rendered":"https:\/\/www.europesays.com\/fi\/340755\/"},"modified":"2026-09-03T22:13:12","modified_gmt":"2026-09-03T22:13:12","slug":"venalaiskenraalia-ammuttiin-paahan-etela-venajalla","status":"publish","type":"post","link":"https:\/\/www.europesays.com\/fi\/340755\/","title":{"rendered":"Ven\u00e4l\u00e4iskenraalia ammuttiin p\u00e4\u00e4h\u00e4n Etel\u00e4-Ven\u00e4j\u00e4ll\u00e4"},"content":{"rendered":"<p>Kohteena oli ven\u00e4l\u00e4ismedioiden mukaan Kiovan lastensairaalaiskun toteuttanut kenraali.<\/p>\n<p><img decoding=\"async\" class=\"image image-show image-preview\" src=\"https:\/\/www.europesays.com\/fi\/wp-content\/uploads\/2026\/09\/8a4801a35efa49cd27f3d65c0f8ea1a3c14f87d87b980474bbf4ea459ceb293b.jpg\" alt=\"\"\/><img decoding=\"async\" class=\"image image-show\" src=\"https:\/\/www.europesays.com\/fi\/wp-content\/uploads\/2026\/09\/1788473592_904_8a4801a35efa49cd27f3d65c0f8ea1a3c14f87d87b980474bbf4ea459ceb293b.jpg\" alt=\"\"\/><\/p>\n<p>Ammuskelu tapahtui Saratovin alueella Engelsiss\u00e4, jonka erottaa Saratovin kaupungista Volga-joki. ZumaWire \/ MVPHOTOS<\/p>\n<p class=\"paragraph\">Moottoripy\u00f6r\u00e4ll\u00e4 liikkeell\u00e4 ollut hy\u00f6kk\u00e4\u00e4j\u00e4 ampui ven\u00e4l\u00e4isupseeria kasvoihin torstaiaamuna Etel\u00e4-Ven\u00e4j\u00e4ll\u00e4 Engelsiss\u00e4.<\/p>\n<p class=\"paragraph\">Ven\u00e4j\u00e4n puolustusministeri\u00f6 ei ole kommentoinut tapausta, mutta riippumattomissa ven\u00e4l\u00e4ismedioissa uhrin <a href=\"https:\/\/theins.ru\/news\/296739\" target=\"_blank\" rel=\"noopener nofollow\">kerrotaan<\/a> olevan kenraalimajuri <strong>Nikolai Varpahovit\u0161<\/strong>.<\/p>\n<p class=\"paragraph\">Talousmedia Kommersantin mukaan ampuminen tapahtui Probu\u017edenije-nimisess\u00e4 kyl\u00e4ss\u00e4. Hy\u00f6kk\u00e4\u00e4j\u00e4 ampui kaksi laukausta, joista toinen osui kenraalia kasvoihin ja toinen vartaloon, mink\u00e4 j\u00e4lkeen tekij\u00e4 pakeni paikalta moottoripy\u00f6r\u00e4ll\u00e4.<\/p>\n<p class=\"paragraph\">Hy\u00f6kk\u00e4yksess\u00e4 haavoittui my\u00f6s Varpahovit\u0161in kuljettaja, joka kykeni kuitenkin h\u00e4lytt\u00e4m\u00e4\u00e4n paikalle ensihoitajat.<\/p>\n<p class=\"paragraph\">Uhri toimitettiin sairaalahoitoon Saratoviin, mist\u00e4 h\u00e4net p\u00e4\u00e4tettiin siirt\u00e4\u00e4 erikoislennolla Moskovaan jatkohoitoa varten.<\/p>\n<p class=\"paragraph\">Tapahtumapaikka eristettiin pian ampumisen j\u00e4lkeen. Ven\u00e4j\u00e4n tutkintakomitea, turvallisuuspalvelu FSB ja poliisi tutkivat tapausta.<\/p>\n<p>Syytet\u00e4\u00e4n hy\u00f6kk\u00e4yksest\u00e4 lastensairaalaan<\/p>\n<p class=\"paragraph\">Ukrainan turvallisuuspalvelu SBU ja valtakunnansyytt\u00e4j\u00e4nvirasto ovat aiemmin syytt\u00e4neet Varpahovit\u0161ia sotarikoksista.<\/p>\n<p class=\"paragraph\">Ukrainan viranomaisten mukaan Varpahovit\u0161 antoi k\u00e4skyn ampua risteilyohjuksia Kiovassa sijaitsevaan Ohmatdyt-lastensairaalaan hein\u00e4kuussa 2024.<\/p>\n<p>Ven\u00e4j\u00e4 pommitti Kiovan Ohmatdytin lastensairaalaa hein\u00e4kuussa 2024. Mikko Huisko<\/p>\n<p class=\"paragraph\">Mik\u00e4li Ukraina on teon takana, olisi se jatkoa sarjalle korkea-arvoisiin ven\u00e4l\u00e4isupseereihin kohdistuneita iskuja.<\/p>\n<p class=\"paragraph\">Elokuun lopulla Ven\u00e4j\u00e4n ilmavoimien everstiluutnantti sai surmansa autopommi-iskussa Pietarissa.<\/p>\n<p class=\"paragraph\">Muutamaa viikkoa aiemmin Krimin Sevastopolissa Ven\u00e4j\u00e4n laivaston kapteeni <strong>Robert \u0160agejev<\/strong> <a href=\"https:\/\/www.iltalehti.fi\/ulkomaat\/78606540-dd89-4372-a472-b9c7b0e7adc5\" rel=\"nofollow noopener\" target=\"_blank\">kuoli r\u00e4j\u00e4hdyksess\u00e4<\/a>.<\/p>\n<p class=\"paragraph\">Lis\u00e4ksi elokuussa Moskovassa Balzi Rossi -ravintolassa tapahtuneessa r\u00e4j\u00e4hdyksess\u00e4 sai surmansa viisi ihmist\u00e4. Iskussa ep\u00e4ill\u00e4\u00e4n yritetyn salamurhata Ven\u00e4j\u00e4n ilma- ja avaruusvoimien komentaja <strong>Aleksandr T\u0161aiko<\/strong>, jota Ukraina syytt\u00e4\u00e4 But\u0161an sotarikoksista.<\/p>\n","protected":false},"excerpt":{"rendered":"Kohteena oli ven\u00e4l\u00e4ismedioiden mukaan Kiovan lastensairaalaiskun toteuttanut kenraali. Ammuskelu tapahtui Saratovin alueella Engelsiss\u00e4, jonka erottaa Saratovin kaupungista Volga-joki.&hellip;\n","protected":false},"author":2,"featured_media":340756,"comment_status":"","ping_status":"","sticky":false,"template":"","format":"standard","meta":{"footnotes":"","_share_on_mastodon":"0"},"categories":[14],"tags":[35,802,804,820,22,23,26,27,33,31,30,17,24,25,803,28,29,15,18,21,805,32,19,20,56,16,59,60,61],"class_list":["post-340755","post","type-post","status-publish","format-standard","has-post-thumbnail","category-ulkomaat","tag-24h","tag-armeijat-ja-aseelliset-joukot","tag-aseelliset-konfliktit","tag-aseet","tag-breaking-news","tag-breakingnews","tag-featured-news","tag-featurednews","tag-fi","tag-finland","tag-finnish","tag-headlines","tag-latest-news","tag-latestnews","tag-levottomuudet-ja-sodat","tag-main-news","tag-mainnews","tag-news","tag-otsikot","tag-paauutiset","tag-sota","tag-suomi","tag-top-stories","tag-topstories","tag-ulkomaat","tag-uutiset","tag-world","tag-world-news","tag-worldnews"],"share_on_mastodon":{"url":"https:\/\/pubeurope.com\/@fi\/117209413512060721","error":""},"_links":{"self":[{"href":"https:\/\/www.europesays.com\/fi\/wp-json\/wp\/v2\/posts\/340755","targetHints":{"allow":["GET"]}}],"collection":[{"href":"https:\/\/www.europesays.com\/fi\/wp-json\/wp\/v2\/posts"}],"about":[{"href":"https:\/\/www.europesays.com\/fi\/wp-json\/wp\/v2\/types\/post"}],"author":[{"embeddable":true,"href":"https:\/\/www.europesays.com\/fi\/wp-json\/wp\/v2\/users\/2"}],"replies":[{"embeddable":true,"href":"https:\/\/www.europesays.com\/fi\/wp-json\/wp\/v2\/comments?post=340755"}],"version-history":[{"count":0,"href":"https:\/\/www.europesays.com\/fi\/wp-json\/wp\/v2\/posts\/340755\/revisions"}],"wp:featuredmedia":[{"embeddable":true,"href":"https:\/\/www.europesays.com\/fi\/wp-json\/wp\/v2\/media\/340756"}],"wp:attachment":[{"href":"https:\/\/www.europesays.com\/fi\/wp-json\/wp\/v2\/media?parent=340755"}],"wp:term":[{"taxonomy":"category","embeddable":true,"href":"https:\/\/www.europesays.com\/fi\/wp-json\/wp\/v2\/categories?post=340755"},{"taxonomy":"post_tag","embeddable":true,"href":"https:\/\/www.europesays.com\/fi\/wp-json\/wp\/v2\/tags?post=340755"}],"curies":[{"name":"wp","href":"https:\/\/api.w.org\/{rel}","templated":true}]}}