{"id":340757,"date":"2026-09-03T22:14:08","date_gmt":"2026-09-03T22:14:08","guid":{"rendered":"https:\/\/www.europesays.com\/fi\/340757\/"},"modified":"2026-09-03T22:14:08","modified_gmt":"2026-09-03T22:14:08","slug":"kouvolan-tiktok-datakeskus-luo-360-pysyvaa-tyopaikkaa-vaittaa-selvitys","status":"publish","type":"post","link":"https:\/\/www.europesays.com\/fi\/340757\/","title":{"rendered":"Kouvolan Tiktok-datakeskus luo 360 pysyv\u00e4\u00e4 ty\u00f6paikkaa, v\u00e4itt\u00e4\u00e4 selvitys"},"content":{"rendered":"<p class=\"article-body mb-(--paragraph-margin-b) px-nof-16\">Kouvolan Korialle rakentuva niin sanottu Tiktok-datakeskus luo valmistuttuaan noin 360 ty\u00f6paikkaa, v\u00e4itt\u00e4\u00e4 uusi selvitys.<\/p>\n<p class=\"article-body mb-(--paragraph-margin-b) px-nof-16\">Datakeskus palkkaisi suoraan noin 130 ty\u00f6ntekij\u00e4\u00e4 ja ty\u00f6llist\u00e4isi lis\u00e4ksi ostopalveluna viitisenkymment\u00e4 turvallisuus- ja siivousalan ihmist\u00e4, joiden ty\u00f6paikka olisi pysyv\u00e4sti datakeskuksessa.<\/p>\n<p class=\"article-body mb-(--paragraph-margin-b) px-nof-16\">Loput ty\u00f6paikat syntyisiv\u00e4t v\u00e4lillisesti hankintaketjussa.<\/p>\n<p class=\"article-body mb-(--paragraph-margin-b) px-nof-16\">Taloudellista lis\u00e4arvoa keskuksen toiminnasta syntyisi suoraan ja v\u00e4lillisesti noin 60 miljoonaa euroa vuodessa.<\/p>\n<p class=\"article-body mb-(--paragraph-margin-b) px-nof-16\">N\u00e4ihin lukuihin p\u00e4\u00e4st\u00e4\u00e4n, kun my\u00f6s keskuksen toinen vaihe rakennetaan. Nyt on rakenteilla ensimm\u00e4inen vaihe, jonka laitteiden s\u00e4hk\u00f6teho olisi noin 51 megawattia ja rakennuksen pinta-ala noin 26\u202f600 neli\u00f6t\u00e4.<\/p>\n<p class=\"article-body mb-(--paragraph-margin-b) px-nof-16\">Ensimm\u00e4inen rakennus ty\u00f6llist\u00e4isi valmistuttuaan selvityksen mukaan noin 40 ihmist\u00e4. Lis\u00e4ksi tulisi kolmisenkymment\u00e4 Tiktokin ty\u00f6ntekij\u00e4\u00e4.<\/p>\n<p class=\"article-body mb-(--paragraph-margin-b) px-nof-16\">Toinen vaihe on kaksi kertaa suurempi sek\u00e4 pinta-alalla ett\u00e4 s\u00e4hk\u00f6teholla mitattuna.<\/p>\n<p class=\"article-body mb-(--paragraph-margin-b) px-nof-16\">Tiktokin Suomen ja Tanskan yhteiskuntasuhde\u00adjohtajan <a class=\"font-bold underline-offset-[0.12em] [text-decoration:var(--person-link-text-decoration)] [text-decoration-color:var(--person-link-text-decoration-color)]!\" href=\"https:\/\/www.hs.fi\/haku\/?query=Christian%20Hannibalin\" rel=\"nofollow noopener\" target=\"_blank\">Christian Hannibalin<\/a> mukaan senkin rakentaminen k\u00e4ynnistyy pian.<\/p>\n<p class=\"article-body mb-(--paragraph-margin-b) px-nof-16\">\u201dKakkosvaiheen on tarkoitus valmistua vuonna 2028.\u201d<\/p>\n<p class=\"article-body mb-(--paragraph-margin-b) px-nof-16\">Yli puolet datakeskukseen tarvittavista ty\u00f6ntekij\u00f6ist\u00e4 olisi selvityksen mukaan amk- tai yliopistokoulutettuja. Keskukselle on t\u00e4rkeint\u00e4 pit\u00e4\u00e4 laitteet k\u00e4yt\u00f6ss\u00e4 ilman katkoja, mik\u00e4 tarkoittaa, ett\u00e4 siell\u00e4 pit\u00e4\u00e4 olla jatkuva valmius h\u00e4iri\u00f6tilanteiden korjaamiseen.<\/p>\n<p class=\"article-body mb-(--paragraph-margin-b) px-nof-16\">Tiktokinkin palkkalistoilla olevat ty\u00f6ntekij\u00e4t on tarkoitus palkata paikan p\u00e4\u00e4lt\u00e4 Suomesta. Ty\u00f6paikkoja on jo haettavana.<\/p>\n<p class=\"article-body mb-(--paragraph-margin-b) px-nof-16\">Norjalaisen Menon Economics -nimisen tutkimusyhti\u00f6n tekem\u00e4n selvityksen ovat tilanneet Tiktok ja hankkeen alun perin kehitt\u00e4nyt Hyperco.<\/p>\n<p class=\"article-body mb-(--paragraph-margin-b) px-nof-16\">Menon on saanut selvityst\u00e4 varten k\u00e4ytt\u00f6\u00f6ns\u00e4 todelliset ensimm\u00e4isen vaiheen investointiin k\u00e4ytetyt rahasummat sek\u00e4 tiedot keskuksen operatiivisista kuluista ja arvioidusta ty\u00f6voimatarpeesta.<\/p>\n<p class=\"article-body mb-(--paragraph-margin-b) px-nof-16\">Ty\u00f6paikkojen m\u00e4\u00e4r\u00e4n ja laadun arvioimiseen on k\u00e4ytetty my\u00f6s Tiktokin Norjassa sijaitsevan, jo toiminnassa olevan OSL-Hamarin datakeskuksen tietoja.<\/p>\n<p class=\"article-body mb-(--paragraph-margin-b) px-nof-16\">Datakeskus\u00adinvestointien suurimmat taloudelliset vaikutukset ovat silti kertaluonteisia ja tulevat rakennusvaiheesta. N\u00e4in on my\u00f6s Kouvolan Tiktok-keskuksessa.<\/p>\n<p class=\"article-body mb-(--paragraph-margin-b) px-nof-16\">Ensimm\u00e4isen vaiheen rakentaminen alkoi viime vuoden lopulla, ja sen on tarkoitus valmistua ensi vuonna. Rakennuksen p\u00e4\u00e4urakoitsija on rakennusyhti\u00f6 YIT. Tekniikan p\u00e4\u00e4urakoitsija on Caverion.<\/p>\n<p class=\"article-body mb-(--paragraph-margin-b) px-nof-16\">Kun my\u00f6s toinen vaihe toteutuu, keskuksen rakentaminen tuottaa selvityksen mukaan lis\u00e4arvoa jopa 930 miljoonaa euroa. T\u00e4st\u00e4 560 miljoonaa olisi suoria ostoja Suomesta ja suomalaisilta urakoitsijoilta.<\/p>\n<p class=\"article-body mb-(--paragraph-margin-b) px-nof-16\">Noin 370 miljoonaa olisi ep\u00e4suoraa vaikutusta pidemm\u00e4ll\u00e4 arvoketjussa.<\/p>\n<p class=\"article-body mb-(--paragraph-margin-b) px-nof-16\">Arvonlis\u00e4st\u00e4 noin 200 miljoonaa euroa olisi varsinaisesti rakentamista ja saman verran ostoja teollisuudelta. IT-alalla ja muissa liike-el\u00e4m\u00e4n palveluissa arvonlis\u00e4\u00e4 syntyisi jopa 330 miljoonaa euroa.<\/p>\n<p class=\"article-body mb-(--paragraph-margin-b) px-nof-16\">Luvut koskevat vain Suomesta hankittavia palveluja, tarvikkeita ja komponentteja.<\/p>\n<p class=\"article-body mb-(--paragraph-margin-b) px-nof-16\">Ty\u00f6t\u00e4 datakeskuksen rakentaminen toisi selvityksen mukaan yhteens\u00e4 noin 11\u202f700 henkil\u00f6ty\u00f6vuotta, joista 7\u202f200 olisi suoraan datakeskusta rakentavilla urakoitsijoilla.<\/p>\n<p class=\"article-body mb-(--paragraph-margin-b) px-nof-16\">Kouvolaan nouseva datakeskus on suomalaisen Hypercon kehitt\u00e4m\u00e4 hanke. Keskuksen rahoittaa ja omistaa singaporelainen Dayone, jolta Tiktok vuokraa tilat k\u00e4ytt\u00f6\u00f6ns\u00e4.<\/p>\n<p class=\"article-body mb-(--paragraph-margin-b) px-nof-16\">Keskus on osa Tiktokin Clover- eli apila-nimist\u00e4 projektia, jolla se pyrkii h\u00e4lvent\u00e4m\u00e4\u00e4n eurooppalaisten viranomaisten tietoturvahuolia.<\/p>\n<p class=\"article-body mb-(--paragraph-margin-b) px-nof-16\">Yhti\u00f6 on rakentamassa Eurooppaan datakeskuksia yhteens\u00e4 noin 12 miljardilla eurolla. Eurooppalaisten k\u00e4ytt\u00e4jien videot py\u00f6risiv\u00e4t n\u00e4iden keskusten palvelimilla, eik\u00e4 kiinalaisilla ty\u00f6ntekij\u00f6ill\u00e4 olisi p\u00e4\u00e4sy\u00e4 k\u00e4ytt\u00e4jien tietoihin.<\/p>\n<p class=\"article-body mb-(--paragraph-margin-b) px-nof-16\">Tietoturvan toteutumista valvoo ulkopuolinen tietoturvakonsultti.<\/p>\n<p class=\"article-body mb-(--paragraph-margin-b) px-nof-16\">Projektin datakeskuksia on jo rakennettu Irlantiin ja Norjaan. Suomessa Tiktok on rakentamassa datakeskusta Kouvolan lis\u00e4ksi Lahteen.<\/p>\n<p class=\"article-body mb-(--paragraph-margin-b) px-nof-16\">Kouvolan alueelle datakeskuksista on tulossa merkitt\u00e4v\u00e4 talouden elvytt\u00e4j\u00e4. Tiktok-keskuksen lis\u00e4ksi valmisteilla on kolme muutakin isoa datakeskushanketta.<\/p>\n<p class=\"article-body mb-(--paragraph-margin-b) px-nof-16\">Muun muassa mets\u00e4teollisuudelta vapautuneilla teollisuustonteilla on valmiina infrastruktuuria ja isoja s\u00e4hk\u00f6liittymi\u00e4, jotka ovat datakeskuskehitt\u00e4jille t\u00e4rkeit\u00e4.<\/p>\n","protected":false},"excerpt":{"rendered":"Kouvolan Korialle rakentuva niin sanottu Tiktok-datakeskus luo valmistuttuaan noin 360 ty\u00f6paikkaa, v\u00e4itt\u00e4\u00e4 uusi selvitys. Datakeskus palkkaisi suoraan noin&hellip;\n","protected":false},"author":2,"featured_media":340758,"comment_status":"","ping_status":"","sticky":false,"template":"","format":"standard","meta":{"footnotes":"","_share_on_mastodon":"0"},"categories":[12],"tags":[22,23,26,27,33,31,30,17,46,24,25,28,29,15,18,21,32,19,20,16],"class_list":["post-340757","post","type-post","status-publish","format-standard","has-post-thumbnail","category-suomi","tag-breaking-news","tag-breakingnews","tag-featured-news","tag-featurednews","tag-fi","tag-finland","tag-finnish","tag-headlines","tag-helsingin-sanomat","tag-latest-news","tag-latestnews","tag-main-news","tag-mainnews","tag-news","tag-otsikot","tag-paauutiset","tag-suomi","tag-top-stories","tag-topstories","tag-uutiset"],"share_on_mastodon":{"url":"https:\/\/pubeurope.com\/@fi\/117209416723405617","error":""},"_links":{"self":[{"href":"https:\/\/www.europesays.com\/fi\/wp-json\/wp\/v2\/posts\/340757","targetHints":{"allow":["GET"]}}],"collection":[{"href":"https:\/\/www.europesays.com\/fi\/wp-json\/wp\/v2\/posts"}],"about":[{"href":"https:\/\/www.europesays.com\/fi\/wp-json\/wp\/v2\/types\/post"}],"author":[{"embeddable":true,"href":"https:\/\/www.europesays.com\/fi\/wp-json\/wp\/v2\/users\/2"}],"replies":[{"embeddable":true,"href":"https:\/\/www.europesays.com\/fi\/wp-json\/wp\/v2\/comments?post=340757"}],"version-history":[{"count":0,"href":"https:\/\/www.europesays.com\/fi\/wp-json\/wp\/v2\/posts\/340757\/revisions"}],"wp:featuredmedia":[{"embeddable":true,"href":"https:\/\/www.europesays.com\/fi\/wp-json\/wp\/v2\/media\/340758"}],"wp:attachment":[{"href":"https:\/\/www.europesays.com\/fi\/wp-json\/wp\/v2\/media?parent=340757"}],"wp:term":[{"taxonomy":"category","embeddable":true,"href":"https:\/\/www.europesays.com\/fi\/wp-json\/wp\/v2\/categories?post=340757"},{"taxonomy":"post_tag","embeddable":true,"href":"https:\/\/www.europesays.com\/fi\/wp-json\/wp\/v2\/tags?post=340757"}],"curies":[{"name":"wp","href":"https:\/\/api.w.org\/{rel}","templated":true}]}}