{"id":340759,"date":"2026-09-03T22:15:17","date_gmt":"2026-09-03T22:15:17","guid":{"rendered":"https:\/\/www.europesays.com\/fi\/340759\/"},"modified":"2026-09-03T22:15:17","modified_gmt":"2026-09-03T22:15:17","slug":"putinilta-tunnustus-tvssa-olimme-vaarassa-iltalehti","status":"publish","type":"post","link":"https:\/\/www.europesays.com\/fi\/340759\/","title":{"rendered":"Putinilta tunnustus tv:ss\u00e4: \u201dOlimme v\u00e4\u00e4r\u00e4ss\u00e4\u201d &#8211; Iltalehti"},"content":{"rendered":"<ol>\n<li><a href=\"https:\/\/news.google.com\/rss\/articles\/CBMifEFVX3lxTE93S05YbHZJLTYyZWJyS2ZEZHVRQzhaSmQ5Nkh1ZGlDR0NLRjNMbnk5VnVfUnlHMTdZOTd0d3hQR1VaSmJmLVIyRGxPbkZRajVlYXBqbF9DMFVmQ0VOUWNfd0xoaXhObGxpSElnMkh0V09JbmVjYTN3X2l5VXU?oc=5\" target=\"_blank\" rel=\"nofollow noopener\">Putinilta tunnustus tv:ss\u00e4: \u201dOlimme v\u00e4\u00e4r\u00e4ss\u00e4\u201d<\/a>&nbsp;&nbsp;Iltalehti<\/li>\n<li><a href=\"https:\/\/news.google.com\/rss\/articles\/CBMie0FVX3lxTE5uY05xOXBjWjhSc3BCWFBLVXhOUlc1X1lSb2lBc05VcmZXcVlhcVZESnRBZUMtQ1Y3VllEN2ZIVE42c2R3aHN6SE9aOFJ0eFdvSlJfeVhIVE5UMlZwbVBBaF9FX1EwaXUyTm5ZUHprb0dLWGRkSDhocUY0aw?oc=5\" target=\"_blank\" rel=\"nofollow noopener\">Vladimir Putin uhoaa suoraan: \u201dVihollinen luhistuu\u201d<\/a>&nbsp;&nbsp;Uusi Suomi<\/li>\n<li><a href=\"https:\/\/news.google.com\/rss\/articles\/CBMilgFBVV95cUxPejJJWDg3c2N5VGlITG1FRWttSzlHRHRMdjl4MFhjYW9tLV9MeW8ydzl4WTllcTNvUUp6M1JVQ0FycC04WENYbnNVeXN6LTBwT2YzUjlGNEM4cjMzMlBBTHJqb0tqSjMxdDlwenlYcldoTHU3NmxtbVFGMThrS3ZhMkp6OUxiWUhoekVOVjNxUWx4OHdXaXc?oc=5\" target=\"_blank\" rel=\"nofollow noopener\">ISW paljasti Putinin valheet \u2013 &#8221;Irrallaan kaikesta&#8221;<\/a>&nbsp;&nbsp;mtvuutiset.fi<\/li>\n<li><a href=\"https:\/\/news.google.com\/rss\/articles\/CBMinwFBVV95cUxPNDlVYXBsNzZtSm5pZmE5UzQzT3JYMUNNS2pUX3NnTEJXbUdsZm4zWUh5clpVaUtWTUpKcnRnY3dYYkZOaExiQU1SbFUtbmFNeHBhaFdmTVN5WHo3aGN6Q3pOcmhJOHlaOFR0NDZnc2xTWjd5VGVramZmNnhmSVdObGlUTlphNWNiSWQwa2NHY1YzUkpMcXA3QTdwcE4wMEU?oc=5\" target=\"_blank\" rel=\"nofollow noopener\">Vladimir Putinin sotav\u00e4itteet tarkistettiin \u2013 \u201dT\u00e4m\u00e4 on toiveajattelua\u201d<\/a>&nbsp;&nbsp;Verkkouutiset<\/li>\n<li><a href=\"https:\/\/news.google.com\/rss\/articles\/CBMi_wFBVV95cUxOUnFQY05LNVQ4RW9mRXlQRThMU08zc054aFVFVnp2MTcwZjZndEItNkE0TEtoZzBqZUstY3lobkVOLVB1SGVWSTMyVnhXZTdkaDhfVTVtVkRjV3pXWkxDcFBOa1hwOGdBaERYRTRuSWFEeDBIdzExd3FrYkw3S0xDbkNwbHdudjYzWS1OWmVxTmU0MXVkNjE0MXMxNl9GbXZzTlF3RF9rTDJ1RWZtbTBvUDd2dkUwdmV0MnAyZkRseUhxMFBuY2JrbVpOSFcwbVJ0cHRuZUN6VGRpdXByd0tFVkl6bjc3QTllVGhUaVZzemViVHozdGMzZ3BGUGJXZGc?oc=5\" target=\"_blank\" rel=\"nofollow noopener\">Vladimir Putin v\u00e4itti tiistaina Ven\u00e4j\u00e4n olevan voittamassa Ukrainassa k\u00e4ym\u00e4ns\u00e4 hy\u00f6kk\u00e4yssodan. \ud83e\udd14 \ud83d\udc49 https:\/\/www.mtvuutiset.fi\/artikkeli\/isw-paljasti-putinin-valheet-irrallaan-kaikesta\/9387510<\/a>&nbsp;&nbsp;facebook.com<\/li>\n<\/ol>\n","protected":false},"excerpt":{"rendered":"Putinilta tunnustus tv:ss\u00e4: \u201dOlimme v\u00e4\u00e4r\u00e4ss\u00e4\u201d&nbsp;&nbsp;Iltalehti Vladimir Putin uhoaa suoraan: \u201dVihollinen luhistuu\u201d&nbsp;&nbsp;Uusi Suomi ISW paljasti Putinin valheet \u2013 &#8221;Irrallaan&hellip;\n","protected":false},"author":2,"featured_media":340760,"comment_status":"","ping_status":"","sticky":false,"template":"","format":"standard","meta":{"footnotes":"","_share_on_mastodon":"0"},"categories":[5],"tags":[35,22,23,124,1628,26,27,33,31,30,6639,17,24,25,28,29,15,2536,18,21,32,19,20,16,1262],"class_list":["post-340759","post","type-post","status-publish","format-standard","has-post-thumbnail","category-otsikot","tag-24h","tag-breaking-news","tag-breakingnews","tag-energia-sektori","tag-energia-ja-energiavarat","tag-featured-news","tag-featurednews","tag-fi","tag-finland","tag-finnish","tag-fossiiliset-polttoaineet","tag-headlines","tag-latest-news","tag-latestnews","tag-main-news","tag-mainnews","tag-news","tag-oljy-ja-kaasu","tag-otsikot","tag-paauutiset","tag-suomi","tag-top-stories","tag-topstories","tag-uutiset","tag-venajan-politiikka"],"share_on_mastodon":{"url":"https:\/\/pubeurope.com\/@fi\/117209420366857225","error":""},"_links":{"self":[{"href":"https:\/\/www.europesays.com\/fi\/wp-json\/wp\/v2\/posts\/340759","targetHints":{"allow":["GET"]}}],"collection":[{"href":"https:\/\/www.europesays.com\/fi\/wp-json\/wp\/v2\/posts"}],"about":[{"href":"https:\/\/www.europesays.com\/fi\/wp-json\/wp\/v2\/types\/post"}],"author":[{"embeddable":true,"href":"https:\/\/www.europesays.com\/fi\/wp-json\/wp\/v2\/users\/2"}],"replies":[{"embeddable":true,"href":"https:\/\/www.europesays.com\/fi\/wp-json\/wp\/v2\/comments?post=340759"}],"version-history":[{"count":0,"href":"https:\/\/www.europesays.com\/fi\/wp-json\/wp\/v2\/posts\/340759\/revisions"}],"wp:featuredmedia":[{"embeddable":true,"href":"https:\/\/www.europesays.com\/fi\/wp-json\/wp\/v2\/media\/340760"}],"wp:attachment":[{"href":"https:\/\/www.europesays.com\/fi\/wp-json\/wp\/v2\/media?parent=340759"}],"wp:term":[{"taxonomy":"category","embeddable":true,"href":"https:\/\/www.europesays.com\/fi\/wp-json\/wp\/v2\/categories?post=340759"},{"taxonomy":"post_tag","embeddable":true,"href":"https:\/\/www.europesays.com\/fi\/wp-json\/wp\/v2\/tags?post=340759"}],"curies":[{"name":"wp","href":"https:\/\/api.w.org\/{rel}","templated":true}]}}