{"id":340771,"date":"2026-09-03T22:40:10","date_gmt":"2026-09-03T22:40:10","guid":{"rendered":"https:\/\/www.europesays.com\/fi\/340771\/"},"modified":"2026-09-03T22:40:10","modified_gmt":"2026-09-03T22:40:10","slug":"zelenskyin-varoitus-sekoitti-moskovan-lentoliikenteen","status":"publish","type":"post","link":"https:\/\/www.europesays.com\/fi\/340771\/","title":{"rendered":"Zelenskyin varoitus sekoitti Moskovan lentoliikenteen"},"content":{"rendered":"<p>T\u00e4h\u00e4n artikkeliin on koottu Ukrainan sodan keskeisimm\u00e4t tapahtumat torstailta 3. syyskuuta 2026. Kyseess\u00e4 on sodan 1\u202f652. p\u00e4iv\u00e4.<\/p>\n<p><img decoding=\"async\" class=\"image image-show image-preview\" src=\"https:\/\/www.europesays.com\/fi\/wp-content\/uploads\/2026\/09\/717c3277c0d800053c86838a6a3850c2ed88c053dd985dd3a657495f8dce9e1e.jpg\" alt=\"\"\/><img decoding=\"async\" class=\"image image-show\" src=\"https:\/\/www.europesays.com\/fi\/wp-content\/uploads\/2026\/09\/1788475210_930_717c3277c0d800053c86838a6a3850c2ed88c053dd985dd3a657495f8dce9e1e.jpg\" alt=\"\"\/><\/p>\n<p>Ukrainan presidentti Volodymyr Zelenskyi on varoittanut lentoyhti\u00f6it\u00e4 Ven\u00e4j\u00e4n ilmatilan vaarallisuudesta. Pierre Teyssot\/AGF\/Shutterstock<\/p>\n<ul>\n<li>Ukrainan presidentti Volodymyr Zelenskyi odottaa Trumpin erikoisl\u00e4hettil\u00e4it\u00e4 vierailulle Kiovaan.<\/li>\n<li>Trump vaatii Euroopan mailta korvauksia Yhdysvaltain Ukrainalle aiemmin toimittamasta sotilasavusta.<\/li>\n<li>Putin\u200b sanoo Ven\u00e4j\u00e4 olisi m\u00e4\u00e4r\u00e4\u00e4m\u00e4ss\u00e4 uutta liikekannallepanoa Ukrainan sotaa varten.<\/li>\n<\/ul>\n<p>Zelenskyi: Trumpin erikoisl\u00e4hettil\u00e4\u00e4t Kiovaan l\u00e4hip\u00e4ivin\u00e4<\/p>\n<p class=\"paragraph\">Ukrainan presidentti <a href=\"https:\/\/www.iltalehti.fi\/henkilot\/Volodymyr Zelenskyi\" class=\"article-link-person-page\" rel=\"nofollow noopener\" target=\"_blank\">Volodymyr Zelenskyi<\/a> sanoo odottavansa Yhdysvaltain presidentin <a href=\"https:\/\/www.iltalehti.fi\/henkilot\/Donald Trump\" class=\"article-link-person-page\" rel=\"nofollow noopener\" target=\"_blank\">Donald Trumpin<\/a> erikoisl\u00e4hettil\u00e4it\u00e4, <a href=\"https:\/\/www.iltalehti.fi\/henkilot\/Steve Witkoff\" class=\"article-link-person-page\" rel=\"nofollow noopener\" target=\"_blank\">Steve Witkoffia<\/a> ja <a href=\"https:\/\/www.iltalehti.fi\/henkilot\/Jared Kushner\" class=\"article-link-person-page\" rel=\"nofollow noopener\" target=\"_blank\">Jared Kushneria<\/a>, vierailulle Kiovaan l\u00e4hip\u00e4ivin\u00e4. Asiasta kertoo AFP.<\/p>\n<p class=\"paragraph\">Tavoitteena on k\u00e4ynnist\u00e4\u00e4 uudelleen diplomaattiset pyrkimykset Ven\u00e4j\u00e4n hy\u00f6kk\u00e4yssodan p\u00e4\u00e4tt\u00e4miseksi.<\/p>\n<p class=\"paragraph\">Zelenskyin mukaan Trumpin l\u00e4hettil\u00e4ill\u00e4 on m\u00e4\u00e4r\u00e4 olla tapaamisia sek\u00e4 Moskovassa ett\u00e4 Kiovassa.<\/p>\n<p class=\"paragraph\">Kushner ja etenkin Witkoff ovat vierailleet viimeisen puolentoista vuoden aikana Moskovassa useita kertoja, mutta Kiovassa he eiv\u00e4t ole k\u00e4yneet kertaakaan tuona aikana.<\/p>\n<p>Trumpin l\u00e4hettil\u00e4\u00e4t tapasivat Putinin tammikuussa Moskovassa. ZumaWire \/ MVPHOTOS<\/p>\n<p>Trump karhuaa Euroopalta miljardikorvausta<\/p>\n<p class=\"paragraph\">Trump ilmoittaa vaativansa eurooppalaisilta mailta korvauksia Yhdysvaltain Ukrainalle aiemmin toimittamasta sotilasavusta ja ammuksista. Asiasta kertoo Reuters.<\/p>\n<p class=\"paragraph\">Trump arvosteli sosiaalisessa mediassa Ukrainalle ja Natolle annettuja avustuksia ja katsoi kulujen kuuluvan Euroopalle.<\/p>\n<p class=\"paragraph\">\u2013 Ukrainalle ja Natolle annettiin ilmaiseksi satoja miljardeja dollareita, jotka Eurooppa olisi maksanut, jos heilt\u00e4 olisi vain pyydetty. Me tulemme pyyt\u00e4m\u00e4\u00e4n niit\u00e4 rahoja, vaikkakin hieman my\u00f6h\u00e4ss\u00e4, Trump kirjoitti.<\/p>\n<p class=\"paragraph\">Lis\u00e4ksi Trump vihjasi Yhdysvaltain keskeytt\u00e4v\u00e4n v\u00e4liaikaisesti asemyynnin liittolaismaille omien ammusvarastojensa t\u00e4ydent\u00e4miseksi Iranin sodan keskell\u00e4.<\/p>\n<p class=\"paragraph\">\u2013 Otamme ne itsellemme Yhdysvaltoihin mieluummin kuin myymme muille, mutta myynti liittolaisille alkaa taas pian uudelleen, Trump sanoi.<\/p>\n<p>Donald Trump vaatii Euroopan maksavan takautuvasti Yhdysvaltain Ukrainalle antaman aseavun. Samuel Corum &#8211; Pool via CNP<\/p>\n<p>Putin: Ei tarvetta mobilisaatiolle<\/p>\n<p class=\"paragraph\">Ven\u00e4j\u00e4n presidentti <a href=\"https:\/\/www.iltalehti.fi\/henkilot\/Vladimir Putin\" class=\"article-link-person-page\" rel=\"nofollow noopener\" target=\"_blank\">Vladimir Putin\u200b<\/a> sanoo, ettei ole mink\u00e4\u00e4nlaisia skenaarioita, joissa Ven\u00e4j\u00e4n t\u00e4ytyisi m\u00e4\u00e4r\u00e4t\u00e4 uusi liikekannallepano Ukrainan sotaa varten.<\/p>\n<p class=\"paragraph\">Putin kommentoi asiaa torstaina Vladivostokissa j\u00e4rjestetyss\u00e4 talousfoorumissa sanoen, ett\u00e4 Ven\u00e4j\u00e4ll\u00e4 on jo riitt\u00e4v\u00e4sti sotilashenkil\u00f6st\u00f6\u00e4 saatavillaan.<\/p>\n<p class=\"paragraph\">Jo aiemmin t\u00e4ll\u00e4 viikolla Putin viittasi kintaallaan huhupuheille uudesta liikekannallepanosta. Diktaattori luonnehti n\u00e4it\u00e4 v\u00e4itteit\u00e4 &#8221;silkaksi p\u00f6typuheeksi&#8221; ja Ven\u00e4j\u00e4\u00e4n kohdistuvaksi &#8221;informaatiohy\u00f6kk\u00e4ykseksi&#8221;.<\/p>\n<p class=\"paragraph\">Putin otti kantaa my\u00f6s rauhansopimuksen mahdollisuuteen. H\u00e4nen mukaansa asia on lopulta Ven\u00e4j\u00e4n ja Ukrainan k\u00e4siss\u00e4, vaikka arvostaakin kaikkia, jotka ovat yritt\u00e4neet vaikuttaa asian j\u00e4rjestymiseen.<\/p>\n<p class=\"paragraph\">\u2013 Olemme kiitollisia kaikille, jotka pyrkiv\u00e4t my\u00f6t\u00e4vaikuttamaan sopuratkaisuun. Onko siihen mahdollisuutta? Minun n\u00e4hd\u00e4kseni kyll\u00e4 on, h\u00e4n sanoo.<\/p>\n<p class=\"paragraph\">Putin kuitenkin lis\u00e4\u00e4, ett\u00e4 Ukrainan harjoittama &#8221;valtiojohtoinen terrorismi&#8221; ja &#8221;uhkaukset&#8221; siviililentokoneita vastaan vaikeuttavat &#8221;kahdenv\u00e4listen rauhanneuvotteluiden mahdollisuuksia&#8221;.<\/p>\n<p class=\"paragraph\">Ukrainan presidentti Volodymyr Zelenskyi varoitti Ven\u00e4j\u00e4ll\u00e4 lent\u00e4vi\u00e4 siviililentokoneita Ven\u00e4j\u00e4n ilmatilan vaarallisuudesta, mutta korosti, ettei Ukraina kohdista hy\u00f6kk\u00e4yksi\u00e4\u00e4n niit\u00e4 vastaan.<\/p>\n<p class=\"paragraph\">Zelenskyin varoitus on saanut Moskovan lentokent\u00e4t sekaisin.<\/p>\n<p>Vladimir Putin puhui torstaina It\u00e4isess\u00e4 talousfoorumissa Vladivostokissa. ZUMAWIRE \/ MVPHOTOS<\/p>\n<p>Lentokaaos Moskovassa<\/p>\n<p class=\"paragraph\">Moskovassa Vnukovon ja \u0160eremetjevon lentoasemat keskeyttiv\u00e4t lennot jo toisena y\u00f6n\u00e4 per\u00e4kk\u00e4in sen j\u00e4lkeen, kun  Zelenskyi\u200b varoitti Ven\u00e4j\u00e4n ilmatilan vaarallisuudesta siviililennoille.<\/p>\n<p class=\"paragraph\">Ven\u00e4j\u00e4n federaation ilmaliikennevirasto Rosaviatsija ilmoitti keskiviikkona, ett\u00e4 lennot keskeytett\u00e4isiin my\u00f6s torstain vastaiseksi y\u00f6ksi. Rosaviatsijan ilmoituksen mukaan keskeytykset koskisivat niin saapuvia kuin l\u00e4htevi\u00e4 lentoja.<\/p>\n<p class=\"paragraph\">Asiasta uutisoivan The Moscow Timesin mukaan lentoliikennett\u00e4 seuraava Flightradar24-sivusto kertoo, ett\u00e4 \u0160eremetjevon lentokent\u00e4ll\u00e4 peruttiin 21 lentoa ja sielt\u00e4 siirrettiin 235 lentoa toisaalle.<\/p>\n<p class=\"paragraph\">Vastaavasti Vnukovon lentokent\u00e4ll\u00e4 peruttuja lentoja oli 22 ja siirrettyj\u00e4 94.<\/p>\n<p>Ven\u00e4j\u00e4n ilmaliikennevirasto keskeytti taas lennot Moskovan kentilt\u00e4. Kuva otettu Vnukovon lentoasemalla 2. syyskuuta. ZUMAWIRE\/MVPHOTOS<\/p>\n<p class=\"paragraph\">Zelenskyi antoi varoituksensa 1. syyskuuta, jolloin h\u00e4n varoitti lentoyhti\u00f6it\u00e4 ja vakuutusyhti\u00f6it\u00e4 Ukrainan vastaiskuista vastauksena Ven\u00e4j\u00e4n suorittamille iskuille.<\/p>\n<p class=\"paragraph\">\u2013 Haluamme varoittaa kaikkia Ven\u00e4j\u00e4n ilmatilaa k\u00e4ytt\u00e4vi\u00e4 lentoyhti\u00f6it\u00e4, jokaista vakuutusyhti\u00f6t\u00e4 ja kaikkia, jotka k\u00e4ytt\u00e4v\u00e4t Ven\u00e4j\u00e4n lentokentti\u00e4: Ven\u00e4j\u00e4n ilmatilasta on tulossa t\u00e4ysin vaarallinen, h\u00e4n sanoi tiistaina.<\/p>\n<p class=\"paragraph\">Zelenskyin mukaan Ukrainan droonit tulevat &#8221;k\u00e4yt\u00e4nn\u00f6ss\u00e4 sulkemaan&#8221; Ven\u00e4j\u00e4n ilmatilan.<\/p>\n<p class=\"paragraph\">\u2013 Toistaiseksi ilmatila Ven\u00e4j\u00e4n yll\u00e4 on drooneille, ei siviililennoille, Zelenskyi sanoi ja t\u00e4smensi, ett\u00e4 Ukraina ei uhkaa siviililentoja suoraan.<\/p>\n<p class=\"paragraph\">\u2013 Mutta Ven\u00e4j\u00e4n taivaalla tulee olemaan drooneja siin\u00e4 m\u00e4\u00e4rin, ett\u00e4 se on otettava huomioon.<\/p>\n<p class=\"paragraph\">Seuraavana p\u00e4iv\u00e4n\u00e4 Ukrainan ulkoministeri Andri Sybiha\u200b ilmoitti Ven\u00e4j\u00e4n ilmatilan turvattomuudesta Kansainv\u00e4liselle siviili-ilmailuj\u00e4rjest\u00f6 ICAO:lle. Ukraina vetosi ICAO:hon, ett\u00e4 sen j\u00e4senmaat keskeytt\u00e4isiv\u00e4t siviililennot Ven\u00e4j\u00e4lle.<\/p>\n<p>Ven\u00e4j\u00e4 iski Kiovaan seitsem\u00e4nten\u00e4 per\u00e4kk\u00e4isen\u00e4 y\u00f6n\u00e4<\/p>\n<p class=\"paragraph\">Ven\u00e4j\u00e4 hy\u00f6kk\u00e4si torstain vastaisena y\u00f6n\u00e4 drooneilla Ukrainan p\u00e4\u00e4kaupunkiin Kiovaan, kertoo <a href=\"https:\/\/kyivindependent.com\/explosions-rock-kyiv-during-7th-straight-night-of-russian-attacks\/\" target=\"_blank\" rel=\"noopener nofollow\">Kyiv Independent<\/a>. Kaupungissa on kuultu useita r\u00e4j\u00e4hdyksi\u00e4.<\/p>\n<p class=\"paragraph\">Ven\u00e4j\u00e4 on tehnyt droonihy\u00f6kk\u00e4yksi\u00e4 kaupunkiin jo seitsem\u00e4n\u00e4 per\u00e4kk\u00e4isen\u00e4 y\u00f6n\u00e4. Vahingoista ja uhreista ei ole t\u00e4ll\u00e4 hetkell\u00e4 tietoa.<\/p>\n","protected":false},"excerpt":{"rendered":"T\u00e4h\u00e4n artikkeliin on koottu Ukrainan sodan keskeisimm\u00e4t tapahtumat torstailta 3. syyskuuta 2026. Kyseess\u00e4 on sodan 1\u202f652. p\u00e4iv\u00e4. Ukrainan&hellip;\n","protected":false},"author":2,"featured_media":340772,"comment_status":"","ping_status":"","sticky":false,"template":"","format":"standard","meta":{"footnotes":"","_share_on_mastodon":"0"},"categories":[14],"tags":[35,22,23,26,27,33,31,30,17,24,25,2910,803,28,29,15,18,21,142,637,144,32,19,20,56,16,59,60,61],"class_list":["post-340771","post","type-post","status-publish","format-standard","has-post-thumbnail","category-ulkomaat","tag-24h","tag-breaking-news","tag-breakingnews","tag-featured-news","tag-featurednews","tag-fi","tag-finland","tag-finnish","tag-headlines","tag-latest-news","tag-latestnews","tag-lentoliikenne-ilmaliikenne","tag-levottomuudet-ja-sodat","tag-main-news","tag-mainnews","tag-news","tag-otsikot","tag-paauutiset","tag-poliitikot","tag-politiikka","tag-presidentti","tag-suomi","tag-top-stories","tag-topstories","tag-ulkomaat","tag-uutiset","tag-world","tag-world-news","tag-worldnews"],"share_on_mastodon":{"url":"https:\/\/pubeurope.com\/@fi\/117209519691088869","error":""},"_links":{"self":[{"href":"https:\/\/www.europesays.com\/fi\/wp-json\/wp\/v2\/posts\/340771","targetHints":{"allow":["GET"]}}],"collection":[{"href":"https:\/\/www.europesays.com\/fi\/wp-json\/wp\/v2\/posts"}],"about":[{"href":"https:\/\/www.europesays.com\/fi\/wp-json\/wp\/v2\/types\/post"}],"author":[{"embeddable":true,"href":"https:\/\/www.europesays.com\/fi\/wp-json\/wp\/v2\/users\/2"}],"replies":[{"embeddable":true,"href":"https:\/\/www.europesays.com\/fi\/wp-json\/wp\/v2\/comments?post=340771"}],"version-history":[{"count":0,"href":"https:\/\/www.europesays.com\/fi\/wp-json\/wp\/v2\/posts\/340771\/revisions"}],"wp:featuredmedia":[{"embeddable":true,"href":"https:\/\/www.europesays.com\/fi\/wp-json\/wp\/v2\/media\/340772"}],"wp:attachment":[{"href":"https:\/\/www.europesays.com\/fi\/wp-json\/wp\/v2\/media?parent=340771"}],"wp:term":[{"taxonomy":"category","embeddable":true,"href":"https:\/\/www.europesays.com\/fi\/wp-json\/wp\/v2\/categories?post=340771"},{"taxonomy":"post_tag","embeddable":true,"href":"https:\/\/www.europesays.com\/fi\/wp-json\/wp\/v2\/tags?post=340771"}],"curies":[{"name":"wp","href":"https:\/\/api.w.org\/{rel}","templated":true}]}}