{"id":340773,"date":"2026-09-03T22:41:14","date_gmt":"2026-09-03T22:41:14","guid":{"rendered":"https:\/\/www.europesays.com\/fi\/340773\/"},"modified":"2026-09-03T22:41:14","modified_gmt":"2026-09-03T22:41:14","slug":"jarmo-lindberg-porvoon-droonissa-on-yksi-taysin-uusi-ulottuvuus","status":"publish","type":"post","link":"https:\/\/www.europesays.com\/fi\/340773\/","title":{"rendered":"Jarmo Lindberg: Porvoon droonissa on yksi t\u00e4ysin uusi ulottuvuus"},"content":{"rendered":"<p>On yh\u00e4 ep\u00e4selv\u00e4\u00e4, mill\u00e4 tarkoitusper\u00e4ll\u00e4 lennokki on liikkunut ja miten Suomeen p\u00e4\u00e4tynyt.<\/p>\n<p class=\"font-(family-name:--picture-caption-font-family) text-(length:--picture-caption-font-size) leading-(--picture-caption-leading) font-(--picture-caption-font-weight) text-(color:--picture-caption-color)\">Yle: Porvoosta l\u00f6ytynyt drooni on mahdollisesti ven\u00e4l\u00e4inen. Video:\u00a0IS<\/p>\n<p>3.9. 23:42<\/p>\n<p>Lue tiivistelm\u00e4<\/p>\n<p class=\"article-body mb-(--paragraph-margin-b) px-nof-16 sndp-summary-bullet-point-font\">Porvoon Pellingin saaristosta l\u00f6ytynyt lennokki on alustavien tietojen mukaan ven\u00e4l\u00e4inen.<\/p>\n<p class=\"article-body mb-(--paragraph-margin-b) px-nof-16 sndp-summary-bullet-point-font\">Puolustusvoimien entinen komentaja, kansanedustaja Jarmo Lindberg pit\u00e4\u00e4 tapausta t\u00e4ysin uutena ulottuvuutena.<\/p>\n<p class=\"article-body mb-(--paragraph-margin-b) px-nof-16 sndp-summary-bullet-point-font\">Puolustusministeri Antti H\u00e4kk\u00e4nen kertoi, ett\u00e4 lennokki oli alustavien tietojen mukaan tarkoitettu kuvantamiseen.<\/p>\n<p class=\"article-body mb-(--paragraph-margin-b) px-nof-16 sndp-summary-bullet-point-font\">Sotatieteiden tohtori, kansanedustaja Jarno Limnell kehottaa kylm\u00e4p\u00e4isyyteen ja antamaan viranomaisille tutkintarauhan.<\/p>\n<p class=\"article-body mb-(--paragraph-margin-b) px-nof-16\">Kaksi virkamiesl\u00e4hdett\u00e4 kertoi <a class=\"underline underline-offset-[0.12em] [text-decoration-thickness:var(--generic-link-underline-thickness)] [text-decoration-color:var(--generic-link-underline-color)] [text-decoration-skip-ink:var(--generic-link-underline-skip-ink)] break-words\" href=\"https:\/\/yle.fi\/a\/74-20244491\" rel=\"nofollow noopener\" target=\"_blank\">Ylelle<\/a>, ett\u00e4 Porvoon Pellingin saaristosta tiistaina l\u00f6ytynyt lennokki on alustavien tutkimusten mukaan ven\u00e4l\u00e4inen.<\/p>\n<p class=\"article-body mb-(--paragraph-margin-b) px-nof-16\">Puolustusvoimain entinen komentaja, kansanedustaja <a class=\"font-bold underline-offset-[0.12em] [text-decoration:var(--person-link-text-decoration)] [text-decoration-color:var(--person-link-text-decoration-color)]!\" href=\"https:\/\/www.is.fi\/haku\/?query=Jarmo%20Lindberg\" rel=\"nofollow noopener\" target=\"_blank\">Jarmo Lindberg<\/a> (kok) sanoo, ett\u00e4 jos tieto pit\u00e4\u00e4 paikkansa, se avaa kokonaan uuden ulottuvuuden.<\/p>\n<p class=\"article-body mb-(--paragraph-margin-b) px-nof-16\">Katso Nopeat: <a class=\"underline underline-offset-[0.12em] [text-decoration-thickness:var(--generic-link-underline-thickness)] [text-decoration-color:var(--generic-link-underline-color)] [text-decoration-skip-ink:var(--generic-link-underline-skip-ink)] break-words\" href=\"https:\/\/www.is.fi\/nopeat\/2000012251166\/\" rel=\"nofollow noopener\" target=\"_blank\">Yle: Porvoon drooni mahdollisesti ven\u00e4l\u00e4inen<\/a><\/p>\n<p class=\"article-body mb-(--paragraph-margin-b) px-nof-16\">\u2013\u2009En muista, ett\u00e4 t\u00e4llaista uutista olisi koskaan ollut, ett\u00e4 ven\u00e4l\u00e4iset droonit toimivat Suomenlahdella \u2013 ja aika pitk\u00e4ll\u00e4kin l\u00e4nness\u00e4 viel\u00e4. Se on nyt uusi tieto, ett\u00e4 ainakin yksi ven\u00e4l\u00e4inen drooni on operoinut Suomenlahdella, kun se p\u00e4\u00e4tyi Porvoon saaristoon, Lindberg sanoo Ilta-Sanomille.<\/p>\n<p><img decoding=\"async\" src=\"https:\/\/www.europesays.com\/fi\/wp-content\/uploads\/2026\/09\/1788475273_203_468.jpg\" alt=\"Lennokki l\u00f6ytyi Pellingist\u00e4 rantavedest\u00e4.\" class=\"_Img_1rerz_1\" style=\"aspect-ratio:1920\/1080\" loading=\"eager\"\/><\/p>\n<p class=\"font-(family-name:--picture-caption-font-family) text-(length:--picture-caption-font-size) leading-(--picture-caption-leading) font-(--picture-caption-font-weight) text-(color:--picture-caption-color) picture-with-caption__caption picture-with-caption__caption--default-full\">Lennokki l\u00f6ytyi Pellingist\u00e4 rantavedest\u00e4. Kuva:\u00a0IS<\/p>\n<p class=\"article-body mb-(--paragraph-margin-b) px-nof-16\">Puolustusministeri <a class=\"font-bold underline-offset-[0.12em] [text-decoration:var(--person-link-text-decoration)] [text-decoration-color:var(--person-link-text-decoration-color)]!\" href=\"https:\/\/www.is.fi\/haku\/?query=Antti%20H%C3%A4kk%C3%A4nen\" rel=\"nofollow noopener\" target=\"_blank\">Antti H\u00e4kk\u00e4nen<\/a> (kok) kertoi keskiviikkona, ett\u00e4 lennokki oli tarkoitettu alustavien tietojen mukaan kuvantamiseen.<\/p>\n<p class=\"article-body mb-(--paragraph-margin-b) px-nof-16\">\u2013\u2009Lennokki on voinut olla merell\u00e4 kuvaus- tai kartoitusteht\u00e4v\u00e4ss\u00e4. En oikein tied\u00e4, miten hirve\u00e4sti kartoitettavaa Suomenlahdella on. Eik\u00e4 kovin paljon kuvattavaakaan, vaikka liikkuuhan merell\u00e4 aluksia, Lindberg pohtii.<\/p>\n<p class=\"article-body mb-(--paragraph-margin-b) px-nof-16\">H\u00e4n korostaa, ett\u00e4 viel\u00e4 ei ole mit\u00e4\u00e4n arviota, miten pitk\u00e4\u00e4n lennokki on rantavedess\u00e4 kellunut: p\u00e4iv\u00e4n, viikon vai kauemmin.<\/p>\n<p><img decoding=\"async\" src=\"https:\/\/www.europesays.com\/fi\/wp-content\/uploads\/2026\/09\/1788475273_711_468.jpg\" alt=\"Jarmo Lindberg, ett\u00e4 lennokki on saattanut lent\u00e4\u00e4 kansainv\u00e4lisess\u00e4 ilmatilassa ja mereen pudottuaan ajelehtinut Porvoon saaristoon.\" class=\"_Img_1rerz_1\" style=\"aspect-ratio:1920\/1280\" loading=\"eager\"\/><\/p>\n<p class=\"font-(family-name:--picture-caption-font-family) text-(length:--picture-caption-font-size) leading-(--picture-caption-leading) font-(--picture-caption-font-weight) text-(color:--picture-caption-color) picture-with-caption__caption picture-with-caption__caption--default-full\">Jarmo Lindberg, ett\u00e4 lennokki on saattanut lent\u00e4\u00e4 kansainv\u00e4lisess\u00e4 ilmatilassa ja mereen pudottuaan ajelehtinut Porvoon saaristoon. Kuva:\u00a0Pete Aarre-Ahtio \/ IS<\/p>\n<p class=\"article-body mb-(--paragraph-margin-b) px-nof-16\">\u2013\u2009Jos tulkitsen l\u00f6yt\u00e4j\u00e4n sanoja oikein, lennokki olisi ilmeisesti ajelehtinut Suomen vesille. Jos se on lent\u00e4nyt kansainv\u00e4lisess\u00e4 ilmatilassa, niin seh\u00e4n on t\u00e4ysin laillista. Jos lennokki on sitten pudonnut mereen esimerkiksi moottoririkon seurauksena ja ajelehtinut etel\u00e4tuulen mukana Porvoon edustalle, niin lennokin toiminta ei ole kohdistunut Suomeen mill\u00e4\u00e4n tavoin, Lindberg painottaa.<\/p>\n<p class=\"article-body mb-(--paragraph-margin-b) px-nof-16\">\u2013\u2009Mittaluokka ja vakavuus olisivat t\u00e4ysin erilaiset, jos t\u00e4ydess\u00e4 r\u00e4j\u00e4hdelastissa oleva lennokki olisi l\u00f6ydetty Pellingin pellosta. Eli ei kannata vet\u00e4\u00e4 vajavaisin tiedoin liian pitk\u00e4lle menevi\u00e4 johtop\u00e4\u00e4t\u00f6ksi\u00e4, Lindberg muistuttaa.<\/p>\n<p class=\"article-body mb-(--paragraph-margin-b) px-nof-16\">My\u00f6s sotatieteiden tohtori, kansanedustaja <a class=\"font-bold underline-offset-[0.12em] [text-decoration:var(--person-link-text-decoration)] [text-decoration-color:var(--person-link-text-decoration-color)]!\" href=\"https:\/\/www.is.fi\/haku\/?query=Jarno%20Limnell\" rel=\"nofollow noopener\" target=\"_blank\">Jarno Limnell<\/a> (kok) korostaa t\u00e4ss\u00e4 tilanteessa \u201dsuomalaista kylm\u00e4p\u00e4isyytt\u00e4\u201d.<\/p>\n<p class=\"article-body mb-(--paragraph-margin-b) px-nof-16\">\u2013\u2009Tilanne on ep\u00e4selv\u00e4, ja Ven\u00e4j\u00e4ll\u00e4 seurataan varmasti tarkasti, miten suomalaiset \u2013 media ja poliittiset p\u00e4\u00e4tt\u00e4j\u00e4t \u2013 tapaukseen suhtautuvat. N\u00e4it\u00e4 reaktioita Ven\u00e4j\u00e4 seuraa herke\u00e4m\u00e4tt\u00e4. Eli ei ali- tai ylireagoida vaan annetaan viranomaisille tutkintarauha, ja sen j\u00e4lkeen on p\u00e4\u00e4t\u00f6sten aika, Limnell sanoo.<\/p>\n<p><img decoding=\"async\" src=\"https:\/\/www.europesays.com\/fi\/wp-content\/uploads\/2026\/09\/1788475274_878_468.jpg\" alt=\"Jarno Limnell sanoo, ett\u00e4 Ven\u00e4j\u00e4ll\u00e4 vuorenvarmasti seurataan asian k\u00e4sittely\u00e4 ja suomalaisten reaktioita.\" class=\"_Img_1rerz_1\" style=\"aspect-ratio:1920\/1213\" loading=\"eager\"\/><\/p>\n<p class=\"font-(family-name:--picture-caption-font-family) text-(length:--picture-caption-font-size) leading-(--picture-caption-leading) font-(--picture-caption-font-weight) text-(color:--picture-caption-color) picture-with-caption__caption picture-with-caption__caption--default-full\">Jarno Limnell sanoo, ett\u00e4 Ven\u00e4j\u00e4ll\u00e4 vuorenvarmasti seurataan asian k\u00e4sittely\u00e4 ja suomalaisten reaktioita. Kuva:\u00a0Kimmo Taskinen<\/p>\n<p class=\"article-body mb-(--paragraph-margin-b) px-nof-16\">Limnellin mukaan viranomaisilla on monenlaisia keinoja selvitt\u00e4\u00e4, mist\u00e4 lennokki on tullut ja miten se on p\u00e4\u00e4tynyt Suomeen.<\/p>\n<p class=\"article-body mb-(--paragraph-margin-b) px-nof-16\">Koko tapaus her\u00e4tt\u00e4\u00e4 kuitenkin Limnellin mieless\u00e4 monia ajatuksia ja kysymyksi\u00e4.<\/p>\n<p class=\"article-body mb-(--paragraph-margin-b) px-nof-16\">\u2013\u2009On aina vakava paikka, kun vieraan valtion lennokki l\u00f6ytyy Suomesta. Jos se on kuvantamiseen tarkoitettu lennokki, niin miksi sellainen l\u00f6ytyy Suomen maaper\u00e4lt\u00e4 ja mill\u00e4 asialla se on ollut? Limnell kysyy.<\/p>\n","protected":false},"excerpt":{"rendered":"On yh\u00e4 ep\u00e4selv\u00e4\u00e4, mill\u00e4 tarkoitusper\u00e4ll\u00e4 lennokki on liikkunut ja miten Suomeen p\u00e4\u00e4tynyt. Yle: Porvoosta l\u00f6ytynyt drooni on mahdollisesti&hellip;\n","protected":false},"author":2,"featured_media":340774,"comment_status":"","ping_status":"","sticky":false,"template":"","format":"standard","meta":{"footnotes":"","_share_on_mastodon":"0"},"categories":[12],"tags":[22,23,26,27,33,31,30,17,34,24,25,28,29,15,18,21,32,19,20,16],"class_list":["post-340773","post","type-post","status-publish","format-standard","has-post-thumbnail","category-suomi","tag-breaking-news","tag-breakingnews","tag-featured-news","tag-featurednews","tag-fi","tag-finland","tag-finnish","tag-headlines","tag-ilta-sanomat","tag-latest-news","tag-latestnews","tag-main-news","tag-mainnews","tag-news","tag-otsikot","tag-paauutiset","tag-suomi","tag-top-stories","tag-topstories","tag-uutiset"],"share_on_mastodon":{"url":"https:\/\/pubeurope.com\/@fi\/117209523081724456","error":""},"_links":{"self":[{"href":"https:\/\/www.europesays.com\/fi\/wp-json\/wp\/v2\/posts\/340773","targetHints":{"allow":["GET"]}}],"collection":[{"href":"https:\/\/www.europesays.com\/fi\/wp-json\/wp\/v2\/posts"}],"about":[{"href":"https:\/\/www.europesays.com\/fi\/wp-json\/wp\/v2\/types\/post"}],"author":[{"embeddable":true,"href":"https:\/\/www.europesays.com\/fi\/wp-json\/wp\/v2\/users\/2"}],"replies":[{"embeddable":true,"href":"https:\/\/www.europesays.com\/fi\/wp-json\/wp\/v2\/comments?post=340773"}],"version-history":[{"count":0,"href":"https:\/\/www.europesays.com\/fi\/wp-json\/wp\/v2\/posts\/340773\/revisions"}],"wp:featuredmedia":[{"embeddable":true,"href":"https:\/\/www.europesays.com\/fi\/wp-json\/wp\/v2\/media\/340774"}],"wp:attachment":[{"href":"https:\/\/www.europesays.com\/fi\/wp-json\/wp\/v2\/media?parent=340773"}],"wp:term":[{"taxonomy":"category","embeddable":true,"href":"https:\/\/www.europesays.com\/fi\/wp-json\/wp\/v2\/categories?post=340773"},{"taxonomy":"post_tag","embeddable":true,"href":"https:\/\/www.europesays.com\/fi\/wp-json\/wp\/v2\/tags?post=340773"}],"curies":[{"name":"wp","href":"https:\/\/api.w.org\/{rel}","templated":true}]}}