{"id":340775,"date":"2026-09-03T22:42:14","date_gmt":"2026-09-03T22:42:14","guid":{"rendered":"https:\/\/www.europesays.com\/fi\/340775\/"},"modified":"2026-09-03T22:42:14","modified_gmt":"2026-09-03T22:42:14","slug":"wmo-varoittaa-el-nino-on-nyt-erittain-voimakas-vaikuttaa-lampotiloihin-ja-saailmioihin-pitkalle-ensi-vuoteen","status":"publish","type":"post","link":"https:\/\/www.europesays.com\/fi\/340775\/","title":{"rendered":"WMO varoittaa: El Nino on nyt eritt\u00e4in voimakas \u2013 vaikuttaa l\u00e4mp\u00f6tiloihin ja s\u00e4\u00e4ilmi\u00f6ihin pitk\u00e4lle ensi vuoteen"},"content":{"rendered":"<p>YK:n alainen Maailman ilmatieteen j\u00e4rjest\u00f6 WMO varoittaa El Nino -ilmi\u00f6n olevan eritt\u00e4in voimakas tulevina kuukausina. El Ninon ennustetaan kest\u00e4v\u00e4n ainakin helmikuuhun asti.<\/p>\n<p>Vaikka itse ilmi\u00f6 loppuu, jatkuvat sen vaikutukset pitk\u00e4lle ensi vuoteen. Mittaushistorian l\u00e4mpimin vuosi on vuosi 2024, joka seurasi El Ninoa.<\/p>\n<p>WMO:n mukaan El Nino tulee vaikuttamaan suuresti sateisiin ja l\u00e4mp\u00f6tiloihin. Riskeihin lukeutuvat tulvat, kuivuus sek\u00e4 \u00e4\u00e4rimm\u00e4iset l\u00e4mp\u00f6tilat eri puolilla maailmaa. YK:n p\u00e4\u00e4sihteerin <strong>Antonio Guterresin<\/strong> mukaan maapallo on \u00e4\u00e4ris\u00e4\u00e4ilmi\u00f6iden vaaravy\u00f6hykkeell\u00e4.<\/p>\n<p>-\u2009Tiede ei j\u00e4t\u00e4 varaa ep\u00e4ilyksille: planeettamme on tuntemattomilla vesill\u00e4, ja nuo vedet l\u00e4mpenev\u00e4t, Guterres sanoi.<\/p>\n<p>K\u00e4ynniss\u00e4 oleva El Nino -ilmi\u00f6 voi \u00e4ity\u00e4 koko mittaushistorian vahvimmaksi, sanoi puolestaan WMO:n p\u00e4\u00e4sihteeri <strong>Celeste Saulo<\/strong>. El Ninoa alettiin mitata nelj\u00e4 vuosikymment\u00e4 sitten. Saulo totesi, ett\u00e4 t\u00e4m\u00e4nkertainen El Nino voi ylitt\u00e4\u00e4 kaikki aiemmat mittaukset.<\/p>\n<p><strong>EL NINO<\/strong> syntyy, kun Tyynenmeren p\u00e4iv\u00e4ntasaajan alueen pintal\u00e4mp\u00f6tilat kohoavat keskivertoa l\u00e4mpim\u00e4mmiksi pasaatituulten laantumisen seurauksena. Ilmi\u00f6 nousee huippuunsa yleens\u00e4 vuoden lopussa. Meren l\u00e4mp\u00f6 kuitenkin vapautuu ilmakeh\u00e4\u00e4n hiljalleen, joten vaikutukset kest\u00e4v\u00e4t pitk\u00e4\u00e4n.<\/p>\n<p>-\u2009T\u00e4ll\u00e4 poikkeuksellisella El Ninolla on potentiaalia aiheuttaa valtava isku yhteis\u00f6ihin ja talouksiin ymp\u00e4ri maailmaa, WMO:n p\u00e4\u00e4sihteeri Saulo sanoi.<\/p>\n<p>-\u2009N\u00e4emme jo kuivuuden ja tulvien aiheuttamia h\u00e4iri\u00f6it\u00e4 ja tuhoja, ja odotamme n\u00e4iden vaikutusten kasvavan, kun El Nino voimistuu, h\u00e4n lis\u00e4si.<\/p>\n<p>Saulo on m\u00e4\u00e4r\u00e4nnyt kriisinhallintaviranomaiset sek\u00e4 ilmastosta riippuvaiset sektorit, kuten maatalous-, terveys-, energia- ja vesisektorit valmiuteen. Saulon mukaan aikaa ei ole hukattavana.<\/p>\n<p>Panama ilmoitti jo rajoittavansa oitis liikennett\u00e4 Panaman kanavassa kuivuuden takia. Veden pinta kanavaan vett\u00e4 sy\u00f6tt\u00e4viss\u00e4 tekoj\u00e4rviss\u00e4 on laskenut, kun sadem\u00e4\u00e4r\u00e4 on j\u00e4\u00e4nyt kolmanneksen normaalia pienemm\u00e4ksi.<\/p>\n<p><strong>TYYNENMEREN<\/strong> p\u00e4iv\u00e4ntasaajan alueen pintal\u00e4mp\u00f6tilat ovat nousseet tasaiseen tahtiin kev\u00e4\u00e4ll\u00e4 ja kes\u00e4ll\u00e4. Toukokuun ja hein\u00e4kuun v\u00e4liss\u00e4 pintal\u00e4mp\u00f6tilat olivat 1,5 astetta keskiarvoa korkeammat. Syksyn l\u00e4hentyess\u00e4 viikoittaiset keskil\u00e4mp\u00f6tilat ovat nousseet 2,2-2,6 astetta keskiarvoa korkeammiksi.<\/p>\n<p>Joillain alueilla keskiarvol\u00e4mp\u00f6tilat olivat jopa 8 astetta normaalia korkeampia hein\u00e4kuun ja elokuun alun aikana.<\/p>\n<p>WMO:n mukaan on hyvin todenn\u00e4k\u00f6ist\u00e4, ett\u00e4 syyskuusta marraskuuhun ilman l\u00e4mp\u00f6tilat tulevat olemaan normaalia keskiarvoa korkeammat kaikilla maa-alueilla.<\/p>\n<p>El Ninot ovat erilaisia, mutta niist\u00e4 voimakkaimmat seuraavat usein tuttua kaavaa. Voimakkaat El Ninot ovat aiemmin aiheuttaneet kuivuutta Amazonilla, Indonesiassa ja Australiassa, poikkeavia monsuunisateita Intiassa sek\u00e4 lis\u00e4\u00e4ntyvi\u00e4 sateita trooppisilla alueilla.<\/p>\n<p>El Nino esiintyy 2-7 vuoden v\u00e4lein. Sen vastakohta on La Nina, jolloin Tyynenmeren p\u00e4iv\u00e4ntasaajan alueen merivedet ovat normaalia viile\u00e4mpi\u00e4.<\/p>\n<p>WMO:lla on nelj\u00e4 erilaista voimakkuusastetta El Ninolle: heikko, kohtalainen, voimakas ja eritt\u00e4in voimakas. Nyt k\u00e4ynniss\u00e4 on asteikolla tarkasteltuna voimakkain mahdollinen El Nino.<\/p>\n","protected":false},"excerpt":{"rendered":"YK:n alainen Maailman ilmatieteen j\u00e4rjest\u00f6 WMO varoittaa El Nino -ilmi\u00f6n olevan eritt\u00e4in voimakas tulevina kuukausina. El Ninon ennustetaan&hellip;\n","protected":false},"author":2,"featured_media":340776,"comment_status":"","ping_status":"","sticky":false,"template":"","format":"standard","meta":{"footnotes":"","_share_on_mastodon":"0"},"categories":[5],"tags":[22,23,26,27,33,31,30,17,24,25,28,29,15,18,21,32,19,20,16],"class_list":["post-340775","post","type-post","status-publish","format-standard","has-post-thumbnail","category-otsikot","tag-breaking-news","tag-breakingnews","tag-featured-news","tag-featurednews","tag-fi","tag-finland","tag-finnish","tag-headlines","tag-latest-news","tag-latestnews","tag-main-news","tag-mainnews","tag-news","tag-otsikot","tag-paauutiset","tag-suomi","tag-top-stories","tag-topstories","tag-uutiset"],"share_on_mastodon":{"url":"https:\/\/pubeurope.com\/@fi\/117209526902562412","error":""},"_links":{"self":[{"href":"https:\/\/www.europesays.com\/fi\/wp-json\/wp\/v2\/posts\/340775","targetHints":{"allow":["GET"]}}],"collection":[{"href":"https:\/\/www.europesays.com\/fi\/wp-json\/wp\/v2\/posts"}],"about":[{"href":"https:\/\/www.europesays.com\/fi\/wp-json\/wp\/v2\/types\/post"}],"author":[{"embeddable":true,"href":"https:\/\/www.europesays.com\/fi\/wp-json\/wp\/v2\/users\/2"}],"replies":[{"embeddable":true,"href":"https:\/\/www.europesays.com\/fi\/wp-json\/wp\/v2\/comments?post=340775"}],"version-history":[{"count":0,"href":"https:\/\/www.europesays.com\/fi\/wp-json\/wp\/v2\/posts\/340775\/revisions"}],"wp:featuredmedia":[{"embeddable":true,"href":"https:\/\/www.europesays.com\/fi\/wp-json\/wp\/v2\/media\/340776"}],"wp:attachment":[{"href":"https:\/\/www.europesays.com\/fi\/wp-json\/wp\/v2\/media?parent=340775"}],"wp:term":[{"taxonomy":"category","embeddable":true,"href":"https:\/\/www.europesays.com\/fi\/wp-json\/wp\/v2\/categories?post=340775"},{"taxonomy":"post_tag","embeddable":true,"href":"https:\/\/www.europesays.com\/fi\/wp-json\/wp\/v2\/tags?post=340775"}],"curies":[{"name":"wp","href":"https:\/\/api.w.org\/{rel}","templated":true}]}}