{"id":340777,"date":"2026-09-03T22:45:40","date_gmt":"2026-09-03T22:45:40","guid":{"rendered":"https:\/\/www.europesays.com\/fi\/340777\/"},"modified":"2026-09-03T22:45:40","modified_gmt":"2026-09-03T22:45:40","slug":"fysiikan-nobelisti-pyrkii-tekemaan-ydinjatteen-laserilla-vaarattomaksi-minuuteissa","status":"publish","type":"post","link":"https:\/\/www.europesays.com\/fi\/340777\/","title":{"rendered":"Fysiikan nobelisti pyrkii tekem\u00e4\u00e4n ydinj\u00e4tteen laserilla vaarattomaksi minuuteissa"},"content":{"rendered":"<p class=\"article-body mb-(--paragraph-margin-b) px-nof-16\">Viime vuonna <a class=\"underline underline-offset-[0.12em] [text-decoration-thickness:var(--generic-link-underline-thickness)] [text-decoration-color:var(--generic-link-underline-color)] [text-decoration-skip-ink:var(--generic-link-underline-skip-ink)] break-words\" href=\"https:\/\/www.hs.fi\/tiede\/art-2000005848942.html\" rel=\"nofollow noopener\" target=\"_blank\">fysiikan nobelin voittanut<\/a> <a class=\"font-bold underline-offset-[0.12em] [text-decoration:var(--person-link-text-decoration)] [text-decoration-color:var(--person-link-text-decoration-color)]!\" href=\"https:\/\/www.hs.fi\/haku\/?query=Gerard%20Mourou\" rel=\"nofollow noopener\" target=\"_blank\">Gerard Mourou <\/a>pyrkii seuraavaksi tekem\u00e4\u00e4n lopullisesti selv\u00e4\u00e4 vaarallisesti s\u00e4teilev\u00e4st\u00e4 ydinj\u00e4tteest\u00e4.<\/p>\n<p class=\"article-body mb-(--paragraph-margin-b) px-nof-16\">Suurteholaserin liittyvist\u00e4 keksinn\u00f6ist\u00e4 palkittu Mourou kaavailee laserkiihdytint\u00e4, joka muuttaisi satojatuhansia vuosia s\u00e4teilev\u00e4n ydinj\u00e4tteen vaarattomaksi joissakin minuuteissa. Suunnitelmasta h\u00e4n kertoo muun muassa <a class=\"underline underline-offset-[0.12em] [text-decoration-thickness:var(--generic-link-underline-thickness)] [text-decoration-color:var(--generic-link-underline-color)] [text-decoration-skip-ink:var(--generic-link-underline-skip-ink)] break-words\" href=\"https:\/\/www.bloomberg.com\/graphics\/2019-nuclear-waste-storage-france\/\" rel=\"nofollow noopener\" target=\"_blank\">Bloomberg-uutissivustolla<\/a>.<\/p>\n","protected":false},"excerpt":{"rendered":"Viime vuonna fysiikan nobelin voittanut Gerard Mourou pyrkii seuraavaksi tekem\u00e4\u00e4n lopullisesti selv\u00e4\u00e4 vaarallisesti s\u00e4teilev\u00e4st\u00e4 ydinj\u00e4tteest\u00e4. Suurteholaserin liittyvist\u00e4 keksinn\u00f6ist\u00e4&hellip;\n","protected":false},"author":2,"featured_media":340778,"comment_status":"","ping_status":"","sticky":false,"template":"","format":"standard","meta":{"footnotes":"","_share_on_mastodon":"0"},"categories":[115],"tags":[33,31,30,455,46,454,118,32,119],"class_list":["post-340777","post","type-post","status-publish","format-standard","has-post-thumbnail","category-fysiikka","tag-fi","tag-finland","tag-finnish","tag-fysiikka","tag-helsingin-sanomat","tag-physics","tag-science","tag-suomi","tag-tiede"],"share_on_mastodon":{"url":"https:\/\/pubeurope.com\/@fi\/117209538416721769","error":""},"_links":{"self":[{"href":"https:\/\/www.europesays.com\/fi\/wp-json\/wp\/v2\/posts\/340777","targetHints":{"allow":["GET"]}}],"collection":[{"href":"https:\/\/www.europesays.com\/fi\/wp-json\/wp\/v2\/posts"}],"about":[{"href":"https:\/\/www.europesays.com\/fi\/wp-json\/wp\/v2\/types\/post"}],"author":[{"embeddable":true,"href":"https:\/\/www.europesays.com\/fi\/wp-json\/wp\/v2\/users\/2"}],"replies":[{"embeddable":true,"href":"https:\/\/www.europesays.com\/fi\/wp-json\/wp\/v2\/comments?post=340777"}],"version-history":[{"count":0,"href":"https:\/\/www.europesays.com\/fi\/wp-json\/wp\/v2\/posts\/340777\/revisions"}],"wp:featuredmedia":[{"embeddable":true,"href":"https:\/\/www.europesays.com\/fi\/wp-json\/wp\/v2\/media\/340778"}],"wp:attachment":[{"href":"https:\/\/www.europesays.com\/fi\/wp-json\/wp\/v2\/media?parent=340777"}],"wp:term":[{"taxonomy":"category","embeddable":true,"href":"https:\/\/www.europesays.com\/fi\/wp-json\/wp\/v2\/categories?post=340777"},{"taxonomy":"post_tag","embeddable":true,"href":"https:\/\/www.europesays.com\/fi\/wp-json\/wp\/v2\/tags?post=340777"}],"curies":[{"name":"wp","href":"https:\/\/api.w.org\/{rel}","templated":true}]}}