{"id":340785,"date":"2026-09-03T23:06:18","date_gmt":"2026-09-03T23:06:18","guid":{"rendered":"https:\/\/www.europesays.com\/fi\/340785\/"},"modified":"2026-09-03T23:06:18","modified_gmt":"2026-09-03T23:06:18","slug":"trumpin-sanat-herattivat-uuden-uhman-falklandinsaarten-viemiseksi-briteilta","status":"publish","type":"post","link":"https:\/\/www.europesays.com\/fi\/340785\/","title":{"rendered":"Trumpin sanat her\u00e4ttiv\u00e4t uuden uhman Falklandinsaarten viemiseksi briteilt\u00e4"},"content":{"rendered":"<p class=\"article-body mb-(--paragraph-margin-b) px-nof-16\">Argentiina vaatii Britannialle kuuluvia Falklandin\u00adsaaria entist\u00e4 uhmakkaammin itselleen.<\/p>\n<p class=\"article-body mb-(--paragraph-margin-b) px-nof-16\">Argentiinan presidentti <a class=\"font-bold underline-offset-[0.12em] [text-decoration:var(--person-link-text-decoration)] [text-decoration-color:var(--person-link-text-decoration-color)]!\" href=\"https:\/\/www.hs.fi\/haku\/?query=Javier%20Milei\" rel=\"nofollow noopener\" target=\"_blank\">Javier Milei<\/a> nojaa Yhdysvaltain presidentin <a class=\"font-bold underline-offset-[0.12em] [text-decoration:var(--person-link-text-decoration)] [text-decoration-color:var(--person-link-text-decoration-color)]!\" href=\"https:\/\/www.hs.fi\/haku\/?query=Donald%20Trumpin\" rel=\"nofollow noopener\" target=\"_blank\">Donald Trumpin<\/a> puheisiin, joiden mukaan t\u00e4m\u00e4n hallinto harkitsisi uusiksi Yhdysvaltain kantaa saarten omistusoikeuteen. Asiasta uutisoivat muun muassa Argentiinan p\u00e4\u00e4lehdet <a class=\"underline underline-offset-[0.12em] [text-decoration-thickness:var(--generic-link-underline-thickness)] [text-decoration-color:var(--generic-link-underline-color)] [text-decoration-skip-ink:var(--generic-link-underline-skip-ink)] break-words\" href=\"https:\/\/www.clarin.com\/politica\/pablo-quirno-dichos-trump-malvinas-podemos-depender-nadie_0_YB9TTgamV9.html\" rel=\"nofollow noopener\" target=\"_blank\">Clar\u00edn<\/a> ja <a class=\"underline underline-offset-[0.12em] [text-decoration-thickness:var(--generic-link-underline-thickness)] [text-decoration-color:var(--generic-link-underline-color)] [text-decoration-skip-ink:var(--generic-link-underline-skip-ink)] break-words\" href=\"https:\/\/www.lanacion.com.ar\/politica\/milei-hablo-tras-la-postura-de-trump-sobre-malvinas-paso-algo-fuerte-respecto-de-la-causa-mas-nid01092026\/\" rel=\"nofollow noopener\" target=\"_blank\">La Naci\u00f3n<\/a>.<\/p>\n<p class=\"article-body mb-(--paragraph-margin-b) px-nof-16\">Trumpin n\u00e4k\u00f6kulmasta kyse on Nato-kumppani Britannian painostamisesta kasvattamaan puolustusmenojaan.<\/p>\n<p class=\"article-body mb-(--paragraph-margin-b) px-nof-16\">Kovin painavina Trumpin kommentteja ei voinut pit\u00e4\u00e4. H\u00e4n totesi maanantaina, ett\u00e4 hallinto on alati valmis p\u00e4ivitt\u00e4m\u00e4\u00e4n kantaansa kaikkeen ja kysytt\u00e4ess\u00e4 my\u00f6nsi Falklandinsaarten olevan yksi monista t\u00e4llaisista kysymyksist\u00e4.<\/p>\n<p class=\"article-body mb-(--paragraph-margin-b) px-nof-16\">Tiistaina Milei alkoi paisutella asiaa.<\/p>\n<p class=\"article-body mb-(--paragraph-margin-b) px-nof-16\">\u201dEilen tapahtui valtava juttu meid\u00e4n argentiinalaisten t\u00e4rkeimm\u00e4lle ja pyh\u00e4lle asialle\u201d, h\u00e4n <a class=\"underline underline-offset-[0.12em] [text-decoration-thickness:var(--generic-link-underline-thickness)] [text-decoration-color:var(--generic-link-underline-color)] [text-decoration-skip-ink:var(--generic-link-underline-skip-ink)] break-words\" href=\"https:\/\/www.elobservador.com.uy\/argentina\/politica\/el-presidente-javier-milei-hablara-cadena-nacional-malvinas-ha-pasado-algo-muy-fuerte-n6055884\" rel=\"nofollow noopener\" target=\"_blank\">sanoi<\/a> El Observadorin radiohaastattelussa.<\/p>\n<p class=\"article-body mb-(--paragraph-margin-b) px-nof-16\">Presidentin avustaja <a class=\"font-bold underline-offset-[0.12em] [text-decoration:var(--person-link-text-decoration)] [text-decoration-color:var(--person-link-text-decoration-color)]!\" href=\"https:\/\/www.hs.fi\/haku\/?query=Santiago%20Caputo\" rel=\"nofollow noopener\" target=\"_blank\">Santiago Caputo<\/a> <a class=\"underline underline-offset-[0.12em] [text-decoration-thickness:var(--generic-link-underline-thickness)] [text-decoration-color:var(--generic-link-underline-color)] [text-decoration-skip-ink:var(--generic-link-underline-skip-ink)] break-words\" href=\"https:\/\/x.com\/slcaputo\/status\/2094617039683858466\" rel=\"nofollow\">komppasi<\/a> viestipalvelu X:ss\u00e4: \u201dEnglanti on menneisyytt\u00e4. Argentiina on tulevaisuus. On tervetullutta, ett\u00e4 Yhdysvallat arvioi uudelleen kantaansa \u2013\u202f\u2013 Olisi outoa, jos se ei tekisi niin. Strategiselta liittolaiselta ei voisi v\u00e4hemp\u00e4\u00e4 odottaakaan.\u201d<\/p>\n<p class=\"article-body mb-(--paragraph-margin-b) px-nof-16\">Milei <a class=\"underline underline-offset-[0.12em] [text-decoration-thickness:var(--generic-link-underline-thickness)] [text-decoration-color:var(--generic-link-underline-color)] [text-decoration-skip-ink:var(--generic-link-underline-skip-ink)] break-words\" href=\"https:\/\/x.com\/JMilei\/status\/2094911633097175052\" rel=\"nofollow\">ilmoitti<\/a> paaluttavansa kantansa puheessa torstai-iltana paikallista aikaa eli varhain perjantaina Suomen aikaa. Samalla h\u00e4n haukkui \u201dihmispaskaksi\u201d niit\u00e4, jotka arvostelivat tv-kanavan valjastamista t\u00e4llaisen puheen alustaksi.<\/p>\n<p class=\"article-body mb-(--paragraph-margin-b) px-nof-16\">Puheessaan Milein odotetaan kertovan tarkemmin, mill\u00e4 uusilla toimilla h\u00e4n aikoo ajaa asiaa ottaen huomioon, ett\u00e4 Britannia suhtautuu kiistaan ehdottomasti loppuunk\u00e4siteltyn\u00e4.<\/p>\n<p class=\"article-body mb-(--paragraph-margin-b) px-nof-16\">Falklandinsaaret, espanjaksi Malvinas, sijaitsevat Etel\u00e4-Atlantilla noin 500 kilometrin p\u00e4\u00e4ss\u00e4 Argentiinan rannikosta.<\/p>\n<p class=\"article-body mb-(--paragraph-margin-b) px-nof-16\">Lontooseen on yli 13\u202f000 kilometri\u00e4, mutta Britannian ilmavoimat toimittaa saarille my\u00f6s siviilimatkustajia suorilla lennoilla. <a class=\"underline underline-offset-[0.12em] [text-decoration-thickness:var(--generic-link-underline-thickness)] [text-decoration-color:var(--generic-link-underline-color)] [text-decoration-skip-ink:var(--generic-link-underline-skip-ink)] break-words\" href=\"https:\/\/www.hs.fi\/maailma\/art-2000002894325.html\" rel=\"nofollow noopener\" target=\"_blank\">V\u00e4est\u00f6<\/a> on englanninkielist\u00e4, p\u00e4\u00e4elinkeinoinaan maatalous ja turismi. Varoja tuovat my\u00f6s kalastusluvat saaria ymp\u00e4r\u00f6iv\u00e4lle talousalueelle.<\/p>\n<p class=\"article-body mb-(--paragraph-margin-b) px-nof-16\">Vuoden 2013 kansan\u00e4\u00e4nestyksess\u00e4 saarelaisista 1\u202f513 kannatti ja kolme vastusti pysymist\u00e4 osana Britanniaa. \u00c4\u00e4nestysprosentti oli 92.<\/p>\n<p class=\"article-body mb-(--paragraph-margin-b) px-nof-16\">Falklandinsaarten pinta-ala vastaa noin kahdeksaa Ahvenanmaata. Niill\u00e4 ei ollut alkuper\u00e4isv\u00e4est\u00f6\u00e4, kun eurooppalaiset merenk\u00e4vij\u00e4t l\u00f6ysiv\u00e4t ne 1600-luvulla ja perustivat siirtokuntia 1700-luvun loppupuolelta alkaen. Eri vaiheissa saaria pitiv\u00e4t omanaan my\u00f6s Espanja ja Ranska. Argentiina itsen\u00e4istyi Espanjan siirtomaaimperiumista vuonna 1816.<\/p>\n<p class=\"article-body mb-(--paragraph-margin-b) px-nof-16\">Argentiina yritti vallata saaret vuonna 1982 laskelmoiden, ett\u00e4 Britannia ei pit\u00e4isi syrj\u00e4ist\u00e4 ja karua kolkkaa puolustamisen arvoisena. Lontoossa p\u00e4\u00e4ministeri <a class=\"font-bold underline-offset-[0.12em] [text-decoration:var(--person-link-text-decoration)] [text-decoration-color:var(--person-link-text-decoration-color)]!\" href=\"https:\/\/www.hs.fi\/haku\/?query=Margaret%20Thatcher\" rel=\"nofollow noopener\" target=\"_blank\">Margaret Thatcher<\/a> kuitenkin komensi asevoimat odottamattoman vahvoihin vastatoimiin. Argentiina h\u00e4visi kaksi kuukautta kest\u00e4neen sodan, ja maata hallinnut sotilasjuntta kaatui paljolti n\u00f6yryytyksen seurauksena.<\/p>\n<p><img decoding=\"async\" src=\"https:\/\/www.europesays.com\/fi\/wp-content\/uploads\/2026\/09\/1788476778_708_468.jpg\" alt=\"Argentiinan sotilaat asensivat kranaatinheitint\u00e4 Port Howardin asutuskeskuksen liepeill\u00e4 Falklandin sodan ensimm\u00e4isen\u00e4 p\u00e4iv\u00e4n\u00e4 2. huhtikuuta 1982.\" class=\"_Img_1rerz_1\" style=\"aspect-ratio:1920\/1395\" loading=\"eager\"\/><\/p>\n<p class=\"font-(family-name:--picture-caption-font-family) text-(length:--picture-caption-font-size) leading-(--picture-caption-leading) font-(--picture-caption-font-weight) text-(color:--picture-caption-color) picture-with-caption__caption picture-with-caption__caption--default-full\">Argentiinan sotilaat asensivat kranaatinheitint\u00e4 Port Howardin asutuskeskuksen liepeill\u00e4 Falklandin sodan ensimm\u00e4isen\u00e4 p\u00e4iv\u00e4n\u00e4 2. huhtikuuta 1982. Kuva:\u00a0Eduardo Farre \/ Reuters<\/p>\n<p class=\"article-body mb-(--paragraph-margin-b) px-nof-16\">Milein uhmassa on kiehtova ristiriita: h\u00e4n on maailman johtajista kaiketi tunnetuin Thatcherin julkinen ihailija.<\/p>\n<p class=\"article-body mb-(--paragraph-margin-b) px-nof-16\">Vaalikampanjassaan vuonna 2023 Milei jopa <a class=\"underline underline-offset-[0.12em] [text-decoration-thickness:var(--generic-link-underline-thickness)] [text-decoration-color:var(--generic-link-underline-color)] [text-decoration-skip-ink:var(--generic-link-underline-skip-ink)] break-words\" href=\"https:\/\/www.theguardian.com\/world\/2023\/nov\/13\/javier-milei-argentina-thatcher-praise-falklands-veterans\" rel=\"nofollow noopener\" target=\"_blank\">suututti<\/a> Falklandin sodan veteraaneja laskemalla Thatcherin \u201dihmiskunnan historian suuriin johtajiin\u201d.<\/p>\n<p class=\"article-body mb-(--paragraph-margin-b) px-nof-16\">Milein fanitus ei tietenk\u00e4\u00e4n johdu Falklandin sodasta vaan konservatiivi Thatcherin (vallassa 1979\u20131990) oikeistolaisesta talouspolitiikasta ja kovuudesta ajaa tavoitteitaan v\u00e4litt\u00e4m\u00e4tt\u00e4 voimakkaastakaan vastustuksesta.<\/p>\n<p class=\"article-body mb-(--paragraph-margin-b) px-nof-16\">\u201dAnarkokapitalistiksi\u201d itsens\u00e4 m\u00e4\u00e4ritellyt Milei on vienyt Argentiinassa l\u00e4pi historiallisen ankaraa leikkausohjelmaa valtion syv\u00e4n velkaantumisen takia.<\/p>\n<p class=\"article-body mb-(--paragraph-margin-b) px-nof-16\">Falklandinsaarten kysymys on Argentiinassa jatkuvasti l\u00e4sn\u00e4 intensiivisemmin kuin moni Euroopassa tiedostaa. Rosarion sis\u00e4maakaupunki, joka tunnetaan vasemmisto\u00adikoni <a class=\"font-bold underline-offset-[0.12em] [text-decoration:var(--person-link-text-decoration)] [text-decoration-color:var(--person-link-text-decoration-color)]!\" href=\"https:\/\/www.hs.fi\/haku\/?query=Che%20Guevaran\" rel=\"nofollow noopener\" target=\"_blank\">Che Guevaran<\/a> ja Argentiinan lipun kotina, on nimennyt jopa kansainv\u00e4lisen lentoasemansa Malvinasin lentoasemaksi.<\/p>\n<p class=\"article-body mb-(--paragraph-margin-b) px-nof-16\">Rosariossa on syntynyt my\u00f6s Argentiinan suurin jalkapallot\u00e4hti <a class=\"font-bold underline-offset-[0.12em] [text-decoration:var(--person-link-text-decoration)] [text-decoration-color:var(--person-link-text-decoration-color)]!\" href=\"https:\/\/www.hs.fi\/haku\/?query=Lionel%20Messi\" rel=\"nofollow noopener\" target=\"_blank\">Lionel Messi<\/a>, joka lopetti maajoukkueuransa maanantaina. Saarten omistuskiista kupli vastik\u00e4\u00e4n kes\u00e4n MM-kisoissa Yhdysvalloissa.<\/p>\n<p class=\"article-body mb-(--paragraph-margin-b) px-nof-16\">Maajoukkueen pelaajat kantoivat lakanaa, joka julisti, ett\u00e4 Malvinas on osa Argentiinaa. Voittojen j\u00e4lkeen pelaajien suusta kuultiin my\u00f6s lauluja aiheesta.<\/p>\n<p class=\"article-body mb-(--paragraph-margin-b) px-nof-16\">Valkoisen talon edustaja kommentoi k\u00e4yt\u00f6st\u00e4 puolustamalla jalkapalloilijoiden sananvapautta.<\/p>\n<p><img decoding=\"async\" src=\"https:\/\/www.europesays.com\/fi\/wp-content\/uploads\/2026\/09\/1788476778_348_468.jpg\" alt=\"Argentiinan maajoukkueen pelaajat, etunen\u00e4ss\u00e4 Lisandro Mart\u00ednez ja Giovani Lo Celso, juhlivat Englannin kaatamista MM-v\u00e4lier\u00e4ss\u00e4 15. hein\u00e4kuuta kantamalla lakanaa, joka julisti Falklandinsaaret eli Malvinasin argentiinalaiseksi.\" class=\"_Img_1rerz_1\" style=\"aspect-ratio:1920\/1355\" loading=\"eager\"\/><\/p>\n<p class=\"font-(family-name:--picture-caption-font-family) text-(length:--picture-caption-font-size) leading-(--picture-caption-leading) font-(--picture-caption-font-weight) text-(color:--picture-caption-color) picture-with-caption__caption picture-with-caption__caption--default-full\">Argentiinan maajoukkueen pelaajat, etunen\u00e4ss\u00e4 Lisandro Mart\u00ednez ja Giovani Lo Celso, juhlivat Englannin kaatamista MM-v\u00e4lier\u00e4ss\u00e4 15. hein\u00e4kuuta kantamalla lakanaa, joka julisti Falklandinsaaret eli Malvinasin argentiinalaiseksi. Kuva:\u00a0Amanda Perobelli \/ Reuters<\/p>\n","protected":false},"excerpt":{"rendered":"Argentiina vaatii Britannialle kuuluvia Falklandin\u00adsaaria entist\u00e4 uhmakkaammin itselleen. Argentiinan presidentti Javier Milei nojaa Yhdysvaltain presidentin Donald Trumpin puheisiin,&hellip;\n","protected":false},"author":2,"featured_media":340786,"comment_status":"","ping_status":"","sticky":false,"template":"","format":"standard","meta":{"footnotes":"","_share_on_mastodon":"0"},"categories":[14],"tags":[22,23,26,27,33,31,30,17,46,24,25,28,29,15,18,21,32,19,20,56,16,59,60,61],"class_list":["post-340785","post","type-post","status-publish","format-standard","has-post-thumbnail","category-ulkomaat","tag-breaking-news","tag-breakingnews","tag-featured-news","tag-featurednews","tag-fi","tag-finland","tag-finnish","tag-headlines","tag-helsingin-sanomat","tag-latest-news","tag-latestnews","tag-main-news","tag-mainnews","tag-news","tag-otsikot","tag-paauutiset","tag-suomi","tag-top-stories","tag-topstories","tag-ulkomaat","tag-uutiset","tag-world","tag-world-news","tag-worldnews"],"share_on_mastodon":{"url":"https:\/\/pubeurope.com\/@fi\/117209621390111912","error":""},"_links":{"self":[{"href":"https:\/\/www.europesays.com\/fi\/wp-json\/wp\/v2\/posts\/340785","targetHints":{"allow":["GET"]}}],"collection":[{"href":"https:\/\/www.europesays.com\/fi\/wp-json\/wp\/v2\/posts"}],"about":[{"href":"https:\/\/www.europesays.com\/fi\/wp-json\/wp\/v2\/types\/post"}],"author":[{"embeddable":true,"href":"https:\/\/www.europesays.com\/fi\/wp-json\/wp\/v2\/users\/2"}],"replies":[{"embeddable":true,"href":"https:\/\/www.europesays.com\/fi\/wp-json\/wp\/v2\/comments?post=340785"}],"version-history":[{"count":0,"href":"https:\/\/www.europesays.com\/fi\/wp-json\/wp\/v2\/posts\/340785\/revisions"}],"wp:featuredmedia":[{"embeddable":true,"href":"https:\/\/www.europesays.com\/fi\/wp-json\/wp\/v2\/media\/340786"}],"wp:attachment":[{"href":"https:\/\/www.europesays.com\/fi\/wp-json\/wp\/v2\/media?parent=340785"}],"wp:term":[{"taxonomy":"category","embeddable":true,"href":"https:\/\/www.europesays.com\/fi\/wp-json\/wp\/v2\/categories?post=340785"},{"taxonomy":"post_tag","embeddable":true,"href":"https:\/\/www.europesays.com\/fi\/wp-json\/wp\/v2\/tags?post=340785"}],"curies":[{"name":"wp","href":"https:\/\/api.w.org\/{rel}","templated":true}]}}