{"id":340789,"date":"2026-09-03T23:08:18","date_gmt":"2026-09-03T23:08:18","guid":{"rendered":"https:\/\/www.europesays.com\/fi\/340789\/"},"modified":"2026-09-03T23:08:18","modified_gmt":"2026-09-03T23:08:18","slug":"espanjaa-yha-kuohuttava-ceutan-rajaselkkaus-ajaa-sanchezin-hallitusta-ahtaalle","status":"publish","type":"post","link":"https:\/\/www.europesays.com\/fi\/340789\/","title":{"rendered":"Espanjaa yh\u00e4 kuohuttava Ceutan rajaselkkaus ajaa S\u00e1nchezin hallitusta ahtaalle"},"content":{"rendered":"<p class=\"article-body mb-(--paragraph-margin-b) px-nof-16\">Hein\u00e4kuun lopulla koko Eurooppaa h\u00e4tk\u00e4hdytt\u00e4nyt kymmenientuhansien ihmisten rynt\u00e4ys Espanjalle kuuluvaan Ceutan kaupunkiin Marokon kupeessa on muuttumassa yh\u00e4 suuremmaksi poliittiseksi kriisiksi p\u00e4\u00e4ministeri <a class=\"font-bold underline-offset-[0.12em] [text-decoration:var(--person-link-text-decoration)] [text-decoration-color:var(--person-link-text-decoration-color)]!\" href=\"https:\/\/www.hs.fi\/haku\/?query=Pedro%20S%C3%A1nchezin\" rel=\"nofollow noopener\" target=\"_blank\">Pedro S\u00e1nchezin<\/a> hallitukselle.<\/p>\n<p class=\"article-body mb-(--paragraph-margin-b) px-nof-16\">Sosiaalidemokraattinen S\u00e1nchez oli torstaina ensimm\u00e4ist\u00e4 kertaa parlamentin edess\u00e4 puhumassa tapahtumista, ja h\u00e4n pysyi tiukasti n\u00e4kemyksess\u00e4\u00e4n, ett\u00e4 Marokko ei nykytiedon valossa aiheuttanut kriisi\u00e4.<\/p>\n<p class=\"article-body mb-(--paragraph-margin-b) px-nof-16\">\u201dVoin vakuuttaa teille, ettei mik\u00e4\u00e4n instituutio \u2013 ei ulkoasiainhallinto, ei Euroopan komissio eik\u00e4 mik\u00e4\u00e4n kansainv\u00e4linen elin \u2013 ole toimittanut Espanjan hallitukselle mink\u00e4\u00e4nlaista konkreettista n\u00e4ytt\u00f6\u00e4 siit\u00e4, ett\u00e4 Marokko olisi suunnitellut tai toteuttanut kyseisen selkkauksen. Ei mink\u00e4\u00e4nlaista\u201d, S\u00e1nchez sanoi uutistoimistojen ja espanjalaismedian mukaan.<\/p>\n<p class=\"article-body mb-(--paragraph-margin-b) px-nof-16\">S\u00e1nchezin mukaan on kuitenkin selvitett\u00e4v\u00e4, oliko Marokon viranomaistoimissa kyse \u201dkyvytt\u00f6myydest\u00e4 vai toimimattomuudesta\u201d ihmisjoukkojen edess\u00e4.<\/p>\n<p class=\"article-body mb-(--paragraph-margin-b) px-nof-16\">H\u00e4n kiisti \u201dabsurdeina\u201d syyt\u00f6kset, joiden mukaan Espanjan hallitus olisi tiennyt ennalta tulevasta rynt\u00e4yksest\u00e4 ja katsellut tapahtumaa toimettomana vierest\u00e4. Yli 70\u202f000 ihmist\u00e4 saapui parin p\u00e4iv\u00e4n sis\u00e4ll\u00e4 runsaan 80\u202f000 asukkaan Ceutaan.<\/p>\n<p class=\"article-body mb-(--paragraph-margin-b) px-nof-16\">Uimalla tai jalkaisin saapuneet ihmiset aiheuttivat kaaoksen, jonka yhteydess\u00e4 kuoli kansalaisj\u00e4rjest\u00f6 Caminando Fronterasin <a class=\"underline underline-offset-[0.12em] [text-decoration-thickness:var(--generic-link-underline-thickness)] [text-decoration-color:var(--generic-link-underline-color)] [text-decoration-skip-ink:var(--generic-link-underline-skip-ink)] break-words\" href=\"https:\/\/efe.com\/espana\/ceuta-migrantes-victimas-muertos\/?utm_source=chatgpt.com\" rel=\"nofollow noopener\" target=\"_blank\">mukaan<\/a> ainakin 141 ihmist\u00e4, muun muassa hukkumalla ja v\u00e4kijoukkoihin tallautumalla.<\/p>\n<p><img decoding=\"async\" src=\"https:\/\/www.europesays.com\/fi\/wp-content\/uploads\/2026\/09\/1788476896_355_468.jpg\" alt=\"P\u00e4\u00e4ministeri Pedro S\u00e1nchez puhui Ceutan rajaselkkauksesta Espanjan parlamentissa torstaina.\" class=\"_Img_1rerz_1\" style=\"aspect-ratio:1920\/1280\" loading=\"eager\"\/><\/p>\n<p class=\"font-(family-name:--picture-caption-font-family) text-(length:--picture-caption-font-size) leading-(--picture-caption-leading) font-(--picture-caption-font-weight) text-(color:--picture-caption-color) picture-with-caption__caption picture-with-caption__caption--default-full\">P\u00e4\u00e4ministeri Pedro S\u00e1nchez puhui Ceutan rajaselkkauksesta Espanjan parlamentissa torstaina. Kuva:\u00a0Susana Vera \/ Reuters<\/p>\n<p><img decoding=\"async\" src=\"https:\/\/images.sanoma-sndp.fi\/4dfdfccb6f2ca95629fc799cd0142e6f.svg\" alt=\"\" class=\"_Img_1rerz_1\" style=\"aspect-ratio:88\/150\" loading=\"eager\"\/><\/p>\n<p class=\"article-body mb-(--paragraph-margin-b) px-nof-16\">Tuoreen espanjalaisen poliisiraportin mukaan Marokon viranomaiset osoittivat \u201dt\u00e4ydellist\u00e4 sallivuutta\u201d joukkorynt\u00e4yksen aikana. Uutistoimisto AFP <a class=\"underline underline-offset-[0.12em] [text-decoration-thickness:var(--generic-link-underline-thickness)] [text-decoration-color:var(--generic-link-underline-color)] [text-decoration-skip-ink:var(--generic-link-underline-skip-ink)] break-words\" href=\"https:\/\/www.france24.com\/en\/africa\/20260902-spanish-report-flags-moroccan-police-s-total-permissiveness-in-ceuta-migrant-rush\" rel=\"nofollow noopener\" target=\"_blank\">kertoi <\/a>keskiviikkona, ett\u00e4 raportissa kerrottiin my\u00f6s Marokon poliisivoimilla olleen \u201dselv\u00e4sti tavallista pienempi\u201d l\u00e4sn\u00e4olo raja-alueella suurimman rynt\u00e4yksen aikana.<\/p>\n<p class=\"article-body mb-(--paragraph-margin-b) px-nof-16\">Uutistoimisto Efen <a class=\"underline underline-offset-[0.12em] [text-decoration-thickness:var(--generic-link-underline-thickness)] [text-decoration-color:var(--generic-link-underline-color)] [text-decoration-skip-ink:var(--generic-link-underline-skip-ink)] break-words\" href=\"https:\/\/efe.com\/espana\/2026-09-02\/informe-policia-entrada-masiva-ceuta\/?utm_source=chatgpt.com\" rel=\"nofollow noopener\" target=\"_blank\">mukaan<\/a> raportissa tapahtumia kuvataan \u201dsuunnitelluiksi\u201d eik\u00e4 \u201dspontaaneiksi\u201d. Raportissa ei kuitenkaan osoiteta Marokon valtiota operaation suunnittelijaksi. Sen mukaan j\u00e4rjest\u00e4jien ja toteuttajien joukossa oli kuitenkin Marokon turvallisuusjoukkoihin kytkeytyneit\u00e4 henkil\u00f6it\u00e4.<\/p>\n<p class=\"article-body mb-(--paragraph-margin-b) px-nof-16\">Poliisiraportin mukaan tapahtumat vaativat korkeatasoista suunnittelua, joka ylitti selv\u00e4sti rikollisverkostojen kyvyt, Efe kertoi.<\/p>\n<p class=\"article-body mb-(--paragraph-margin-b) px-nof-16\">Valtaosa Ceutaan tulleista ihmisist\u00e4 palautettiin Marokkoon pian rynt\u00e4yksen j\u00e4lkeen, mutta Ceutassa on yh\u00e4 ainakin noin 5\u202f000 sinne saapunutta ihmist\u00e4, joista noin 1\u202f200 on uutistoimisto AP:n <a class=\"underline underline-offset-[0.12em] [text-decoration-thickness:var(--generic-link-underline-thickness)] [text-decoration-color:var(--generic-link-underline-color)] [text-decoration-skip-ink:var(--generic-link-underline-skip-ink)] break-words\" href=\"https:\/\/apnews.com\/article\/spain-morocco-ceuta-sanchez-migration-european-union-7551501fb2dbf9e29885af93b4eca6d1\" rel=\"nofollow noopener\" target=\"_blank\">mukaan<\/a> alaik\u00e4isi\u00e4.<\/p>\n<p class=\"article-body mb-(--paragraph-margin-b) px-nof-16\">Tapaus on saanut kymmenettuhannet ihmiset osoittamaan mielt\u00e4\u00e4n eri puolilla Espanjaa. Yksist\u00e4\u00e4n p\u00e4\u00e4kaupungissa Madridissa kaduille l\u00e4hti keskiviikkona yli 50\u202f000 ihmist\u00e4.<\/p>\n<p class=\"article-body mb-(--paragraph-margin-b) px-nof-16\">France 24 -kanavan <a class=\"underline underline-offset-[0.12em] [text-decoration-thickness:var(--generic-link-underline-thickness)] [text-decoration-color:var(--generic-link-underline-color)] [text-decoration-skip-ink:var(--generic-link-underline-skip-ink)] break-words\" href=\"https:\/\/www.france24.com\/en\/video\/20260903-spain-s-sanchez-says-no-solid-proof-that-morocco-planned-ceuta-crisis\" rel=\"nofollow noopener\" target=\"_blank\">mukaan<\/a> joitakin ihmisi\u00e4 suututtaa se, ettei hallitus ole pystynyt \u201dpuolustamaan\u201d Ceutaa, joka on kuulunut Espanjalle satoja vuosia.<\/p>\n<p class=\"article-body mb-(--paragraph-margin-b) px-nof-16\">Mielenosoittajat huusivat AFP:n mukaan esimerkiksi: \u201dValloittajat, painukaa kotiinne.\u201d<\/p>\n<p class=\"article-body mb-(--paragraph-margin-b) px-nof-16\">My\u00f6s Ceutassa on pidetty mielenosoituksia, joista jotkut ovat \u00e4ityneet v\u00e4kivaltaisiksi. El Pa\u00eds -lehti <a class=\"underline underline-offset-[0.12em] [text-decoration-thickness:var(--generic-link-underline-thickness)] [text-decoration-color:var(--generic-link-underline-color)] [text-decoration-skip-ink:var(--generic-link-underline-skip-ink)] break-words\" href=\"https:\/\/elpais.com\/espana\/2026-08-26\/las-protestas-toman-las-calles-de-ceuta-vivimos-en-cuatro-manzanas.html\" rel=\"nofollow noopener\" target=\"_blank\">kertoi<\/a> elokuun lopulla, ett\u00e4 poliisi olisi Ceutassa joutunut est\u00e4m\u00e4\u00e4n mielenosoittajia jopa lynkkaamasta kaupunkiin Marokosta tulleita ihmisi\u00e4.<\/p>\n<p><img decoding=\"async\" src=\"https:\/\/www.europesays.com\/fi\/wp-content\/uploads\/2026\/09\/1788476898_406_468.jpg\" alt=\"Madridissa pidetty mielenosoitus keskiviikkona.\" class=\"_Img_1rerz_1\" style=\"aspect-ratio:1280\/1920\" loading=\"eager\"\/><\/p>\n<p class=\"font-(family-name:--picture-caption-font-family) text-(length:--picture-caption-font-size) leading-(--picture-caption-leading) font-(--picture-caption-font-weight) text-(color:--picture-caption-color) picture-with-caption__caption picture-with-caption__caption--default-full\">Madridissa pidetty mielenosoitus keskiviikkona. Kuva:\u00a0Fernando Villar \/ Epa<\/p>\n<p class=\"article-body mb-(--paragraph-margin-b) px-nof-16\">Brittilehti The Guardianin <a class=\"underline underline-offset-[0.12em] [text-decoration-thickness:var(--generic-link-underline-thickness)] [text-decoration-color:var(--generic-link-underline-color)] [text-decoration-skip-ink:var(--generic-link-underline-skip-ink)] break-words\" href=\"https:\/\/www.theguardian.com\/world\/2026\/sep\/03\/spain-pm-evidence-morocco-ceuta-border-breach\" rel=\"nofollow noopener\" target=\"_blank\">mukaan<\/a> konservatiivisen kansanpuolue PP:n johtaja <a class=\"font-bold underline-offset-[0.12em] [text-decoration:var(--person-link-text-decoration)] [text-decoration-color:var(--person-link-text-decoration-color)]!\" href=\"https:\/\/www.hs.fi\/haku\/?query=Alberto%20N%C3%BA%C3%B1ez%20Feij%C3%B3o\" rel=\"nofollow noopener\" target=\"_blank\">Alberto N\u00fa\u00f1ez Feij\u00f3o <\/a>vaati p\u00e4\u00e4ministeri S\u00e1nchezia eroamaan \u201dkyvytt\u00f6myytens\u00e4 ja osallisuutensa\u201d vuoksi.<\/p>\n<p class=\"article-body mb-(--paragraph-margin-b) px-nof-16\">Oikeistopopulistisen Vox-puolueen johtaja <a class=\"font-bold underline-offset-[0.12em] [text-decoration:var(--person-link-text-decoration)] [text-decoration-color:var(--person-link-text-decoration-color)]!\" href=\"https:\/\/www.hs.fi\/haku\/?query=Santiago%20Abascal\" rel=\"nofollow noopener\" target=\"_blank\">Santiago Abascal<\/a> naljaili S\u00e1nchezille siit\u00e4, ett\u00e4 t\u00e4m\u00e4 oli kutsunut Marokon suurl\u00e4hettil\u00e4\u00e4n keskustelemaan kriisist\u00e4 kanssaan.<\/p>\n<p class=\"article-body mb-(--paragraph-margin-b) px-nof-16\">\u201dMarokko ei tarvitse suurl\u00e4hettil\u00e4st\u00e4 Espanjassa \u2013 sin\u00e4 olet sen suurl\u00e4hettil\u00e4s\u201d, Abascal sanoi.<\/p>\n<p class=\"article-body mb-(--paragraph-margin-b) px-nof-16\">S\u00e1nchez totesi parlamentille torstaina, ettei h\u00e4nen hallituksensa pelk\u00e4isi toimia, jos sill\u00e4 olisi n\u00e4ytt\u00f6\u00e4 Marokon osallisuudesta Ceutan selkkaukseen.<\/p>\n<p class=\"article-body mb-(--paragraph-margin-b) px-nof-16\">\u201dToiset veiv\u00e4t meid\u00e4t sotaan v\u00e4\u00e4rien todisteiden perusteella\u201d, S\u00e1nchez sanoi El Pa\u00eds -lehden mukaan viitaten entiseen p\u00e4\u00e4ministeriin <a class=\"font-bold underline-offset-[0.12em] [text-decoration:var(--person-link-text-decoration)] [text-decoration-color:var(--person-link-text-decoration-color)]!\" href=\"https:\/\/www.hs.fi\/haku\/?query=Jos%C3%A9%20Mar%C3%ADa%20Aznariin\" rel=\"nofollow noopener\" target=\"_blank\">Jos\u00e9 Mar\u00eda Aznariin<\/a> ja Irakin sotaan.<\/p>\n<p class=\"article-body mb-(--paragraph-margin-b) px-nof-16\">Kansanpuolueen ex-puheenjohtaja ja pitk\u00e4aikainen p\u00e4\u00e4ministeri Aznar tuki Yhdysvaltain kev\u00e4\u00e4ll\u00e4 2003 k\u00e4ynnist\u00e4m\u00e4\u00e4 sotaa Irakia vastaan, vaikka noin 90 prosenttia espanjalaisista<a class=\"underline underline-offset-[0.12em] [text-decoration-thickness:var(--generic-link-underline-thickness)] [text-decoration-color:var(--generic-link-underline-color)] [text-decoration-skip-ink:var(--generic-link-underline-skip-ink)] break-words\" href=\"https:\/\/www.theguardian.com\/world\/2003\/mar\/29\/spain.iraq\" rel=\"nofollow noopener\" target=\"_blank\"> vastusti<\/a> sit\u00e4. Espanja ei osallistunut sotaan hy\u00f6kk\u00e4ysvaiheessa, mutta l\u00e4hetti joukkoja sinne my\u00f6hemmin.<\/p>\n<p class=\"article-body mb-(--paragraph-margin-b) px-nof-16\">Maanantaina S\u00e1nchez<a class=\"underline underline-offset-[0.12em] [text-decoration-thickness:var(--generic-link-underline-thickness)] [text-decoration-color:var(--generic-link-underline-color)] [text-decoration-skip-ink:var(--generic-link-underline-skip-ink)] break-words\" href=\"https:\/\/www.hs.fi\/maailma\/art-2000012243358.html\" rel=\"nofollow noopener\" target=\"_blank\"> syytti<\/a> Israelia, Ven\u00e4j\u00e4\u00e4 ja \u00e4\u00e4rioikeistoa Ceutan rajakriisi\u00e4 koskevan disinformaation levitt\u00e4misest\u00e4. Israel ja Ven\u00e4j\u00e4 kiistiv\u00e4t syyt\u00f6kset.<\/p>\n<p><img decoding=\"async\" src=\"https:\/\/www.europesays.com\/fi\/wp-content\/uploads\/2026\/09\/1788476898_899_468.jpg\" alt=\"Ceutaan saapui uimalla valtavasti ihmisi\u00e4 30. hein\u00e4kuuta.\" class=\"_Img_1rerz_1\" style=\"aspect-ratio:1920\/1280\" loading=\"eager\"\/><\/p>\n<p class=\"font-(family-name:--picture-caption-font-family) text-(length:--picture-caption-font-size) leading-(--picture-caption-leading) font-(--picture-caption-font-weight) text-(color:--picture-caption-color) picture-with-caption__caption picture-with-caption__caption--default-full\">Ceutaan saapui uimalla valtavasti ihmisi\u00e4 30. hein\u00e4kuuta. Kuva:\u00a0Reduan Dris \/ Epa<\/p>\n<p class=\"article-body mb-(--paragraph-margin-b) px-nof-16\">S\u00e1nchezin asemaa tukaloittaa se, ett\u00e4 h\u00e4nen hallituksensa maahanmuuttopolitiikka on ollut <a class=\"underline underline-offset-[0.12em] [text-decoration-thickness:var(--generic-link-underline-thickness)] [text-decoration-color:var(--generic-link-underline-color)] [text-decoration-skip-ink:var(--generic-link-underline-skip-ink)] break-words\" href=\"https:\/\/www.hs.fi\/kirjeenvaihtajat\/art-2000011832537.html\" rel=\"nofollow noopener\" target=\"_blank\">sallivampaa<\/a> kuin monien muiden EU-maiden. EU-maiden johtajat \u2013 mukaan lukien <a class=\"underline underline-offset-[0.12em] [text-decoration-thickness:var(--generic-link-underline-thickness)] [text-decoration-color:var(--generic-link-underline-color)] [text-decoration-skip-ink:var(--generic-link-underline-skip-ink)] break-words\" href=\"https:\/\/www.hs.fi\/politiikka\/art-2000012177907.html\" rel=\"nofollow noopener\" target=\"_blank\">Suomen<\/a> \u2013 ovat syytt\u00e4neet S\u00e1nchezia siit\u00e4, ett\u00e4 h\u00e4nen politiikkansa voi toimia <a class=\"underline underline-offset-[0.12em] [text-decoration-thickness:var(--generic-link-underline-thickness)] [text-decoration-color:var(--generic-link-underline-color)] [text-decoration-skip-ink:var(--generic-link-underline-skip-ink)] break-words\" href=\"https:\/\/valtioneuvosto.fi\/en\/-\/eu-johtajien-kirje-ceutan-tilanteesta-1\" rel=\"nofollow noopener\" target=\"_blank\">vetovoimatekij\u00e4n\u00e4<\/a> laittomalle maahanmuutolle.<\/p>\n<p class=\"article-body mb-(--paragraph-margin-b) px-nof-16\">Espanjan pit\u00e4\u00e4 j\u00e4rjest\u00e4\u00e4 parlamenttivaalit viimeist\u00e4\u00e4n ensi vuoden elokuussa, mutta on mahdollista, ett\u00e4 ne j\u00e4rjestet\u00e4\u00e4n paljon aiemmin, Politico-lehti <a class=\"underline underline-offset-[0.12em] [text-decoration-thickness:var(--generic-link-underline-thickness)] [text-decoration-color:var(--generic-link-underline-color)] [text-decoration-skip-ink:var(--generic-link-underline-skip-ink)] break-words\" href=\"https:\/\/www.politico.eu\/article\/pedro-sanchez-has-one-year-until-spain-election-deadline-the-odds-are-against-him\/\" rel=\"nofollow noopener\" target=\"_blank\">kertoo<\/a>.<\/p>\n<p class=\"article-body mb-(--paragraph-margin-b) px-nof-16\">Tuoreiden kyselyiden keskiarvon <a class=\"underline underline-offset-[0.12em] [text-decoration-thickness:var(--generic-link-underline-thickness)] [text-decoration-color:var(--generic-link-underline-color)] [text-decoration-skip-ink:var(--generic-link-underline-skip-ink)] break-words\" href=\"https:\/\/www.politico.eu\/europe-poll-of-polls\/spain\/\" rel=\"nofollow noopener\" target=\"_blank\">mukaan<\/a> kansasta noin 33 prosenttia tukee oppositiossa olevaa PP-puoluetta, kun S\u00e1nchezin sosiaalidemokraattista PSOE:ta kannattaa 26 prosenttia. Laitaoikean Voxia tukee 17 prosenttia.<\/p>\n<p class=\"article-body mb-(--paragraph-margin-b) px-nof-16\">Ceuta ja toinen Marokon rannikolla sijaitseva espanjalaiskaupunki Melilla muodostavat EU:n ainoat maarajat afrikkalaisen valtion kanssa. Ne kuuluvat vapaan liikkuvuuden Schengen-alueeseen, mutta niist\u00e4 Manner-Espanjaan matkustaville <a class=\"underline underline-offset-[0.12em] [text-decoration-thickness:var(--generic-link-underline-thickness)] [text-decoration-color:var(--generic-link-underline-color)] [text-decoration-skip-ink:var(--generic-link-underline-skip-ink)] break-words\" href=\"https:\/\/www.europarl.europa.eu\/doceo\/document\/E-9-2022-000911-ASW_EN.html\" rel=\"nofollow noopener\" target=\"_blank\">tehd\u00e4\u00e4n<\/a> erillinen henkil\u00f6llisyys- ja asiakirjatarkastus. N\u00e4in ollen Ceutaan luvatta saapuminen ei itsess\u00e4\u00e4n anna oikeutta jatkaa Manner-Espanjaan tai muualle Schengen-alueelle.<\/p>\n","protected":false},"excerpt":{"rendered":"Hein\u00e4kuun lopulla koko Eurooppaa h\u00e4tk\u00e4hdytt\u00e4nyt kymmenientuhansien ihmisten rynt\u00e4ys Espanjalle kuuluvaan Ceutan kaupunkiin Marokon kupeessa on muuttumassa yh\u00e4 suuremmaksi&hellip;\n","protected":false},"author":2,"featured_media":340790,"comment_status":"","ping_status":"","sticky":false,"template":"","format":"standard","meta":{"footnotes":"","_share_on_mastodon":"0"},"categories":[5],"tags":[22,23,26,27,33,31,30,17,46,24,25,28,29,15,18,21,32,19,20,16],"class_list":["post-340789","post","type-post","status-publish","format-standard","has-post-thumbnail","category-otsikot","tag-breaking-news","tag-breakingnews","tag-featured-news","tag-featurednews","tag-fi","tag-finland","tag-finnish","tag-headlines","tag-helsingin-sanomat","tag-latest-news","tag-latestnews","tag-main-news","tag-mainnews","tag-news","tag-otsikot","tag-paauutiset","tag-suomi","tag-top-stories","tag-topstories","tag-uutiset"],"share_on_mastodon":{"url":"https:\/\/pubeurope.com\/@fi\/117209629491857490","error":""},"_links":{"self":[{"href":"https:\/\/www.europesays.com\/fi\/wp-json\/wp\/v2\/posts\/340789","targetHints":{"allow":["GET"]}}],"collection":[{"href":"https:\/\/www.europesays.com\/fi\/wp-json\/wp\/v2\/posts"}],"about":[{"href":"https:\/\/www.europesays.com\/fi\/wp-json\/wp\/v2\/types\/post"}],"author":[{"embeddable":true,"href":"https:\/\/www.europesays.com\/fi\/wp-json\/wp\/v2\/users\/2"}],"replies":[{"embeddable":true,"href":"https:\/\/www.europesays.com\/fi\/wp-json\/wp\/v2\/comments?post=340789"}],"version-history":[{"count":0,"href":"https:\/\/www.europesays.com\/fi\/wp-json\/wp\/v2\/posts\/340789\/revisions"}],"wp:featuredmedia":[{"embeddable":true,"href":"https:\/\/www.europesays.com\/fi\/wp-json\/wp\/v2\/media\/340790"}],"wp:attachment":[{"href":"https:\/\/www.europesays.com\/fi\/wp-json\/wp\/v2\/media?parent=340789"}],"wp:term":[{"taxonomy":"category","embeddable":true,"href":"https:\/\/www.europesays.com\/fi\/wp-json\/wp\/v2\/categories?post=340789"},{"taxonomy":"post_tag","embeddable":true,"href":"https:\/\/www.europesays.com\/fi\/wp-json\/wp\/v2\/tags?post=340789"}],"curies":[{"name":"wp","href":"https:\/\/api.w.org\/{rel}","templated":true}]}}