{"id":340791,"date":"2026-09-03T23:11:43","date_gmt":"2026-09-03T23:11:43","guid":{"rendered":"https:\/\/www.europesays.com\/fi\/340791\/"},"modified":"2026-09-03T23:11:43","modified_gmt":"2026-09-03T23:11:43","slug":"tahdet-ja-avaruus-fyysikon-maailmassa-aikaa-ei-ole-olemassa","status":"publish","type":"post","link":"https:\/\/www.europesays.com\/fi\/340791\/","title":{"rendered":"T\u00e4hdet ja avaruus: Fyysikon maailmassa aikaa ei ole olemassa"},"content":{"rendered":"<p>Ajan k\u00e4site on monitahoisempi kuin uskommekaan, v\u00e4itt\u00e4\u00e4 Carlo Rovelli uutuuskirjassaan. Esimerkiksi\u00a0&#8221;ennen&#8221; ja &#8221;j\u00e4lkeen&#8221; voivat olla suhteellisia k\u00e4sitteit\u00e4 ja riippua havaitsijasta.&#13;<\/p>\n<p class=\"bodytext\">\u201dAika vaikuttaa niin ilmeiselt\u00e4. Mielikuvamme ajasta on kuitenkin v\u00e4\u00e4r\u00e4&#8221;, tykitt\u00e4\u00e4\u00a0italialainen teoreettinen fyysikko Carlo Rovelli.\n<\/p>\n<p>Rovellin mielest\u00e4 ainakin osittain syyn\u00e4 on vajavainen havainto- ja k\u00e4sityskykymme. &#8221;Oman ajattelumme virheiden oivaltaminen on ollut yksi fysiikan suuria yll\u00e4tyksi\u00e4.&#8221;\n<\/p>\n<p>Carlo Rovelli on kirjoittanut vastik\u00e4\u00e4n suomeksi ilmestyneen kirjan Ajan luonne (Ursa, 2018).\n<\/p>\n<p>Siin\u00e4 h\u00e4n kuvailee, miten kokemuksemme ajasta kumpuaa meid\u00e4n ja maailmankaikkeuden v\u00e4lisest\u00e4 vuorovaikutuksesta, joka juuri t\u00e4ss\u00e4 kosmoksen kolkassa on tietynlainen. Universumin muissa osissa tietyt asiat voivat olla eri tavalla.\n<\/p>\n<p>Fysiikan maailmassa ajan k\u00e4sitett\u00e4 ei oikeastaan tarvita lainkaan.\n<\/p>\n<p>\u201dMik\u00e4\u00e4n ei viittaa, ett\u00e4 fysiikan peruslait poikkeaisivat toisistaan maailmankaikkeuden eri kolkissa. Silti jotkin seikat voisivat n\u00e4ytt\u00e4\u00e4 erilaisilta. Tarkoittaahan esimerkiksi \u2019yl\u00f6s\u2019 Sydneyss\u00e4 eri asiaa kuin \u2019yl\u00f6s\u2019 Berliiniss\u00e4. Samalla tavoin \u2019ennen\u2019 ja \u2019j\u00e4lkeen\u2019 saattavat riippua siit\u00e4, miss\u00e4 sattuu olemaan\u201d, Rovelli arvioi.\n<\/p>\n<p>Rovelli on laatinut useita teoksia fysiikan keskeisist\u00e4 aiheista ja popularisoijana h\u00e4nt\u00e4 on jo verrattu edesmenneeseen <strong>Stephen Hawkingiin<\/strong>.\n<\/p>\n<p>Lis\u00e4\u00e4 Rovellin ajatuksia ajasta l\u00f6ytyy perjantaina julkaistavasta T\u00e4hdet ja avaruus -lehdest\u00e4 8\/2018.<\/p>\n","protected":false},"excerpt":{"rendered":"Ajan k\u00e4site on monitahoisempi kuin uskommekaan, v\u00e4itt\u00e4\u00e4 Carlo Rovelli uutuuskirjassaan. Esimerkiksi\u00a0&#8221;ennen&#8221; ja &#8221;j\u00e4lkeen&#8221; voivat olla suhteellisia k\u00e4sitteit\u00e4 ja&hellip;\n","protected":false},"author":2,"featured_media":340792,"comment_status":"","ping_status":"","sticky":false,"template":"","format":"standard","meta":{"footnotes":"","_share_on_mastodon":"0"},"categories":[115],"tags":[20072,42000,41999,33,31,30,455,454,118,38389,32,119],"class_list":["post-340791","post","type-post","status-publish","format-standard","has-post-thumbnail","category-fysiikka","tag-aika","tag-ajan-luonne","tag-carlo-rovelli","tag-fi","tag-finland","tag-finnish","tag-fysiikka","tag-physics","tag-science","tag-stephen-hawking","tag-suomi","tag-tiede"],"share_on_mastodon":{"url":"https:\/\/pubeurope.com\/@fi\/117209640590044056","error":""},"_links":{"self":[{"href":"https:\/\/www.europesays.com\/fi\/wp-json\/wp\/v2\/posts\/340791","targetHints":{"allow":["GET"]}}],"collection":[{"href":"https:\/\/www.europesays.com\/fi\/wp-json\/wp\/v2\/posts"}],"about":[{"href":"https:\/\/www.europesays.com\/fi\/wp-json\/wp\/v2\/types\/post"}],"author":[{"embeddable":true,"href":"https:\/\/www.europesays.com\/fi\/wp-json\/wp\/v2\/users\/2"}],"replies":[{"embeddable":true,"href":"https:\/\/www.europesays.com\/fi\/wp-json\/wp\/v2\/comments?post=340791"}],"version-history":[{"count":0,"href":"https:\/\/www.europesays.com\/fi\/wp-json\/wp\/v2\/posts\/340791\/revisions"}],"wp:featuredmedia":[{"embeddable":true,"href":"https:\/\/www.europesays.com\/fi\/wp-json\/wp\/v2\/media\/340792"}],"wp:attachment":[{"href":"https:\/\/www.europesays.com\/fi\/wp-json\/wp\/v2\/media?parent=340791"}],"wp:term":[{"taxonomy":"category","embeddable":true,"href":"https:\/\/www.europesays.com\/fi\/wp-json\/wp\/v2\/categories?post=340791"},{"taxonomy":"post_tag","embeddable":true,"href":"https:\/\/www.europesays.com\/fi\/wp-json\/wp\/v2\/tags?post=340791"}],"curies":[{"name":"wp","href":"https:\/\/api.w.org\/{rel}","templated":true}]}}