{"id":340793,"date":"2026-09-03T23:20:13","date_gmt":"2026-09-03T23:20:13","guid":{"rendered":"https:\/\/www.europesays.com\/fi\/340793\/"},"modified":"2026-09-03T23:20:13","modified_gmt":"2026-09-03T23:20:13","slug":"amy-slaton-julkaisi-kuvan-itsestaan-seuraajat-hieraisivat-silmiaan","status":"publish","type":"post","link":"https:\/\/www.europesays.com\/fi\/340793\/","title":{"rendered":"Amy Slaton julkaisi kuvan itsest\u00e4\u00e4n \u2013 Seuraajat hieraisivat silmi\u00e4\u00e4n"},"content":{"rendered":"<p>Satakiloiset siskot -ohjelmasta tuttu Amy Slaton on hoikistunut merkitt\u00e4v\u00e4sti vuosien aikana.<\/p>\n<p><img decoding=\"async\" class=\"image image-show image-preview\" src=\"https:\/\/www.europesays.com\/fi\/wp-content\/uploads\/2026\/09\/1b41d0514c458edacf5f7b4ab51e6c0d5026d89e673cdf5cadbf41f9b7a8f9bd.jpg\" alt=\"\"\/><img decoding=\"async\" class=\"image image-show\" src=\"https:\/\/www.europesays.com\/fi\/wp-content\/uploads\/2026\/09\/1788477613_726_1b41d0514c458edacf5f7b4ab51e6c0d5026d89e673cdf5cadbf41f9b7a8f9bd.jpg\" alt=\"\"\/><\/p>\n<p>T\u00e4lt\u00e4 Amy Slaton n\u00e4ytti aiemmin. NIPI<\/p>\n<p class=\"paragraph\">Satakiloiset siskot -ohjelmasta tuttu <strong>Amy Slaton<\/strong>, 38, julkaisi Instagram-tililleen selfien, joka sai seuraajat h\u00e4mm\u00e4stym\u00e4\u00e4n.<\/p>\n<p class=\"paragraph\">Slaton on kokenut vuosien aikana suuren muodonmuutoksen. Slatonin painonpudotusmatkan seuraaminen Satakiloiset siskot -ohjelmassa alkoi vuonna 2020. Slaton painoi el\u00e4m\u00e4ntapamuutoksen alussa 184 kiloa.<\/p>\n<p class=\"paragraph\">Nyky\u00e4\u00e4n Slaton on 90 kiloa kevyempi. Suuri painonpudotusprojekti on vaikuttanut my\u00f6s h\u00e4nen ulkon\u00e4k\u00f6\u00f6ns\u00e4.<\/p>\n<p class=\"paragraph\">Slaton julkaisi Instagram-tililleen selfien, jossa h\u00e4n istuu auton kyydiss\u00e4 ja hymyilee kameralle tyylikk\u00e4\u00e4t aurinkolasit p\u00e4\u00e4ss\u00e4\u00e4n. Hoikistunut ulkon\u00e4k\u00f6 kiinnitti seuraajien huomion.<\/p>\n<p class=\"paragraph\">Kommenttikent\u00e4ss\u00e4 kutsuttiin Slatonia l\u00e4hes tunnistamattomaksi ja upeaksi.<\/p>\n<p class=\"paragraph\">\u2013 N\u00e4yt\u00e4t upealta. Olen niin onnellinen puolestasi.<\/p>\n<p class=\"paragraph\">\u2013 N\u00e4yt\u00e4t uskomattomalta.<\/p>\n<p class=\"paragraph\">\u2013 N\u00e4yt\u00e4t hyv\u00e4lt\u00e4 ja terveelt\u00e4. Jatka samaan malliin.<\/p>\n<p class=\"paragraph\">Katso kuva alapuolelta.<\/p>\n<p class=\"paragraph\">Satakiloiset siskot -ohjelmassa seurataan Amya Slatonia ja h\u00e4nen siskoaan <a href=\"https:\/\/www.iltalehti.fi\/henkilot\/Tammy Slaton\" class=\"article-link-person-page\" rel=\"nofollow noopener\" target=\"_blank\">Tammy Slatonia<\/a>. Molemnmat siskokset ovat pudottaneet merkitt\u00e4v\u00e4sti painoa ohjelman kuvausten aikana.<\/p>\n<p class=\"paragraph\">Slatonille tehtiin mahalaukun ohitusleikkaus vuonna 2019. Leikkaus ja muuttuneet el\u00e4m\u00e4ntavat mahdollistivat Slatonille \u00e4itiyden. H\u00e4nen kaksi lastaan syntyiv\u00e4t vuosina 2020 ja 2022.<\/p>\n","protected":false},"excerpt":{"rendered":"Satakiloiset siskot -ohjelmasta tuttu Amy Slaton on hoikistunut merkitt\u00e4v\u00e4sti vuosien aikana. T\u00e4lt\u00e4 Amy Slaton n\u00e4ytti aiemmin. NIPI Satakiloiset&hellip;\n","protected":false},"author":2,"featured_media":340794,"comment_status":"","ping_status":"","sticky":false,"template":"","format":"standard","meta":{"footnotes":"","_share_on_mastodon":"0"},"categories":[136],"tags":[35,407,137,33,31,30,101,408,99,100,98,32,102,109],"class_list":["post-340793","post","type-post","status-publish","format-standard","has-post-thumbnail","category-julkkikset","tag-24h","tag-celebrities","tag-entertainment","tag-fi","tag-finland","tag-finnish","tag-ihmissuhteet","tag-julkkikset","tag-lapset","tag-lapset-ja-nuoret","tag-perhe","tag-suomi","tag-vanhemmat","tag-viihde"],"share_on_mastodon":{"url":"https:\/\/pubeurope.com\/@fi\/117209676617352838","error":""},"_links":{"self":[{"href":"https:\/\/www.europesays.com\/fi\/wp-json\/wp\/v2\/posts\/340793","targetHints":{"allow":["GET"]}}],"collection":[{"href":"https:\/\/www.europesays.com\/fi\/wp-json\/wp\/v2\/posts"}],"about":[{"href":"https:\/\/www.europesays.com\/fi\/wp-json\/wp\/v2\/types\/post"}],"author":[{"embeddable":true,"href":"https:\/\/www.europesays.com\/fi\/wp-json\/wp\/v2\/users\/2"}],"replies":[{"embeddable":true,"href":"https:\/\/www.europesays.com\/fi\/wp-json\/wp\/v2\/comments?post=340793"}],"version-history":[{"count":0,"href":"https:\/\/www.europesays.com\/fi\/wp-json\/wp\/v2\/posts\/340793\/revisions"}],"wp:featuredmedia":[{"embeddable":true,"href":"https:\/\/www.europesays.com\/fi\/wp-json\/wp\/v2\/media\/340794"}],"wp:attachment":[{"href":"https:\/\/www.europesays.com\/fi\/wp-json\/wp\/v2\/media?parent=340793"}],"wp:term":[{"taxonomy":"category","embeddable":true,"href":"https:\/\/www.europesays.com\/fi\/wp-json\/wp\/v2\/categories?post=340793"},{"taxonomy":"post_tag","embeddable":true,"href":"https:\/\/www.europesays.com\/fi\/wp-json\/wp\/v2\/tags?post=340793"}],"curies":[{"name":"wp","href":"https:\/\/api.w.org\/{rel}","templated":true}]}}